{"id":290994,"date":"2025-08-02T09:04:10","date_gmt":"2025-08-02T09:04:10","guid":{"rendered":"https:\/\/www.europesays.com\/fr\/290994\/"},"modified":"2025-08-02T09:04:10","modified_gmt":"2025-08-02T09:04:10","slug":"un-ete-cruel-pour-le-second-mandat-dursula-von-der-leyen","status":"publish","type":"post","link":"https:\/\/www.europesays.com\/fr\/290994\/","title":{"rendered":"Un \u00e9t\u00e9 cruel pour le second mandat d&rsquo;Ursula von der Leyen"},"content":{"rendered":"<p>          <img decoding=\"async\" class=\"c-ad__placeholder__logo\" src=\"https:\/\/static.euronews.com\/website\/images\/logos\/logo-euronews-stacked-outlined-72x72-grey-9.svg\" width=\"72\" height=\"72\" alt=\"\" loading=\"lazy\"\/><br \/>\n          PUBLICIT\u00c9<\/p>\n<p>On peut supposer qu&rsquo;Ursula von der Leyen attend avec impatience ses vacances d&rsquo;\u00e9t\u00e9.<\/p>\n<p>Ce mois de juillet, qui est g\u00e9n\u00e9ralement un mois de faible intensit\u00e9 dans la politique bruxelloise, n&rsquo;a \u00e9t\u00e9 rien de moins qu&rsquo;un tourbillon pour la pr\u00e9sidente de la Commission europ\u00e9enne, avec des d\u00e9cisions cons\u00e9quentes et des moments charni\u00e8res qui pourraient remodeler la trajectoire de son mandat de cinq ans.<\/p>\n<p>Personne ne s&rsquo;attendait \u00e0 ce que son deuxi\u00e8me mandat soit facile, surtout pas apr\u00e8s la victoire \u00e9lectorale de Donald Trump, un homme dont les convictions sont en contradiction directe avec la d\u00e9fense par l&rsquo;Union europ\u00e9enne de r\u00e8gles pr\u00e9visibles, de march\u00e9s ouverts et de coop\u00e9ration internationale.<\/p>\n<p>Pourtant, les \u00e9v\u00e9nements des cinq derni\u00e8res semaines, un m\u00e9lange puissant de querelles internes, de troubles mondiaux et d&rsquo;examen personnel, fissurent l&rsquo;image \u00e9troitement contr\u00f4l\u00e9e de la pr\u00e9sidente et la rendent vuln\u00e9rable \u00e0 une sorte de critique acerbe qu&rsquo;elle avait jusqu&rsquo;alors \u00e9vit\u00e9e.<\/p>\n<p>Voici comment l&rsquo;\u00e9t\u00e9 de Mme von der Leyen est devenu plus cruel et plus sombre.<\/p>\n<p>Tout d&rsquo;abord, la motion<\/p>\n<p>Mme von der Leyen n&rsquo;a jamais entretenu de relations tr\u00e8s harmonieuses avec le Parlement europ\u00e9en. Les d\u00e9put\u00e9s europ\u00e9ens se sont r\u00e9guli\u00e8rement plaints de la pr\u00e9f\u00e9rence bien connue de la pr\u00e9sidente pour les relations avec les \u00c9tats membres, v\u00e9ritables d\u00e9tenteurs du pouvoir politique, et de sa tendance \u00e0 traiter l&rsquo;h\u00e9micycle comme un l\u00e9gislateur de second ordre.<\/p>\n<p>Les tensions et le m\u00e9contentement couvaient depuis des mois lorsqu&rsquo;un l\u00e9gislateur de la droite dure, le Roumain Gheorghe Piperea, a r\u00e9dig\u00e9 une motion de censure contre la Commission europ\u00e9enne et a r\u00e9ussi \u00e0 obtenir les 72 signatures n\u00e9cessaires pour la soumettre au vote.<\/p>\n<p>La motion de Piperea, qui associait<a href=\"https:\/\/fr.euronews.com\/my-europe\/2025\/05\/14\/sms-dursula-von-der-leyen-la-commission-europeenne-perd-dans-laffaire-du-pfizergate\" rel=\"nofollow noopener\" target=\"_blank\"> <strong>le scandale du Pfizergate<\/strong><\/a> \u00e0 des conspirations sur l&rsquo;ing\u00e9rence \u00e9lectorale, n&rsquo;a jamais eu de chance r\u00e9aliste d&rsquo;aboutir. Cette proposition farfelue <a href=\"https:\/\/fr.euronews.com\/my-europe\/2025\/07\/10\/la-commission-europeenne-de-mme-von-der-leyen-survit-au-vote-de-confiance-du-parlement\" rel=\"nofollow noopener\" target=\"_blank\"><strong>a finalement \u00e9t\u00e9 rejet\u00e9e<\/strong><\/a> par 360 voix contre 175.<\/p>\n<p>Mais l&rsquo;arithm\u00e9tique n&rsquo;\u00e9tait pas la question.<\/p>\n<p>La motion a plac\u00e9 von der Leyen dans une rare position de d\u00e9fi. La pr\u00e9sidente de la Commission <a href=\"https:\/\/fr.euronews.com\/my-europe\/2025\/07\/07\/face-a-une-motion-de-censure-ursula-von-der-leyen-denonce-les-marionnettes-russes\" rel=\"nofollow noopener\" target=\"_blank\"><strong>a \u00e9t\u00e9 contrainte de<\/strong><\/a> r\u00e9pondre, une \u00e0 une, aux accusations port\u00e9es contre elle par Piperea, les rejetant toutes comme de \u00ab\u00a0fausses affirmations\u00a0\u00bb et de \u00ab\u00a0sinistres complots\u00a0\u00bb.<\/p>\n<p>Les socialistes, les lib\u00e9raux et les verts, qui avaient tous soutenu sa r\u00e9\u00e9lection l&rsquo;ann\u00e9e derni\u00e8re, ont saisi l&rsquo;occasion pour exprimer leur frustration refoul\u00e9e et dresser une liste de r\u00e9criminations, soulevant de s\u00e9rieuses questions quant \u00e0 la viabilit\u00e9 de la coalition centriste.<\/p>\n<p>\u00ab\u00a0Je serai toujours pr\u00eate \u00e0 d\u00e9battre de n&rsquo;importe quel sujet que cette maison souhaite, avec des faits et des arguments\u00a0\u00bb, a-t-elle d\u00e9clar\u00e9, offrant un rameau d&rsquo;olivier pour \u00ab\u00a0l&rsquo;unit\u00e9\u00a0\u00bb.<\/p>\n<p>La saga a polaris\u00e9 le Parlement et affaibli Mme von der Leyen. Elle a surtout montr\u00e9 qu&rsquo;il est relativement facile pour les d\u00e9put\u00e9s europ\u00e9ens de d\u00e9poser une motion de censure \u00e0 n&rsquo;importe quel moment. Manon Aubry, codirigeante de la Gauche, a commenc\u00e9 \u00e0 collecter des signatures pour une nouvelle tentative.<\/p>\n<p>Ensuite, le budget<\/p>\n<p>Bless\u00e9e par la motion de censure, Mme von der Leyen a chang\u00e9 de vitesse pour se concentrer sur ce qui devait \u00eatre sa plus grande annonce de l&rsquo;ann\u00e9e : la proposition tant attendue de la Commission pour le prochain budget septennal de l&rsquo;Union (2028-2034).<\/p>\n<p>C&rsquo;\u00e9tait l&rsquo;occasion id\u00e9ale pour Mme von der Leyen de montrer sa gravit\u00e9 politique, de recadrer la conversation et de tourner la page d&rsquo;un vote acrimonieux.<\/p>\n<p>En effet, la proposition a \u00e9t\u00e9 entach\u00e9e par des luttes internes sur la taille totale du budget, la restructuration des programmes et l&rsquo;allocation financi\u00e8re pour chaque priorit\u00e9.<\/p>\n<p>Son id\u00e9e novatrice de fusionner les fonds agricoles et les fonds de coh\u00e9sion en<a href=\"https:\/\/fr.euronews.com\/my-europe\/2025\/07\/14\/la-commission-europeenne-envisage-de-fusionner-les-fonds-agricoles-et-regionaux-projet-fui\" rel=\"nofollow noopener\" target=\"_blank\"> <strong>une seule enveloppe<\/strong><\/a> a fait l&rsquo;objet d&rsquo;une fuite \u00e0 l&rsquo;avance et a suscit\u00e9 des critiques imm\u00e9diates de la part du puissant lobby agricole. Le penchant de son cabinet <a href=\"https:\/\/fr.euronews.com\/my-europe\/2025\/07\/15\/la-mere-des-batailles-pour-lue-quels-sont-les-enjeux-du-nouveau-budget-pluriannuel\" rel=\"nofollow noopener\" target=\"_blank\"><strong>pour le secret<\/strong><\/a> a pouss\u00e9 les autres commissaires \u00e0 se d\u00e9mener pour savoir de combien d&rsquo;argent ils disposeraient \u00e0 l&rsquo;avenir pour leurs portefeuilles.<\/p>\n<p>Au moment o\u00f9 Mme von der Leyen a d\u00e9voil\u00e9 <a href=\"https:\/\/fr.euronews.com\/my-europe\/2025\/07\/16\/ursula-von-der-leyen-devoile-un-nouveau-budget-europeen-strategique-et-ambitieux-de-2-000-\" rel=\"nofollow noopener\" target=\"_blank\"><strong>le budget de 2 000 milliards d&rsquo;euros<\/strong><\/a>, le plus important jamais pr\u00e9sent\u00e9, l&rsquo;attention \u00e9tait partag\u00e9e entre son projet novateur et le drame qui s&rsquo;est jou\u00e9 en coulisses et qui s&rsquo;est prolong\u00e9 toute la nuit jusqu&rsquo;\u00e0 la r\u00e9union finale.<\/p>\n<p>Lors de la conf\u00e9rence de presse, la pr\u00e9sidente s&rsquo;est vu poser la question embarrassante de savoir si elle avait trait\u00e9 ses 26 commissaires avec \u00e9quit\u00e9 et respect.<\/p>\n<p>\u00ab\u00a0Tout le monde n&rsquo;\u00e9tait pas satisfait\u00a0\u00bb, a-t-elle d\u00e9clar\u00e9, expliquant les consultations individuelles.<\/p>\n<p>\u00ab\u00a0Il y a un fort soutien. La d\u00e9cision coll\u00e9giale est prise. Et maintenant, nous devons nous battre pour faire progresser ce budget au cours des deux prochaines ann\u00e9es\u00a0\u00bb.<\/p>\n<p>Plus tard, le sommet<\/p>\n<p>\u00ab\u00a0Insoutenable\u00a0\u00bb.<\/p>\n<p>C&rsquo;est ainsi que les fonctionnaires de la Commission ont d\u00e9crit l&rsquo;\u00e9tat des relations entre l&rsquo;UE et la Chine en pr\u00e9vision du sommet bilat\u00e9ral de P\u00e9kin, dont les enjeux sont consid\u00e9rables.<\/p>\n<p>L&rsquo;utilisation g\u00e9n\u00e9reuse par la Chine de subventions publiques pour stimuler la production nationale, malgr\u00e9 l&rsquo;absence d&rsquo;une demande int\u00e9rieure capable de l&rsquo;absorber, a provoqu\u00e9 la <a href=\"https:\/\/fr.euronews.com\/my-europe\/2025\/06\/17\/von-der-leyen-denonce-le-chantage-de-la-chine-lors-du-sommet-du-g7\" rel=\"nofollow noopener\" target=\"_blank\"><strong>fureur de Bruxelles<\/strong><\/a>, qui craint que cette course effr\u00e9n\u00e9e vers le bas ne d\u00e9cime l&rsquo;industrie europ\u00e9enne. La d\u00e9cision de P\u00e9kin de r\u00e9duire les exportations de mati\u00e8res premi\u00e8res essentielles, d&rsquo;entraver l&rsquo;acc\u00e8s au march\u00e9 pour les entreprises \u00e9trang\u00e8res et de poursuivre son \u00ab\u00a0partenariat sans limites\u00a0\u00bb avec Moscou a ajout\u00e9 aux tensions accumul\u00e9es.<\/p>\n<p>Malgr\u00e9 le besoin urgent de changements tangibles, Ursula von der Leyen a quitt\u00e9 le sommet <a href=\"https:\/\/fr.euronews.com\/my-europe\/2025\/07\/24\/lue-salue-les-progres-chinois-sur-les-terres-rares-mais-insiste-pour-un-reequilibrage-de-l\" rel=\"nofollow noopener\" target=\"_blank\"><strong>avec peu de choses \u00e0 montrer<\/strong><\/a>. Un nouvel engagement a \u00e9t\u00e9 pris pour rem\u00e9dier aux goulets d&rsquo;\u00e9tranglement dans l&rsquo;approvisionnement en terres rares et une d\u00e9claration commune sur l&rsquo;action en faveur du climat a \u00e9t\u00e9 adopt\u00e9e. En dehors de cela, aucun progr\u00e8s n&rsquo;a \u00e9t\u00e9 r\u00e9alis\u00e9 et les principaux points de friction n&rsquo;ont manifestement pas \u00e9t\u00e9 abord\u00e9s.<\/p>\n<p>\u00ab\u00a0Nous avons atteint un point d&rsquo;inflexion \u00e9vident\u00a0\u00bb, a d\u00e9clar\u00e9 Mme von der Leyen \u00e0 la presse.<\/p>\n<p>\u00ab\u00a0Comme nous l&rsquo;avons dit aux dirigeants chinois, pour que le commerce reste mutuellement b\u00e9n\u00e9fique, il doit devenir plus \u00e9quilibr\u00e9. L&rsquo;Europe accueille favorablement la concurrence. Mais elle doit \u00eatre \u00e9quitable.<\/p>\n<p>Ce sommet d\u00e9cevant laisse penser que les relations entre l&rsquo;UE et la Chine resteront conflictuelles dans un avenir pr\u00e9visible, coin\u00e7ant Mme von der Leyen entre deux voies p\u00e9rilleuses : riposter et risquer d&rsquo;affronter la col\u00e8re de P\u00e9kin ou offrir des concessions qui risquent de ne pas \u00eatre r\u00e9ciproques.<\/p>\n<p>\u00ab\u00a0Avec ses contr\u00f4les sur les terres rares, la Chine a donn\u00e9 \u00e0 l&rsquo;Europe un aper\u00e7u des ravages qu&rsquo;elle peut causer si la bataille commerciale s&rsquo;envenime\u00a0\u00bb, \u00e9crit Noah Barkin, chercheur principal au German Marshall Fund, dans sa derni\u00e8re lettre d&rsquo;information.<\/p>\n<p>\u00ab\u00a0Mais si l&rsquo;Europe ne parvient pas \u00e0 riposter avec force, en lan\u00e7ant tous les outils commerciaux d\u00e9fensifs dont elle dispose contre la Chine, les dommages \u00e0 long terme caus\u00e9s \u00e0 sa base industrielle risquent d&rsquo;\u00eatre profonds\u00a0\u00bb.<\/p>\n<p>Et enfin, l&rsquo;accord<\/p>\n<p>L&rsquo;admiration d&rsquo;Ursula von der Leyen pour l&rsquo;alliance transatlantique a \u00e9t\u00e9 mise \u00e0 rude \u00e9preuve le 2 avril 2025, lorsque Donald Trump a d\u00e9voil\u00e9 ses tarifs douaniers \u00ab\u00a0r\u00e9ciproques\u00a0\u00bb litigieux afin de redessiner \u00e0 lui seul l&rsquo;ordre \u00e9conomique construit \u00e0 la fin de la Seconde Guerre mondiale.<\/p>\n<p>Ce jour fatidique a d\u00e9clench\u00e9 des n\u00e9gociations fr\u00e9n\u00e9tiques afin d&rsquo;\u00e9pargner \u00e0 l&rsquo;Union europ\u00e9enne, orient\u00e9e vers l&rsquo;exportation, les droits de douane radicaux de M. Trump. Son ultimatum d&rsquo;appliquer un <a href=\"https:\/\/fr.euronews.com\/business\/2025\/07\/12\/donald-trump-annonce-des-droits-de-douane-de-30-pour-lue\" rel=\"nofollow noopener\" target=\"_blank\"><strong>taux g\u00e9n\u00e9ral de 30 %<\/strong><\/a>, formul\u00e9 dans une lettre adress\u00e9e \u00e0 Mme von der Leyen, a provoqu\u00e9 une panique palpable \u00e0 Bruxelles.<\/p>\n<p>La date butoir du 1er ao\u00fbt se rapprochant de plus en plus, le chef de la Commission s&rsquo;est envol\u00e9 pour l&rsquo;\u00c9cosse et a rencontr\u00e9 M. Trump dans une ultime tentative de conclure une sorte d&rsquo;accord.<\/p>\n<p>Ces pourparlers ont d\u00e9bouch\u00e9 sur un accord pr\u00e9voyant l&rsquo;application de droits de douane de 15 % sur la majorit\u00e9 des produits de l&rsquo;UE et de 0 % sur la majorit\u00e9 des produits am\u00e9ricains. En outre, le bloc s&rsquo;est engag\u00e9 \u00e0 d\u00e9penser la somme \u00e9tonnante de 750 milliards de dollars en \u00e9nergie am\u00e9ricaine et \u00e0 investir 600 milliards de dollars sur le march\u00e9 am\u00e9ricain d&rsquo;ici la fin du mandat de M. Trump.<\/p>\n<p>Le toll\u00e9 a \u00e9t\u00e9 fort et rapide: les critiques ont parl\u00e9 de capitulation, d&rsquo;humiliation et de soumission pour d\u00e9crier la nature extr\u00eamement d\u00e9s\u00e9quilibr\u00e9e de l&rsquo;accord, qui codifie les droits de douane les plus \u00e9lev\u00e9s que le commerce transatlantique ait connus depuis plus de 70 ans.<\/p>\n<p>Mme Von der Leyen, qui venait de s&rsquo;opposer fermement aux exigences de P\u00e9kin, s&rsquo;est efforc\u00e9e d&rsquo;expliquer pourquoi elle avait fait des concessions d&rsquo;une telle ampleur pour satisfaire M. Trump.<\/p>\n<p>\u00ab\u00a0Il ne faut pas sous-estimer les 15 %, mais c&rsquo;est le mieux que nous puissions obtenir\u00a0\u00bb, a-t-elle d\u00e9clar\u00e9.<\/p>\n<p>L&rsquo;accord, qui est en fait d\u00e9savantageux pour l&rsquo;Union europ\u00e9enne, ternit la r\u00e9putation de Mme von der Leyen en tant que gestionnaire en chef fiable et menace de devenir une \u00e9pine douloureuse dans son second mandat, qui est cens\u00e9 donner la priorit\u00e9 \u00e0 la comp\u00e9titivit\u00e9 et \u00e0 la croissance.<\/p>\n<p>En tout \u00e9tat de cause, elle pourrait se consoler en constatant qu&rsquo;aucun des 27 dirigeants de l&rsquo;UE ne semble avoir l&rsquo;estomac de d\u00e9molir l&rsquo;accord et de reprendre les n\u00e9gociations depuis le d\u00e9but.<\/p>\n<p>\u00ab\u00a0L&rsquo;Europe ne se consid\u00e8re pas encore comme une puissance\u00a0\u00bb, a d\u00e9clar\u00e9 le pr\u00e9sident fran\u00e7ais Emmanuel Macron. \u00ab\u00a0Pour \u00eatre libre, il faut \u00eatre craint. Nous n&rsquo;avons pas \u00e9t\u00e9 assez craints.<\/p>\n","protected":false},"excerpt":{"rendered":"PUBLICIT\u00c9 On peut supposer qu&rsquo;Ursula von der Leyen attend avec impatience ses vacances d&rsquo;\u00e9t\u00e9. Ce mois de juillet,&hellip;\n","protected":false},"author":2,"featured_media":290995,"comment_status":"","ping_status":"","sticky":false,"template":"","format":"standard","meta":{"footnotes":""},"categories":[1586],"tags":[11,2196,1777,674,1779,1011,27,12,25,1778,364,2544],"class_list":{"0":"post-290994","1":"post","2":"type-post","3":"status-publish","4":"format-standard","5":"has-post-thumbnail","7":"category-europe","8":"tag-actualites","9":"tag-commission-europeenne","10":"tag-eu","11":"tag-europe","12":"tag-european-union","13":"tag-fr","14":"tag-france","15":"tag-news","16":"tag-republique-francaise","17":"tag-ue","18":"tag-union-europeenne","19":"tag-ursula-von-der-leyen"},"share_on_mastodon":{"url":"https:\/\/pubeurope.com\/@fr\/114958372913829242","error":""},"_links":{"self":[{"href":"https:\/\/www.europesays.com\/fr\/wp-json\/wp\/v2\/posts\/290994","targetHints":{"allow":["GET"]}}],"collection":[{"href":"https:\/\/www.europesays.com\/fr\/wp-json\/wp\/v2\/posts"}],"about":[{"href":"https:\/\/www.europesays.com\/fr\/wp-json\/wp\/v2\/types\/post"}],"author":[{"embeddable":true,"href":"https:\/\/www.europesays.com\/fr\/wp-json\/wp\/v2\/users\/2"}],"replies":[{"embeddable":true,"href":"https:\/\/www.europesays.com\/fr\/wp-json\/wp\/v2\/comments?post=290994"}],"version-history":[{"count":0,"href":"https:\/\/www.europesays.com\/fr\/wp-json\/wp\/v2\/posts\/290994\/revisions"}],"wp:featuredmedia":[{"embeddable":true,"href":"https:\/\/www.europesays.com\/fr\/wp-json\/wp\/v2\/media\/290995"}],"wp:attachment":[{"href":"https:\/\/www.europesays.com\/fr\/wp-json\/wp\/v2\/media?parent=290994"}],"wp:term":[{"taxonomy":"category","embeddable":true,"href":"https:\/\/www.europesays.com\/fr\/wp-json\/wp\/v2\/categories?post=290994"},{"taxonomy":"post_tag","embeddable":true,"href":"https:\/\/www.europesays.com\/fr\/wp-json\/wp\/v2\/tags?post=290994"}],"curies":[{"name":"wp","href":"https:\/\/api.w.org\/{rel}","templated":true}]}}