{"id":290998,"date":"2025-08-02T09:06:10","date_gmt":"2025-08-02T09:06:10","guid":{"rendered":"https:\/\/www.europesays.com\/fr\/290998\/"},"modified":"2025-08-02T09:06:10","modified_gmt":"2025-08-02T09:06:10","slug":"arrets-de-travail-injustifies-une-desinformation-orchestree-liberation","status":"publish","type":"post","link":"https:\/\/www.europesays.com\/fr\/290998\/","title":{"rendered":"Arr\u00eats de travail \u00abinjustifi\u00e9s\u00bb : une d\u00e9sinformation orchestr\u00e9e &#8211; Lib\u00e9ration"},"content":{"rendered":"<ol>\n<li><a href=\"https:\/\/news.google.com\/rss\/articles\/CBMi0gFBVV95cUxQYzVLeHIybldReV9jX19hNlZ6TTFfSnpFRDRlT0dNMGpXeXlqUmNaNW1UaTkyWjc5X2N2SkVtLWVTZ3QwemJvWDJKXzk2QnktcGZpbFJ3eVRIS29UeGxteXBnWTQ0MTRlTVkxUF8wRGJmZExUbkZVYkpIZDNnQW1jM0I2RWp6UDlSdmY3N1BJS1V3R2tJc0c4SnlVdWdGRjl1LWRubWRSRlJ3Z2RxTEh1eXBIMWVmY3p0VEVNa243Tk9WNlhwWVd2elJHU016aHIxcWc?oc=5\" target=\"_blank\" rel=\"noopener\">Arr\u00eats de travail \u00abinjustifi\u00e9s\u00bb : une d\u00e9sinformation orchestr\u00e9e<\/a>&nbsp;&nbsp;Lib\u00e9ration<\/li>\n<li><a href=\"https:\/\/news.google.com\/rss\/articles\/CBMixgFBVV95cUxPS3I5REJZRVd4TlUwZERoMm51Z0NVUm11ZUwwZ1FnU2dJa052UnREczU0VDA3UUhRSnNMWDdxb1M2NlhtcFZkNHRZMWhCS210d2RDQk80b241Z2Nxdm9UZDY2dUFkQU02TGpJUEhQelhteF9uUUJpc29MQmJrNEYzWmdwRmJhYWdabGFKVC1CcVd0OTRtWTEycnB5ZTNpS1lpcnZ4U3hUdVJEMFBnSm5sVVlPSEhkM3lQbnA0WjVKV3ZKYW90bWc?oc=5\" target=\"_blank\" rel=\"noopener\">Loire. \u00c9pingl\u00e9e parce qu&rsquo;elle prescrivait trop d&rsquo;arr\u00eats de travail, cette m\u00e9decin exerce avec \u00ab la peur \u00bb<\/a>&nbsp;&nbsp;Le Progr\u00e8s<\/li>\n<li><a href=\"https:\/\/news.google.com\/rss\/articles\/CBMivwFBVV95cUxQNmIycWdIalpEUVJXeVY2elptZWttcmlhcFZ0SHAyU21jbkRfRHJ0SEhZWFFYSzBGMWZzWWVtdGcxbE5OQXRWRTNKYTdCQzZfOTRYR3M4OFUtb3FsazBvaEpVdmxxU2ZWbHB5eENDcWlISjF5TWl1cDV6R2J4NFpaY0ZJYmQ0akVmSXZtODFFaXdtZzF5VlpkMXBkdWZPRVdiS2sxeHEyQVVuU2kyMWlEcnh5RTQwZlJ1bTRDdlBHVQ?oc=5\" target=\"_blank\" rel=\"noopener\">Loire. La CPAM veut \u00ab identifier les solutions pour les patients en arr\u00eat de longue dur\u00e9e \u00bb<\/a>&nbsp;&nbsp;Le Progr\u00e8s<\/li>\n<li><a href=\"https:\/\/news.google.com\/rss\/articles\/CBMizwFBVV95cUxNR2pfZHA5RGg5QVFyY2lvZXE0OUQ0RTI3b004MlRSdldvR3V2SzYzS0xkcW1HQnd5c2gxSTB5NTlVZXdOanVOTUZxVi1kMGlJSTJLU04yODUteXhHSGtQYUxhUGRMT1NFRlpyUmVaeUllYWRocFJJT0tWNGdhdHRoSGRUdmVhYThoUzNnT3BBX0NFMlVMeWk0d0RIb2w5V1drVEo0UjRCRE5WYjlnaVVTeFhaSFFiWnhBYmdJN1RJRXR0TXNUUDdTaEFzZTM3YnM?oc=5\" target=\"_blank\" rel=\"noopener\">\u00ab C\u2019est humiliant \u00bb : ces m\u00e9decins doivent s\u2019expliquer sur les arr\u00eats de travail de leurs patients<\/a>&nbsp;&nbsp;Le Progr\u00e8s<\/li>\n<\/ol>\n","protected":false},"excerpt":{"rendered":"Arr\u00eats de travail \u00abinjustifi\u00e9s\u00bb : une d\u00e9sinformation orchestr\u00e9e&nbsp;&nbsp;Lib\u00e9ration Loire. \u00c9pingl\u00e9e parce qu&rsquo;elle prescrivait trop d&rsquo;arr\u00eats de travail, cette&hellip;\n","protected":false},"author":2,"featured_media":290999,"comment_status":"","ping_status":"","sticky":false,"template":"","format":"standard","meta":{"footnotes":""},"categories":[2],"tags":[11,1011,27,33273,12,25],"class_list":{"0":"post-290998","1":"post","2":"type-post","3":"status-publish","4":"format-standard","5":"has-post-thumbnail","7":"category-actualites","8":"tag-actualites","9":"tag-fr","10":"tag-france","11":"tag-journal-epidemie-coronavirus-lehmann","12":"tag-news","13":"tag-republique-francaise"},"share_on_mastodon":{"url":"https:\/\/pubeurope.com\/@fr\/114958380799241951","error":""},"_links":{"self":[{"href":"https:\/\/www.europesays.com\/fr\/wp-json\/wp\/v2\/posts\/290998","targetHints":{"allow":["GET"]}}],"collection":[{"href":"https:\/\/www.europesays.com\/fr\/wp-json\/wp\/v2\/posts"}],"about":[{"href":"https:\/\/www.europesays.com\/fr\/wp-json\/wp\/v2\/types\/post"}],"author":[{"embeddable":true,"href":"https:\/\/www.europesays.com\/fr\/wp-json\/wp\/v2\/users\/2"}],"replies":[{"embeddable":true,"href":"https:\/\/www.europesays.com\/fr\/wp-json\/wp\/v2\/comments?post=290998"}],"version-history":[{"count":0,"href":"https:\/\/www.europesays.com\/fr\/wp-json\/wp\/v2\/posts\/290998\/revisions"}],"wp:featuredmedia":[{"embeddable":true,"href":"https:\/\/www.europesays.com\/fr\/wp-json\/wp\/v2\/media\/290999"}],"wp:attachment":[{"href":"https:\/\/www.europesays.com\/fr\/wp-json\/wp\/v2\/media?parent=290998"}],"wp:term":[{"taxonomy":"category","embeddable":true,"href":"https:\/\/www.europesays.com\/fr\/wp-json\/wp\/v2\/categories?post=290998"},{"taxonomy":"post_tag","embeddable":true,"href":"https:\/\/www.europesays.com\/fr\/wp-json\/wp\/v2\/tags?post=290998"}],"curies":[{"name":"wp","href":"https:\/\/api.w.org\/{rel}","templated":true}]}}