{"id":291006,"date":"2025-08-02T09:11:09","date_gmt":"2025-08-02T09:11:09","guid":{"rendered":"https:\/\/www.europesays.com\/fr\/291006\/"},"modified":"2025-08-02T09:11:09","modified_gmt":"2025-08-02T09:11:09","slug":"wta-montreal-nathalie-tauziat-coach-de-victoria-mboko-si-elle-reste-en-bonne-sante-elle-est-capable-de-tout","status":"publish","type":"post","link":"https:\/\/www.europesays.com\/fr\/291006\/","title":{"rendered":"WTA &#8211; Montr\u00e9al > Nathalie Tauziat (coach de Victoria Mboko) : \u00ab Si elle reste en bonne sant\u00e9, elle est capable de tout \u00bb"},"content":{"rendered":"<p><a href=\"https:\/\/www.welovetennis.fr\/wta\/wta-montreal\/la-sensation-victoria-mboko-sempare-du-canada\" data-wpel-link=\"internal\" target=\"_blank\" rel=\"noopener\">Victoria Mboko est la sensa\u00adtion de l\u2019ann\u00e9e 2025 sur le circuit WTA<\/a>, et elle choisit bien son moment pour un premier beau parcours en WTA 1000, \u00e0 domi\u00adcile, au Canada.<\/p>\n<p>Avant d\u2019af\u00adfronter Coco Gauff, sa coach, Nathalie Tauziat, ancienne N\u00b03 mondiale, a exprim\u00e9 toute sa fiert\u00e9 et son ambi\u00adtion, expli\u00adquant que sa joueuse n\u2019avait aucune limite.<\/p>\n<p><strong>\u00ab\u202fJe connais Vicky depuis ses 14\u00a0ans. Sa fa\u00e7on de frapper la balle est impres\u00adsion\u00adnante, elle a de superbes coups. Cette ann\u00e9e, elle s\u2019est investie \u00e0 fond dans son projet d\u00e8s le d\u00e9but\u202f; on lui demande des choses qui ne sont pas faciles pour une jeune de 18\u201319\u00a0ans, mais elle les fait. Elle sait pour\u00adquoi elle est l\u00e0 et elle pers\u00e9\u00adv\u00e8re. L\u2019important pour nous est de la garder en bonne sant\u00e9, sans bles\u00adsure. Ce n\u2019est pas qu\u2019elle joue mieux, elle est juste capable de jouer \u00e0 ce niveau. Elle est au niveau des meilleures. Si elle est en bonne sant\u00e9, travaille dur et main\u00adtient sa routine, elle peut battre n\u2019importe qui.\u202f\u00bb<\/strong><\/p>\n<p class=\"post-published-date\" style=\"color: silver; font-size: 75%; text-align: left;\">Publi\u00e9 le samedi 2 ao\u00fbt 2025 \u00e0 09:22<\/p>\n","protected":false},"excerpt":{"rendered":"Victoria Mboko est la sensa\u00adtion de l\u2019ann\u00e9e 2025 sur le circuit WTA, et elle choisit bien son moment&hellip;\n","protected":false},"author":2,"featured_media":291007,"comment_status":"","ping_status":"","sticky":false,"template":"","format":"standard","meta":{"footnotes":""},"categories":[1415],"tags":[1011,27,43024,60,1467],"class_list":{"0":"post-291006","1":"post","2":"type-post","3":"status-publish","4":"format-standard","5":"has-post-thumbnail","7":"category-tennis","8":"tag-fr","9":"tag-france","10":"tag-mboko","11":"tag-sports","12":"tag-tennis"},"share_on_mastodon":{"url":"https:\/\/pubeurope.com\/@fr\/114958400414819517","error":""},"_links":{"self":[{"href":"https:\/\/www.europesays.com\/fr\/wp-json\/wp\/v2\/posts\/291006","targetHints":{"allow":["GET"]}}],"collection":[{"href":"https:\/\/www.europesays.com\/fr\/wp-json\/wp\/v2\/posts"}],"about":[{"href":"https:\/\/www.europesays.com\/fr\/wp-json\/wp\/v2\/types\/post"}],"author":[{"embeddable":true,"href":"https:\/\/www.europesays.com\/fr\/wp-json\/wp\/v2\/users\/2"}],"replies":[{"embeddable":true,"href":"https:\/\/www.europesays.com\/fr\/wp-json\/wp\/v2\/comments?post=291006"}],"version-history":[{"count":0,"href":"https:\/\/www.europesays.com\/fr\/wp-json\/wp\/v2\/posts\/291006\/revisions"}],"wp:featuredmedia":[{"embeddable":true,"href":"https:\/\/www.europesays.com\/fr\/wp-json\/wp\/v2\/media\/291007"}],"wp:attachment":[{"href":"https:\/\/www.europesays.com\/fr\/wp-json\/wp\/v2\/media?parent=291006"}],"wp:term":[{"taxonomy":"category","embeddable":true,"href":"https:\/\/www.europesays.com\/fr\/wp-json\/wp\/v2\/categories?post=291006"},{"taxonomy":"post_tag","embeddable":true,"href":"https:\/\/www.europesays.com\/fr\/wp-json\/wp\/v2\/tags?post=291006"}],"curies":[{"name":"wp","href":"https:\/\/api.w.org\/{rel}","templated":true}]}}