{"id":291010,"date":"2025-08-02T09:14:10","date_gmt":"2025-08-02T09:14:10","guid":{"rendered":"https:\/\/www.europesays.com\/fr\/291010\/"},"modified":"2025-08-02T09:14:10","modified_gmt":"2025-08-02T09:14:10","slug":"lewis-hamilton-et-la-malediction-de-ferrari","status":"publish","type":"post","link":"https:\/\/www.europesays.com\/fr\/291010\/","title":{"rendered":"Lewis Hamilton et la mal\u00e9diction de Ferrari"},"content":{"rendered":"<p>Le septuple champion du monde n\u2019est toujours pas mont\u00e9 sur le podium cette saison. Il doit se reprendre lors du GP de Hongrie avant la pause estivale.<\/p>\n<p>La semaine pass\u00e9e \u00e9tait une bonne semaine pour Lewis Hamilton\u00a0:<a href=\"https:\/\/www.parismatch.com\/actu\/sport\/gp-de-belgique-la-pluie-sauvera-t-elle-la-formule-1-254820\" rel=\"nofollow noopener\" target=\"_blank\"> au GP de Spa<\/a>, il a termin\u00e9 \u00e0 la septi\u00e8me position. Il \u00e9tait parti 18e. Voil\u00e0 comment se profile <a href=\"https:\/\/www.parismatch.com\/actu\/sport\/lewis-hamilton-marque-son-arrivee-chez-ferrari-avec-une-photo-iconique-246159\" rel=\"nofollow noopener\" target=\"_blank\">la premi\u00e8re saison du septuple champion du monde de Formule 1 chez Ferrari<\/a>\u00a0: des joies simples et contenues. Le Britannique n\u2019est pas mont\u00e9 sur le podium <a href=\"https:\/\/www.parismatch.com\/actu\/sport\/formule-1-le-programme-de-la-saison-2025-247164\" rel=\"nofollow noopener\" target=\"_blank\">une seule fois sur 13 Grands Prix<\/a>, son meilleur r\u00e9sultat est une quatri\u00e8me place. Il n\u2019a plus connu les joies de la c\u00e9r\u00e9monie du champagne depuis Las Vegas l\u2019an pass\u00e9. Au classement des pilotes, il est sixi\u00e8me, loin derri\u00e8re son co\u00e9quipier Charles Leclerc (30 points d\u2019\u00e9cart). Le Grand Prix de Hongrie peut-il changer la donne\u00a0?<\/p>\n<p>Arriver dans une nouvelle \u00e9curie, surtout chez Ferrari, est une \u00e9preuve. Les m\u00e9thodes ne sont pas les m\u00eames et la pression autour de chaque course est maximale. Hamilton a une saison pour se mettre au rythme de l\u2019\u00e9curie italienne avant le changement de r\u00e9glementation. Dans ses \u00e9changes radio, on sent parfois son agacement, ou pire, son incompr\u00e9hension devant les choix de la Scuderia. Il faudra s\u2019y habituer\u00a0: Ferrari ne s\u2019adapte jamais.<\/p>\n<p>    La suite apr\u00e8s cette publicit\u00e9<\/p>\n<p>Dans le paddock, on s\u2019interroge\u00a0: <a href=\"https:\/\/www.parismatch.com\/actu\/sport\/en-images-les-premiers-pas-de-lewis-hamilton-a-bord-dune-ferrari-248037\" rel=\"nofollow noopener\" target=\"_blank\">Lewis Hamilton a-t-il fait le bon choix en rejoignant Ferrari\u00a0?<\/a> Le Britannique a toujours \u00e9t\u00e9 le chouchou de Mercedes. Une \u00e9curie qui a outrageusement domin\u00e9 la Formule 1 entre\u00a02014 et\u00a02021 et a longtemps poss\u00e9d\u00e9 la voiture la plus dominatrice de la grille. S\u2019il a longtemps \u00e9cras\u00e9 son co\u00e9quipier, Valtteri Bottas, Hamilton a eu plus de mal avec George Russell et aujourd\u2019hui Charles Leclerc. Son premier d\u00e9fi est l\u00e0\u00a0: battre le Mon\u00e9gasque pour s\u2019affirmer comme le potentiel leader de l\u2019\u00e9curie. Pour gagner, Hamilton doit retrouver \u00ab\u00a0l\u2019envie d\u2019avoir envie\u00a0\u00bb. Mais peut-on avoir encore faim apr\u00e8s 18\u00a0ans et 105 victoires\u00a0? Que l\u2019on se rassure, un lion ne devient jamais v\u00e9g\u00e9tarien.<\/p>\n<p>    La suite apr\u00e8s cette publicit\u00e9<\/p>\n<p>Dans le sillage de Prost, Alonso, Vettel\u2026<\/p>\n<p>N\u2019oublions pas qu\u2019il flotte sur Ferrari comme une mal\u00e9diction. Les champions du monde chez Ferrari, c\u2019est une histoire d\u2019amour qui finit souvent mal. Alain Prost (1990-1991), Fernando Alonso (2010-2014) et Sebastian Vettel (2015-2020) n\u2019ont pas r\u00e9ussi \u00e0 ramener le titre \u00e0 Maranello. Michael Schumacher, cinq troph\u00e9es avec les Rouges, a rong\u00e9 son frein pendant quatre saisons avant de triompher en 1999. L\u2019Allemand a pu compter sur le soutien sans faille de Jean Todt et des m\u00e9caniciens qui l\u2019idol\u00e2traient.<\/p>\n<p>Lewis Hamilton ne peut pas se payer le luxe d\u2019attendre quatre saisons. \u00c0 40\u00a0ans, l\u2019horloge biologique tourne &#8211; il n\u2019y a que Brad Pitt qui brille sur une piste \u00e0 plus de 55\u00a0ans\u00a0! &#8211; et les tifosi vont r\u00e9clamer des r\u00e9sultats &#8211; tout est dramatis\u00e9 quand il est question de Ferrari. La saison prochaine sera capitale\u00a0: la nouvelle r\u00e9glementation va rebattre les cartes. Le Britannique pourra aussi capitaliser sur sa premi\u00e8re ann\u00e9e en Italie. Le d\u00e9fi est \u00e0 la hauteur des attentes du d\u00e9but de saison\u00a0: immense. Pour que le transfert du si\u00e8cle ne se transforme pas en erreur de casting. Que les fans de F1 et d\u2019Hamilton se rassurent\u00a0: un champion, m\u00eame en difficult\u00e9, n\u2019abdique jamais.<\/p>\n","protected":false},"excerpt":{"rendered":"Le septuple champion du monde n\u2019est toujours pas mont\u00e9 sur le podium cette saison. Il doit se reprendre&hellip;\n","protected":false},"author":2,"featured_media":291011,"comment_status":"","ping_status":"","sticky":false,"template":"","format":"standard","meta":{"footnotes":""},"categories":[1412],"tags":[1451,1452,1453,1454,1455,1011,27,60],"class_list":{"0":"post-291010","1":"post","2":"type-post","3":"status-publish","4":"format-standard","5":"has-post-thumbnail","7":"category-f1","8":"tag-f1","9":"tag-formula-1","10":"tag-formula1","11":"tag-formule-1","12":"tag-formule1","13":"tag-fr","14":"tag-france","15":"tag-sports"},"share_on_mastodon":{"url":"https:\/\/pubeurope.com\/@fr\/114958412430587359","error":""},"_links":{"self":[{"href":"https:\/\/www.europesays.com\/fr\/wp-json\/wp\/v2\/posts\/291010","targetHints":{"allow":["GET"]}}],"collection":[{"href":"https:\/\/www.europesays.com\/fr\/wp-json\/wp\/v2\/posts"}],"about":[{"href":"https:\/\/www.europesays.com\/fr\/wp-json\/wp\/v2\/types\/post"}],"author":[{"embeddable":true,"href":"https:\/\/www.europesays.com\/fr\/wp-json\/wp\/v2\/users\/2"}],"replies":[{"embeddable":true,"href":"https:\/\/www.europesays.com\/fr\/wp-json\/wp\/v2\/comments?post=291010"}],"version-history":[{"count":0,"href":"https:\/\/www.europesays.com\/fr\/wp-json\/wp\/v2\/posts\/291010\/revisions"}],"wp:featuredmedia":[{"embeddable":true,"href":"https:\/\/www.europesays.com\/fr\/wp-json\/wp\/v2\/media\/291011"}],"wp:attachment":[{"href":"https:\/\/www.europesays.com\/fr\/wp-json\/wp\/v2\/media?parent=291010"}],"wp:term":[{"taxonomy":"category","embeddable":true,"href":"https:\/\/www.europesays.com\/fr\/wp-json\/wp\/v2\/categories?post=291010"},{"taxonomy":"post_tag","embeddable":true,"href":"https:\/\/www.europesays.com\/fr\/wp-json\/wp\/v2\/tags?post=291010"}],"curies":[{"name":"wp","href":"https:\/\/api.w.org\/{rel}","templated":true}]}}