{"id":291016,"date":"2025-08-02T09:17:13","date_gmt":"2025-08-02T09:17:13","guid":{"rendered":"https:\/\/www.europesays.com\/fr\/291016\/"},"modified":"2025-08-02T09:17:13","modified_gmt":"2025-08-02T09:17:13","slug":"la-gourde-la-sexy-lhysterique-les-tres-mauvais-souvenirs-denora-malagre-sur-ses-annees-avec-cyril-hanouna","status":"publish","type":"post","link":"https:\/\/www.europesays.com\/fr\/291016\/","title":{"rendered":"\u00a0\u201cLa gourde, la sexy, l&rsquo;hyst\u00e9rique\u2026\u201d : les tr\u00e8s mauvais souvenirs d\u2019Enora Malagr\u00e9 sur ses ann\u00e9es avec Cyril Hanouna\u00a0"},"content":{"rendered":"<p>Aujourd\u2019hui artiste reconnue, Enora Malagr\u00e9 n\u2019a pas que de bons<br \/>\nsouvenirs de sa carri\u00e8re. Pour elle, tout a d\u00e9but\u00e9 en 2004, o\u00f9 elle<br \/>\nfigure dans le court-m\u00e9trage Tristesse beau visage et<br \/>\nint\u00e8gre Radio Nova, en tant que chroniqueuse et animatrice. Mais<br \/>\nc\u2019est en 2010 que sa carri\u00e8re va prendre un grand tournant,<br \/>\nlorsqu\u00a0\u00bbelle coanime <strong>l\u2019\u00e9mission C&rsquo;Cauet sur NRJ avec<br \/>\nS\u00e9bastien Cauet.<\/strong> Elle devient <a class=\"qbe-widget\" href=\"https:\/\/www.closermag.fr\/people\/enora-malagre-odieuse-et-insupportable-ayem-nour-detruit-l-ancienne-chroniqueuse-de-tpmp-1661846#item=1\" target=\"_blank\" rel=\"noopener noreferrer\">chroniqueuse dans Touche<br \/>\npas \u00e0 mon poste ! (TPMP)<\/a> en janvier 2011.<\/p>\n<p>Pendant 7 ans, <a class=\"qbe-widget\" href=\"https:\/\/www.closermag.fr\/people\/enora-malagre-fatiguee-elle-pousse-un-enorme-coup-de-gueule-3259655\" target=\"_blank\" rel=\"noopener noreferrer\">l\u2019animatrice Enora<br \/>\nMalagr\u00e9<\/a> va donc officier aux c\u00f4t\u00e9s de <a class=\"qbe-widget\" href=\"https:\/\/www.closermag.fr\/people\/cyril-hanouna-lanimateur-fait-une-sortie-remarquee-dans-les-rues-de-saint-tropez-video-3568044\" target=\"_blank\" rel=\"noopener noreferrer\">celui qui pr\u00e9sentera<br \/>\nbient\u00f4t Tout beau tout neuf.<\/a> Et visiblement, elle n\u2019en garde<br \/>\npas (du tout) un bon souvenir.<\/p>\n<p>Enora Malagr\u00e9 regrette son passage dans TPMP.<\/p>\n<p>C\u2019est non sans \u00e9motion que la chroniqueuse est revenue sur les<br \/>\nd\u00e9buts de sa carri\u00e8re. \u201c\u00c7a a \u00e9t\u00e9 dur ! J&rsquo;ai travers\u00e9 quelques<br \/>\ntemp\u00eates. J&rsquo;ai fait des choses que je regrette beaucoup,<br \/>\n<strong>des mauvais choix\u2026<\/strong>\u201d, commence-t-elle \u00e0<br \/>\nexpliquer dans les colonnes de N\u00e9o. Mais au d\u00e9but, elle ne pr\u00e9cise<br \/>\npas \u00e0 quelle exp\u00e9rience elle fait r\u00e9f\u00e9rence. Selon nos confr\u00e8res,<br \/>\n<a class=\"qbe-widget\" href=\"https:\/\/www.closermag.fr\/people\/vive-emotion-dans-telematin-la-larme-a-loeil-enora-malagre-fait-des-confidences-intimes-3562197\" target=\"_blank\" rel=\"noopener noreferrer\">elle \u00e9tait au bord des<br \/>\nlarmes<\/a> lorsqu&rsquo;elle a fait les r\u00e9v\u00e9lations suivantes :<br \/>\n\u201cJ&rsquo;aurais bien aim\u00e9 qu&rsquo;on me dise : \u2018Ma cocotte, ce que tu fais<br \/>\nl\u00e0, \u00e7a va rester. C&rsquo;est pas le bon endroit, tu vaux mieux que \u00e7a.<br \/>\nFais attention, tu te g\u00e2ches. <strong>Moi, je pensais que<br \/>\njouer la gourde, la sexy, l&rsquo;hyst\u00e9rique, c&rsquo;\u00e9tait \u00e7a qui allait<br \/>\nmarcher<\/strong>. Je pensais qu&rsquo;il fallait qu&rsquo;on fasse \u00e7a.<br \/>\nEt puis en fait non, \u00e7a m&rsquo;a d\u00e9truite. J&rsquo;aurais bien aim\u00e9 qu&rsquo;on<br \/>\nm&rsquo;aide un peu, peut-\u00eatre.<\/p>\n<p>Il faudra attendre la suite de l\u2019interview pour qu\u2019elle confirme<br \/>\nqu\u2019il s\u2019agissait bien de Touche pas \u00e0 mon poste et non pas de<br \/>\nC\u2019Cauet. C\u2019est lorsqu\u2019elle a \u00e9t\u00e9 questionn\u00e9e sur les conseils<br \/>\nqu\u2019elle aurait aim\u00e9 recevoir plus jeune qu\u2019elle a dit une phrase<br \/>\nexplicite : \u201cJe lui dirais de s&rsquo;accrocher, et de rester dans le<br \/>\nth\u00e9\u00e2tre. Je lui dirais : \u00ab Ne va pas \u00e0 la t\u00e9l\u00e9, tu vas y perdre<br \/>\ntrop. Tu vas perdre toute ta force, on va tout te prendre et on ne<br \/>\nva pas te laisser grand-chose.<\/p>\n<p>Enora Malagr\u00e9 \u00e0 la t\u00e9l\u00e9vision<\/p>\n<p>En effet, depuis 2018, l\u2019ancienne chroniqueuse de Touche pas \u00e0<br \/>\nmon poste est revenue \u00e0 son premier amour : le th\u00e9\u00e2tre. On a pu la<br \/>\nvoir dans de nombreuses pi\u00e8ces, comme \u00c0 vrai dire, ou Le<br \/>\nBal des Vautours.<\/p>\n<p>M\u00eame si elle regrette ses agissements dans TPMP, elle n\u2019a pas<br \/>\nlaiss\u00e9 la t\u00e9l\u00e9 de c\u00f4t\u00e9 et s\u2019est tourn\u00e9e vers des \u00e9missions qui lui<br \/>\nressemblent plus. Elle qui <a class=\"qbe-widget\" href=\"https:\/\/www.closermag.fr\/people\/enora-malagre-de-quelle-maladie-est-atteinte-la-comedienne-1146170#item=1\" target=\"_blank\" rel=\"noopener noreferrer\">se bat contre<br \/>\nl\u2019endom\u00e9triose<\/a>, et <a class=\"qbe-widget\" href=\"https:\/\/www.closermag.fr\/people\/enora-malagre-deformee-par-les-medicaments-pourquoi-l-animatrice-rejette-son-corps-1527822#item=1\" target=\"_blank\" rel=\"noopener noreferrer\">prend beaucoup de<br \/>\nm\u00e9dicaments<\/a>, a fait notamment des apparitions dans \u201cLe Magazine<br \/>\nde la Sant\u00e9\u201d en 2023 ou dans La Grande Semaine, sur M6.<\/p>\n","protected":false},"excerpt":{"rendered":"Aujourd\u2019hui artiste reconnue, Enora Malagr\u00e9 n\u2019a pas que de bons souvenirs de sa carri\u00e8re. Pour elle, tout a&hellip;\n","protected":false},"author":2,"featured_media":291017,"comment_status":"","ping_status":"","sticky":false,"template":"","format":"standard","meta":{"footnotes":""},"categories":[1359],"tags":[548,58,13216,59,1011,27,973,549],"class_list":{"0":"post-291016","1":"post","2":"type-post","3":"status-publish","4":"format-standard","5":"has-post-thumbnail","7":"category-people","8":"tag-article-simple","9":"tag-divertissement","10":"tag-enora-malagre","11":"tag-entertainment","12":"tag-fr","13":"tag-france","14":"tag-people","15":"tag-touche-pas-a-mon-poste"},"share_on_mastodon":{"url":"https:\/\/pubeurope.com\/@fr\/114958424085818482","error":""},"_links":{"self":[{"href":"https:\/\/www.europesays.com\/fr\/wp-json\/wp\/v2\/posts\/291016","targetHints":{"allow":["GET"]}}],"collection":[{"href":"https:\/\/www.europesays.com\/fr\/wp-json\/wp\/v2\/posts"}],"about":[{"href":"https:\/\/www.europesays.com\/fr\/wp-json\/wp\/v2\/types\/post"}],"author":[{"embeddable":true,"href":"https:\/\/www.europesays.com\/fr\/wp-json\/wp\/v2\/users\/2"}],"replies":[{"embeddable":true,"href":"https:\/\/www.europesays.com\/fr\/wp-json\/wp\/v2\/comments?post=291016"}],"version-history":[{"count":0,"href":"https:\/\/www.europesays.com\/fr\/wp-json\/wp\/v2\/posts\/291016\/revisions"}],"wp:featuredmedia":[{"embeddable":true,"href":"https:\/\/www.europesays.com\/fr\/wp-json\/wp\/v2\/media\/291017"}],"wp:attachment":[{"href":"https:\/\/www.europesays.com\/fr\/wp-json\/wp\/v2\/media?parent=291016"}],"wp:term":[{"taxonomy":"category","embeddable":true,"href":"https:\/\/www.europesays.com\/fr\/wp-json\/wp\/v2\/categories?post=291016"},{"taxonomy":"post_tag","embeddable":true,"href":"https:\/\/www.europesays.com\/fr\/wp-json\/wp\/v2\/tags?post=291016"}],"curies":[{"name":"wp","href":"https:\/\/api.w.org\/{rel}","templated":true}]}}