{"id":291018,"date":"2025-08-02T09:18:17","date_gmt":"2025-08-02T09:18:17","guid":{"rendered":"https:\/\/www.europesays.com\/fr\/291018\/"},"modified":"2025-08-02T09:18:17","modified_gmt":"2025-08-02T09:18:17","slug":"la-zen-attitude-par-philippe-trias","status":"publish","type":"post","link":"https:\/\/www.europesays.com\/fr\/291018\/","title":{"rendered":"\u201cLa Zen attitude\u201d, par Philippe Trias"},"content":{"rendered":"<p>Aujourd\u2019hui je vous adresse une image sous forme de carte postale, pour vous annoncer l\u2019arr\u00eat de cette rubrique pendant un mois, le temps de prendre un peu de repos. Cette photo, je l\u2019ai faite au mois de juillet dans les Alpes, en redescendant du Mont Joly, lors d\u2019une longue, mais magnifique randonn\u00e9e. Au niveau du Mont d\u2019Arbois (le Jura me poursuit jusqu\u2019\u00e0 mes lieux de vacances\u2026), un homme couch\u00e9 sur une balan\u00e7oire contemple la cha\u00eene des Alpes.<\/p>\n<p>Pl\u00e9nitude<\/p>\n<p>La vue panoramique sur le Mont-Blanc et ses sommets environnants, le d\u00f4me du Go\u00fbter, l\u2019aiguille du Midi, semble l\u2019avoir plong\u00e9 dans une pl\u00e9nitude la plus totale. Cette vue exceptionnelle sur les glaciers et les neiges \u00e9ternelles permet d\u2019en prendre plein les mirettes.<\/p>\n<p>Pendant cette pause estivale, je vais moi-m\u00eame essayer d\u2019atteindre ce niveau de zen attitude et de contemplation, pour aff\u00fbter mon \u0153il de photographe. En attendant, je vous souhaite <a href=\"https:\/\/www.leprogres.fr\/culture-loisirs\/2025\/07\/19\/l-oeil-du-photographe-a-vos-godillots-partez-par-philippe-trias\" target=\"_blank\" rel=\"noopener\">un bel \u00e9t\u00e9 \u00e0 tous<\/a>.<\/p>\n<p class=\"note\">Photo r\u00e9alis\u00e9e avec un Leica M et un 35\u00a0mm, une vitesse d\u2019obturation de 1\/240 s \u00e0 f\/11 et une sensibilit\u00e9 de 200 ISO<\/p>\n","protected":false},"excerpt":{"rendered":"Aujourd\u2019hui je vous adresse une image sous forme de carte postale, pour vous annoncer l\u2019arr\u00eat de cette rubrique&hellip;\n","protected":false},"author":2,"featured_media":291019,"comment_status":"","ping_status":"","sticky":false,"template":"","format":"standard","meta":{"footnotes":""},"categories":[1358],"tags":[1348,1384,1385,1687,1386,58,2274,59,107,1011,27,1826],"class_list":{"0":"post-291018","1":"post","2":"type-post","3":"status-publish","4":"format-standard","5":"has-post-thumbnail","7":"category-arts-et-design","8":"tag-arts","9":"tag-arts-and-design","10":"tag-arts-et-design","11":"tag-culture-loisirs","12":"tag-design","13":"tag-divertissement","14":"tag-edition-jura-sud","15":"tag-entertainment","16":"tag-fil-info","17":"tag-fr","18":"tag-france","19":"tag-jura"},"share_on_mastodon":{"url":"https:\/\/pubeurope.com\/@fr\/114958427968015762","error":""},"_links":{"self":[{"href":"https:\/\/www.europesays.com\/fr\/wp-json\/wp\/v2\/posts\/291018","targetHints":{"allow":["GET"]}}],"collection":[{"href":"https:\/\/www.europesays.com\/fr\/wp-json\/wp\/v2\/posts"}],"about":[{"href":"https:\/\/www.europesays.com\/fr\/wp-json\/wp\/v2\/types\/post"}],"author":[{"embeddable":true,"href":"https:\/\/www.europesays.com\/fr\/wp-json\/wp\/v2\/users\/2"}],"replies":[{"embeddable":true,"href":"https:\/\/www.europesays.com\/fr\/wp-json\/wp\/v2\/comments?post=291018"}],"version-history":[{"count":0,"href":"https:\/\/www.europesays.com\/fr\/wp-json\/wp\/v2\/posts\/291018\/revisions"}],"wp:featuredmedia":[{"embeddable":true,"href":"https:\/\/www.europesays.com\/fr\/wp-json\/wp\/v2\/media\/291019"}],"wp:attachment":[{"href":"https:\/\/www.europesays.com\/fr\/wp-json\/wp\/v2\/media?parent=291018"}],"wp:term":[{"taxonomy":"category","embeddable":true,"href":"https:\/\/www.europesays.com\/fr\/wp-json\/wp\/v2\/categories?post=291018"},{"taxonomy":"post_tag","embeddable":true,"href":"https:\/\/www.europesays.com\/fr\/wp-json\/wp\/v2\/tags?post=291018"}],"curies":[{"name":"wp","href":"https:\/\/api.w.org\/{rel}","templated":true}]}}