{"id":291020,"date":"2025-08-02T09:19:15","date_gmt":"2025-08-02T09:19:15","guid":{"rendered":"https:\/\/www.europesays.com\/fr\/291020\/"},"modified":"2025-08-02T09:19:15","modified_gmt":"2025-08-02T09:19:15","slug":"le-festival-du-livre-ados-et-jeunesse-de-gaillac-fetera-ses-trente-ans","status":"publish","type":"post","link":"https:\/\/www.europesays.com\/fr\/291020\/","title":{"rendered":"Le festival du livre ados et jeunesse de Gaillac f\u00eatera ses trente ans"},"content":{"rendered":"<p>\n                                                                    l&rsquo;essentiel<br \/>\n                                                                En octobre, cette \u00e9dition anniversaire sera plac\u00e9e sous le signe du r\u00eave, de mots et de la f\u00eate foraine. Avec la pr\u00e9sence de vingt-deux auteurs et de nombreux ateliers cr\u00e9atifs.\n                            <\/p>\n<p>Le passage du Salon du Livre au Festival du Livre n\u2019\u00e9tait pas un tour de passe-passe ni une volont\u00e9 de se hausser du col, mais portait une r\u00e9alit\u00e9\u00a0: au-del\u00e0 de la pr\u00e9sence des auteurs, des \u00e9changes et autres d\u00e9dicaces \u2013 figures oblig\u00e9es du genre \u2013 les Festival, recentr\u00e9 depuis plusieurs ann\u00e9es sur la jeunesse et les ados \u2013 jouait de plus en plus la carte de l\u2019interactivit\u00e9 et du ludique, avec de nombreux ateliers de pratiques, notamment de lecture et d\u2019\u00e9criture. Ce Festival du Livre Jeunesse et Ado f\u00eatera ces trente ans en octobre.<\/p>\n<p>L\u2019esprit sera au \u00ab\u00a0r\u00eave, aux mots et \u00e0 la f\u00eate foraine\u00a0\u00bb. L\u2019illustratrice Anne-Lise Boutin signe l\u2019affiche et partagera son univers m\u00ealant feutres, encres, papiers d\u00e9coup\u00e9s et collages num\u00e9riques. Inspir\u00e9e par les arts populaires et les contes slaves, elle mettra sa po\u00e9sie et sa fantaisie au service du festival. Au programme, la pr\u00e9sence de vingt-deux auteurs de renom pour \u00e9changer et d\u00e9dicacer leurs ouvrages, des expositions originales autour du livre jeunesse et de l\u2019illustration, un concert d\u00e9jant\u00e9 de David Sire et un moment fort\u00a0: la lecture musicale \u00ab\u00a0Et le d\u00e9sert para\u00eetra\u00a0\u00bb port\u00e9e par la voix de Marie Pavlenko et le violoncelle de Ma\u00ebva Le Berre, pour un voyage tout en \u00e9motions.<\/p>\n<p>Plong\u00e9e dans l\u2019imaginaire<\/p>\n<p>Cette \u00e9dition anniversaire fera une place centrale \u00e0 la fantaisie et la po\u00e9sie\u00a0: spectacles, lectures, ateliers et animations inviteront les plus jeunes et les plus grands \u00e0 plonger dans l\u2019imaginaire sous toutes ses formes. Des cr\u00e9ations d\u00e9licates comme Cabane ou Dans le nid des g\u00e9ants, des d\u00e9fis avec le grand quiz de Manon Fargetton, des lectures musicales pleines d\u2019humour (Oscar\u00a0&amp; Carrosse), et m\u00eame un spectacle en Langue des Signes (Comment \u00e9crit-on une histoire\u00a0?). Dans les ateliers cr\u00e9atifs, les participants feront na\u00eetre des dinosaures farfelus, des masques color\u00e9s et des modules spatiaux, tandis qu\u2019une fresque g\u00e9ante c\u00e9l\u00e9brera le dessin sous toutes ses formes\u00a0\u00bb.<\/p>\n<p>La Ville qui organise le salon a voulu un rendez-vous festif, joyeux et cr\u00e9atif, le m\u00eame \u00ab\u00a0qui fait rimer depuis trente ans curiosit\u00e9 et plaisir de lire\u00a0\u00bb. Quant aux auteurs, il suffit de voir combien ils veulent revenir d\u2019une ann\u00e9e sur l\u2019autre pour mesurer l\u2019impact commercial que ce Festival repr\u00e9sente dans leur activit\u00e9 professionnelle.<\/p>\n","protected":false},"excerpt":{"rendered":"l&rsquo;essentiel En octobre, cette \u00e9dition anniversaire sera plac\u00e9e sous le signe du r\u00eave, de mots et de la&hellip;\n","protected":false},"author":2,"featured_media":291021,"comment_status":"","ping_status":"","sticky":false,"template":"","format":"standard","meta":{"footnotes":""},"categories":[1357],"tags":[1379,58,59,1011,27,1380],"class_list":{"0":"post-291020","1":"post","2":"type-post","3":"status-publish","4":"format-standard","5":"has-post-thumbnail","7":"category-livres","8":"tag-books","9":"tag-divertissement","10":"tag-entertainment","11":"tag-fr","12":"tag-france","13":"tag-livres"},"share_on_mastodon":{"url":"https:\/\/pubeurope.com\/@fr\/114958432008622106","error":""},"_links":{"self":[{"href":"https:\/\/www.europesays.com\/fr\/wp-json\/wp\/v2\/posts\/291020","targetHints":{"allow":["GET"]}}],"collection":[{"href":"https:\/\/www.europesays.com\/fr\/wp-json\/wp\/v2\/posts"}],"about":[{"href":"https:\/\/www.europesays.com\/fr\/wp-json\/wp\/v2\/types\/post"}],"author":[{"embeddable":true,"href":"https:\/\/www.europesays.com\/fr\/wp-json\/wp\/v2\/users\/2"}],"replies":[{"embeddable":true,"href":"https:\/\/www.europesays.com\/fr\/wp-json\/wp\/v2\/comments?post=291020"}],"version-history":[{"count":0,"href":"https:\/\/www.europesays.com\/fr\/wp-json\/wp\/v2\/posts\/291020\/revisions"}],"wp:featuredmedia":[{"embeddable":true,"href":"https:\/\/www.europesays.com\/fr\/wp-json\/wp\/v2\/media\/291021"}],"wp:attachment":[{"href":"https:\/\/www.europesays.com\/fr\/wp-json\/wp\/v2\/media?parent=291020"}],"wp:term":[{"taxonomy":"category","embeddable":true,"href":"https:\/\/www.europesays.com\/fr\/wp-json\/wp\/v2\/categories?post=291020"},{"taxonomy":"post_tag","embeddable":true,"href":"https:\/\/www.europesays.com\/fr\/wp-json\/wp\/v2\/tags?post=291020"}],"curies":[{"name":"wp","href":"https:\/\/api.w.org\/{rel}","templated":true}]}}