{"id":291022,"date":"2025-08-02T09:20:11","date_gmt":"2025-08-02T09:20:11","guid":{"rendered":"https:\/\/www.europesays.com\/fr\/291022\/"},"modified":"2025-08-02T09:20:11","modified_gmt":"2025-08-02T09:20:11","slug":"une-ex-chroniqueuse-de-cyril-hanouna-fait-son-mea-culpa-dechirant","status":"publish","type":"post","link":"https:\/\/www.europesays.com\/fr\/291022\/","title":{"rendered":"une ex-chroniqueuse de Cyril Hanouna fait son mea culpa d\u00e9chirant"},"content":{"rendered":"<p>Cyril Hanouna, le retour. Apr\u00e8s la disparition de C8 \u00e0 la fin du mois de f\u00e9vrier dernier et l&rsquo;arr\u00eat de Touche Pas \u00e0 Mon Poste, le trublion du PAF reviendra aux affaires d\u00e8s la rentr\u00e9e. C\u00f4t\u00e9 t\u00e9l\u00e9vision, il animera <strong>un talk-show flambant neuf <\/strong>sur W9. Ses fans pourront \u00e9galement l&rsquo;\u00e9couter \u00e0 la radio o\u00f9 il officiera <strong>sur la station Fun Radio<\/strong>.<\/p>\n<p>Les rumeurs fusent \u00e0 propos de l&rsquo;identit\u00e9 des<strong> chroniqueurs qui s&rsquo;assi\u00e9ront \u00e0 la table<\/strong> de Cyril Hanouna. Parmi les anciens et r\u00e9guliers de feu TPMP sortent r\u00e9guli\u00e8rement les noms de Val\u00e9rie Bena\u00efm, <strong>G\u00e9raldine Maillet<\/strong>, <strong>Raymond Aabou<\/strong> mais aussi <strong>Fabien Lecoeuvre<\/strong> et <strong>Michel Mary<\/strong>.<\/p>\n<p>Cyril Hanouna : les regrets d&rsquo;une ex-chroniqueuse<\/p>\n<p>Enora Malagr\u00e9, elle, ne collaborera tr\u00e8s certainement pas \u00e0 nouveau avec Cyril Hanouna. <strong>Les mauvais souvenirs<\/strong> entachent sa participation aux sept <strong>premi\u00e8res saisons de<\/strong> TPMP. \u00ab\u00a0\u00c7a a \u00e9t\u00e9 dur ! J&rsquo;ai travers\u00e9 quelques temp\u00eates. J&rsquo;ai fait <strong>des choses que je regrette beaucoup<\/strong>, des mauvais choix\u2026\u00a0\u00bb , d\u00e9clare-t-elle dans une interview au m\u00e9dia N\u00e9o sans qu&rsquo;on sache cependant si elle fait r\u00e9f\u00e9rences \u00e0 ses ann\u00e9es pass\u00e9es aupr\u00e8s de \u00ab\u00a0Baba\u00a0\u00bb ou de Cauet.<\/p>\n<p>L&rsquo;ex-chroniqueuse vedette poursuit : \u00ab\u00a0J&rsquo;aurais bien aim\u00e9 qu&rsquo;on me dise : Ma cocotte, ce que tu fais-l\u00e0, \u00e7a va rester. C&rsquo;est pas le bon endroit, tu vaux mieux que \u00e7a. <strong>Fais attention, tu te g\u00e2ches<\/strong>. Moi, je pensais que jouer <strong>la gourde, la sexy, l&rsquo;hyst\u00e9rique<\/strong>, c&rsquo;\u00e9tait \u00e7a qui allait marcher. Je pensais qu&rsquo;il fallait qu&rsquo;on fasse \u00e7a. Et puis en fait (&#8230;)<a href=\"https:\/\/www.closermag.fr\/people\/elle-a-participe-au-sexisme-collectif-une-ex-chroniqueuse-de-cyril-hanouna-fait-son-mea-culpa-dechirant-3568697\" rel=\"nofollow noopener\" target=\"_blank\" data-ylk=\"slk:Lire la suite sur Closer;elm:context_link;itc:0;sec:content-canvas\" class=\"link \">Lire la suite sur Closer<\/a><a href=\"https:\/\/www.closermag.fr\/people\/accablant-le-cri-du-coeur-de-florent-manaudou-et-alain-bernard-qui-devrait-tous-nous-concerner-3568713\" rel=\"nofollow noopener\" target=\"_blank\" data-ylk=\"slk:\u201cAccablant !\u201d : le cri du coeur de Florent Manaudou et Alain Bernard qui devrait tous nous concerner;elm:context_link;itc:0;sec:content-canvas\" class=\"link \">\u201cAccablant !\u201d : le cri du coeur de Florent Manaudou et Alain Bernard qui devrait tous nous concerner<\/a><br \/><a href=\"https:\/\/www.closermag.fr\/psycho_sexo\/loto-ces-signes-qui-ont-une-chance-de-toucher-le-jackpot-ce-samedi-2-aout-2025-3568717\" rel=\"nofollow noopener\" target=\"_blank\" data-ylk=\"slk:Loto : ces signes qui ont une chance de toucher le jackpot ce samedi 2 ao\u00fbt 2025;elm:context_link;itc:0;sec:content-canvas\" class=\"link \">Loto : ces signes qui ont une chance de toucher le jackpot ce samedi 2 ao\u00fbt 2025<\/a><br \/><a href=\"https:\/\/www.closermag.fr\/people\/olivier-minne-dernier-tournage-de-fort-boyard-les-coulisses-racontees-par-un-celebre-ami-3568706\" rel=\"nofollow noopener\" target=\"_blank\" data-ylk=\"slk:Olivier Minne : dernier tournage de Fort Boyard, les coulisses racont\u00e9es par un c\u00e9l\u00e8bre ami;elm:context_link;itc:0;sec:content-canvas\" class=\"link \">Olivier Minne : dernier tournage de Fort Boyard, les coulisses racont\u00e9es par un c\u00e9l\u00e8bre ami<\/a><br \/><a href=\"https:\/\/www.closermag.fr\/people\/meme-alcoolise-achraf-hakimi-accuse-de-viol-kylian-mbappe-requisitionne-par-les-enqueteurs-3568712\" rel=\"nofollow noopener\" target=\"_blank\" data-ylk=\"slk:\u201cM\u00eame alcoolis\u00e9\u2026\u201d : Achraf Hakimi accus\u00e9 de viol, Kylian Mbapp\u00e9 r\u00e9quisitionn\u00e9 par les enqu\u00eateurs;elm:context_link;itc:0;sec:content-canvas\" class=\"link \">\u201cM\u00eame alcoolis\u00e9\u2026\u201d : Achraf Hakimi accus\u00e9 de viol, Kylian Mbapp\u00e9 r\u00e9quisitionn\u00e9 par les enqu\u00eateurs<\/a><br \/><a href=\"https:\/\/www.closermag.fr\/vecu\/pleine-lune-du-9-aout-ces-trois-signes-vont-franchir-un-cap-spirituel-decisif-3568709\" rel=\"nofollow noopener\" target=\"_blank\" data-ylk=\"slk:Pleine Lune du 9 ao\u00fbt : ces trois signes vont franchir un cap spirituel d\u00e9cisif;elm:context_link;itc:0;sec:content-canvas\" class=\"link \">Pleine Lune du 9 ao\u00fbt : ces trois signes vont franchir un cap spirituel d\u00e9cisif<\/a><\/p>\n","protected":false},"excerpt":{"rendered":"Cyril Hanouna, le retour. Apr\u00e8s la disparition de C8 \u00e0 la fin du mois de f\u00e9vrier dernier et&hellip;\n","protected":false},"author":2,"featured_media":291023,"comment_status":"","ping_status":"","sticky":false,"template":"","format":"standard","meta":{"footnotes":""},"categories":[1356],"tags":[1083,58,59,1011,27,1474,2789,43025,252,549,1364],"class_list":{"0":"post-291022","1":"post","2":"type-post","3":"status-publish","4":"format-standard","5":"has-post-thumbnail","7":"category-television","8":"tag-cyril-hanouna","9":"tag-divertissement","10":"tag-entertainment","11":"tag-fr","12":"tag-france","13":"tag-geraldine-maillet","14":"tag-la-rentree","15":"tag-raymond-aabou","16":"tag-television","17":"tag-touche-pas-a-mon-poste","18":"tag-tv"},"share_on_mastodon":{"url":"https:\/\/pubeurope.com\/@fr\/114958435978640215","error":""},"_links":{"self":[{"href":"https:\/\/www.europesays.com\/fr\/wp-json\/wp\/v2\/posts\/291022","targetHints":{"allow":["GET"]}}],"collection":[{"href":"https:\/\/www.europesays.com\/fr\/wp-json\/wp\/v2\/posts"}],"about":[{"href":"https:\/\/www.europesays.com\/fr\/wp-json\/wp\/v2\/types\/post"}],"author":[{"embeddable":true,"href":"https:\/\/www.europesays.com\/fr\/wp-json\/wp\/v2\/users\/2"}],"replies":[{"embeddable":true,"href":"https:\/\/www.europesays.com\/fr\/wp-json\/wp\/v2\/comments?post=291022"}],"version-history":[{"count":0,"href":"https:\/\/www.europesays.com\/fr\/wp-json\/wp\/v2\/posts\/291022\/revisions"}],"wp:featuredmedia":[{"embeddable":true,"href":"https:\/\/www.europesays.com\/fr\/wp-json\/wp\/v2\/media\/291023"}],"wp:attachment":[{"href":"https:\/\/www.europesays.com\/fr\/wp-json\/wp\/v2\/media?parent=291022"}],"wp:term":[{"taxonomy":"category","embeddable":true,"href":"https:\/\/www.europesays.com\/fr\/wp-json\/wp\/v2\/categories?post=291022"},{"taxonomy":"post_tag","embeddable":true,"href":"https:\/\/www.europesays.com\/fr\/wp-json\/wp\/v2\/tags?post=291022"}],"curies":[{"name":"wp","href":"https:\/\/api.w.org\/{rel}","templated":true}]}}