{"id":291034,"date":"2025-08-02T09:26:10","date_gmt":"2025-08-02T09:26:10","guid":{"rendered":"https:\/\/www.europesays.com\/fr\/291034\/"},"modified":"2025-08-02T09:26:10","modified_gmt":"2025-08-02T09:26:10","slug":"cette-deformation-de-lespace-temps-prouve-que-la-matiere-noire-a-des-proprietes-insoupconnees","status":"publish","type":"post","link":"https:\/\/www.europesays.com\/fr\/291034\/","title":{"rendered":"Cette d\u00e9formation de l&rsquo;espace-temps prouve que la mati\u00e8re noire a des propri\u00e9t\u00e9s insoup\u00e7onn\u00e9es"},"content":{"rendered":"<p style=\"text-align: justify;\"><strong>Dans le vaste cosmos, une<br \/>\ngalaxie remarquablement dense attire l\u2019attention des astronomes.<br \/>\nSitu\u00e9e \u00e0 plus de dix-sept milliards d\u2019ann\u00e9es-lumi\u00e8re de la Terre,<br \/>\nJWST-ER1, d\u00e9couverte gr\u00e2ce au t\u00e9lescope spatial James Webb (JWST)<br \/>\nde la NASA, r\u00e9v\u00e8le des indices sur la nature \u00e9nigmatique de la<br \/>\nmati\u00e8re noire.<\/strong><\/p>\n<p>Qu\u2019est-ce qu\u2019un anneau d\u2019Einstein ?<\/p>\n<p style=\"text-align: justify;\">Lorsque la lumi\u00e8re provenant d\u2019une<br \/>\nsource lointaine, comme une galaxie, passe \u00e0 proximit\u00e9 d\u2019une masse<br \/>\ntr\u00e8s dense telle qu\u2019une autre galaxie ou un amas de galaxies, la<br \/>\ngravit\u00e9 de cette masse agit comme une lentille qui d\u00e9forme la<br \/>\ntrajectoire de la lumi\u00e8re. Ce ph\u00e9nom\u00e8ne, pr\u00e9dit par la th\u00e9orie de<br \/>\nla relativit\u00e9 g\u00e9n\u00e9rale d\u2019Albert Einstein, est connu sous le nom de<br \/>\n<strong>lentille gravitationnelle<\/strong>.<\/p>\n<p style=\"text-align: justify;\">Dans le cas particulier de<br \/>\nJWST-ER1, cette lentille gravitationnelle a cr\u00e9\u00e9 un effet<br \/>\nremarquable appel\u00e9 <a href=\"https:\/\/sciencepost.fr\/anneau-einstein-identifie-par-hubble\/\" target=\"_blank\" rel=\"noopener nofollow\">anneau d\u2019Einstein<\/a>. Un tel anneau<br \/>\nse forme lorsque la source lumineuse, la lentille gravitante et<br \/>\nl\u2019observateur sont <strong>align\u00e9s de mani\u00e8re tr\u00e8s<br \/>\npr\u00e9cise<\/strong>. Les rayons lumineux se retrouvent alors d\u00e9vi\u00e9s<br \/>\nautour de la masse interm\u00e9diaire et finissent par se rejoindre de<br \/>\nl\u2019autre c\u00f4t\u00e9, formant ainsi un cercle de lumi\u00e8re.<\/p>\n<p>Une galaxie plus dense qu\u2019elle n\u2019y para\u00eet<\/p>\n<p style=\"text-align: justify;\">En \u00e9valuant l\u2019ampleur de la<br \/>\nd\u00e9formation de l\u2019espace-temps caus\u00e9e par JWST-ER1g, les chercheurs<br \/>\nont alors estim\u00e9 que la galaxie poss\u00e8de une masse d\u2019environ<br \/>\n<strong>650 milliards de fois celle du Soleil<\/strong>, ce qui la<br \/>\nplace parmi les galaxies <strong>les plus denses pour leur<br \/>\ntaille<\/strong>.<\/p>\n<p style=\"text-align: justify;\">En retranchant la masse provenant<br \/>\ndes \u00e9toiles visibles de cette estimation totale, les physiciens ont<br \/>\nensuite pu quantifier la contribution de la mati\u00e8re noire dans la<br \/>\ncomposition de la galaxie. D\u2019apr\u00e8s les calculs, celle-ci pourrait<br \/>\napproximativement <strong>combler la moiti\u00e9 de l\u2019\u00e9cart de masse<br \/>\nobserv\u00e9<\/strong>, sugg\u00e9rant qu\u2019une autre source de masse pourrait<br \/>\n\u00eatre n\u00e9cessaire pour expliquer pleinement les r\u00e9sultats de la<br \/>\nlentille gravitationnelle observ\u00e9e.<\/p>\n<p><img loading=\"lazy\" data-lazyloaded=\"1\" decoding=\"async\" class=\"size-full wp-image-283635\" src=\"https:\/\/www.europesays.com\/fr\/wp-content\/uploads\/2025\/08\/erereerer.webp.webp\" alt=\"anneau einstein mati\u00e8re noire\" width=\"600\" height=\"338\"  data-\/><br \/>\nLa galaxie JWST-ER1, remarquablement dense, et son anneau<br \/>\nd\u2019Einstein, captur\u00e9s par le t\u00e9lescope spatial James Webb l\u2019ann\u00e9e<br \/>\nderni\u00e8re. Cr\u00e9dits : P. van Dokkum et al., Nature Astronomy,<br \/>\n2023Plusieurs hypoth\u00e8ses, dont<br \/>\ncertaines en lien avec la mati\u00e8re noire<\/p>\n<p style=\"text-align: justify;\">Les chercheurs avancent plusieurs<br \/>\nid\u00e9es pour expliquer la nature de cette masse suppl\u00e9mentaire. Une<br \/>\npossibilit\u00e9 est qu\u2019il y ait une <strong>population d\u2019\u00e9toiles plus<br \/>\ndense<\/strong> que ce que l\u2019on pensait auparavant dans la galaxie<br \/>\nJWST-ER1g. Si c\u2019est le cas, cela pourrait contribuer \u00e0 une partie<br \/>\nde la masse manquante observ\u00e9e.<\/p>\n<p style=\"text-align: justify;\">Un autre sc\u00e9nario envisag\u00e9 est<br \/>\ncelui o\u00f9 la mati\u00e8re ordinaire (gaz et \u00e9toiles) <strong>se contracte<br \/>\net se condense dans le halo de mati\u00e8re noire<\/strong> de JWST-ER1g.<br \/>\nCette contraction pourrait augmenter la densit\u00e9 de mati\u00e8re dans la<br \/>\ngalaxie, contribuant ainsi \u00e0 l\u2019\u00e9cart de masse observ\u00e9. Cette<br \/>\ndensification pourrait se produire \u00e0 diff\u00e9rentes \u00e9chelles, depuis<br \/>\ndes r\u00e9gions localis\u00e9es de formation stellaire jusqu\u2019\u00e0 des<br \/>\nstructures galactiques plus vastes telles que les bras spiraux ou<br \/>\nles noyaux actifs de galaxies.<\/p>\n<p style=\"text-align: justify;\">Enfin, une hypoth\u00e8se plus<br \/>\naudacieuse concerne cette fois la nature m\u00eame de la mati\u00e8re noire.<br \/>\nLes chercheurs envisagent en effet la possibilit\u00e9 que celle-ci<br \/>\n<strong>interagisse avec elle-m\u00eame<\/strong>, cr\u00e9ant ainsi des<br \/>\nprocessus autoentretenus qui affectent sa densit\u00e9 et sa<br \/>\ndistribution dans la galaxie. Cette interaction pourrait alors<br \/>\nexpliquer l\u2019\u00e9cart de masse observ\u00e9, ainsi que d\u2019autres<br \/>\ncaract\u00e9ristiques intrigantes de JWST-ER1g.<\/p>\n<p style=\"text-align: justify;\">En combinant des observations<br \/>\nsuppl\u00e9mentaires avec des simulations informatiques et des mod\u00e8les<br \/>\nth\u00e9oriques avanc\u00e9s, les chercheurs esp\u00e8rent \u00e9lucider l\u2019origine de<br \/>\ncette masse suppl\u00e9mentaire et comprendre en d\u00e9tail la dynamique<br \/>\ncomplexe de JWST-ER1g. Ces investigations approfondies pourraient<br \/>\nnon seulement \u00e9clairer notre compr\u00e9hension de la mati\u00e8re noire et<br \/>\nde la formation des galaxies, mais aussi ouvrir de nouvelles<br \/>\nperspectives sur la physique fondamentale de l\u2019Univers.<\/p>\n<p style=\"text-align: justify;\">Les d\u00e9tails de l\u2019\u00e9tude sont publi\u00e9s<br \/>\ndans <a href=\"https:\/\/iopscience.iop.org\/article\/10.3847\/2041-8213\/ad394b\" target=\"_blank\" rel=\"noopener nofollow\">The Astrophysical Journal<br \/>\nLetters<\/a>.<\/p>\n","protected":false},"excerpt":{"rendered":"Dans le vaste cosmos, une galaxie remarquablement dense attire l\u2019attention des astronomes. Situ\u00e9e \u00e0 plus de dix-sept milliards&hellip;\n","protected":false},"author":2,"featured_media":291035,"comment_status":"","ping_status":"","sticky":false,"template":"","format":"standard","meta":{"footnotes":""},"categories":[7],"tags":[1011,27,43,40,41,39,42,44],"class_list":{"0":"post-291034","1":"post","2":"type-post","3":"status-publish","4":"format-standard","5":"has-post-thumbnail","7":"category-sciences-et-technologies","8":"tag-fr","9":"tag-france","10":"tag-science","11":"tag-science-and-technology","12":"tag-sciences","13":"tag-sciences-et-technologies","14":"tag-technologies","15":"tag-technology"},"share_on_mastodon":{"url":"https:\/\/pubeurope.com\/@fr\/114958459510682330","error":""},"_links":{"self":[{"href":"https:\/\/www.europesays.com\/fr\/wp-json\/wp\/v2\/posts\/291034","targetHints":{"allow":["GET"]}}],"collection":[{"href":"https:\/\/www.europesays.com\/fr\/wp-json\/wp\/v2\/posts"}],"about":[{"href":"https:\/\/www.europesays.com\/fr\/wp-json\/wp\/v2\/types\/post"}],"author":[{"embeddable":true,"href":"https:\/\/www.europesays.com\/fr\/wp-json\/wp\/v2\/users\/2"}],"replies":[{"embeddable":true,"href":"https:\/\/www.europesays.com\/fr\/wp-json\/wp\/v2\/comments?post=291034"}],"version-history":[{"count":0,"href":"https:\/\/www.europesays.com\/fr\/wp-json\/wp\/v2\/posts\/291034\/revisions"}],"wp:featuredmedia":[{"embeddable":true,"href":"https:\/\/www.europesays.com\/fr\/wp-json\/wp\/v2\/media\/291035"}],"wp:attachment":[{"href":"https:\/\/www.europesays.com\/fr\/wp-json\/wp\/v2\/media?parent=291034"}],"wp:term":[{"taxonomy":"category","embeddable":true,"href":"https:\/\/www.europesays.com\/fr\/wp-json\/wp\/v2\/categories?post=291034"},{"taxonomy":"post_tag","embeddable":true,"href":"https:\/\/www.europesays.com\/fr\/wp-json\/wp\/v2\/tags?post=291034"}],"curies":[{"name":"wp","href":"https:\/\/api.w.org\/{rel}","templated":true}]}}