{"id":291036,"date":"2025-08-02T09:27:11","date_gmt":"2025-08-02T09:27:11","guid":{"rendered":"https:\/\/www.europesays.com\/fr\/291036\/"},"modified":"2025-08-02T09:27:11","modified_gmt":"2025-08-02T09:27:11","slug":"derive-autoritaire-de-trump-mecontent-des-chiffres-de-lemploi-il-en-licencie-la-statisticienne-en-cheffe-liberation","status":"publish","type":"post","link":"https:\/\/www.europesays.com\/fr\/291036\/","title":{"rendered":"D\u00e9rive autoritaire de Trump : m\u00e9content des chiffres de l\u2019emploi, il en licencie la statisticienne en cheffe &#8211; Lib\u00e9ration"},"content":{"rendered":"<ol>\n<li><a href=\"https:\/\/news.google.com\/rss\/articles\/CBMikAJBVV95cUxOXzFlaVhvM04wdk9abnZPdXNPdmd4bERpU0l3aXRUejhPZXRUY3p2cXI4czlzQVBmc182WUpBNkNyWEFjZzVmVEpMaEFFdUt6Rld0c2R5Sng0VC1HUkVIZmhESmd6STFDemxzeUFRSXVsTkJncm1CUjBpX1JBeFM0WVRnR3Rsb1lLcDU1aUt0RDQ4RzJqalFxcjRPTVplRGtPLVVFRGxHSjFROHN4RmY0YzBCUFpacUVHUnhVRnEyMUExaHVkNzRYbVZ6VUdFbkl1eEVsOWdxYXNrRGNRUUVMcnRURVlqM0Z0ckxSWm5RYWdQWWduMU9zbDB1VnJCLXQ4TmJzU3J3QWNGbm93R2pjZQ?oc=5\" target=\"_blank\" rel=\"nofollow noopener\">D\u00e9rive autoritaire de Trump : m\u00e9content des chiffres de l\u2019emploi, il en licencie la statisticienne en cheffe<\/a>&nbsp;&nbsp;Lib\u00e9ration<\/li>\n<li><a href=\"https:\/\/news.google.com\/rss\/articles\/CBMi-gFBVV95cUxNOGgxV3VqVVVaSUFfblRsWWh3OFpTTmFEcjdTbkZiQWwyVW1SMW9tM04tNDBVTjJ1U21DUW5MSVVjSGlRRVNUcGdWRmdUSlo5SlB2c0RqTnFaWThlc2Z6eDRCaU9lS3RNVUhKVUxFY21UeFpKRWZlS2NzbW0xNE94M3NfZEpKRHpLY0trZHd0Wk5SbHMxZXBROEJaLWg4c2VLSjJfeEIxamhfU3dvMDF4ZVNqQ2h4SFF2WUxtUG9PNmF3UDhGTi1sejJ5Sl9XQXgxa3ZIZjdLY2lES0VrbkhCMXFUX05sUmRyblZuNmU5YnpqaGhwY1FnTUdB?oc=5\" target=\"_blank\" rel=\"nofollow noopener\">Apr\u00e8s de tr\u00e8s mauvais chiffres de l\u2019emploi, Donald Trump renvoie la responsable des statistiques et accro\u00eet sa pression sur la Fed<\/a>&nbsp;&nbsp;Le Monde.fr<\/li>\n<li><a href=\"https:\/\/news.google.com\/rss\/articles\/CBMixgFBVV95cUxQRjkzZzlDcGpXNGFTYXVmRW9JM2NfTG11MVE5ZmpJWUFJaHByUVhrdDBqZHJsSWdrVGNDcGpLQ3ByNWt0dEd4VXFFTF9PV2ljbHAxMi1HUEgwWUhnVDJxZTA1aXNLdC1keXlDTUFBSWtwdlMtQlJGSEJQYU8xNFAwcC1jM1hqS2tvLXpBc1lxLUFTVzhLM0gxU0pSQXVSVXFWQ09aN1RpcGN0U2c1UVF5SWxIbEFCT2N4cWw4VC1ZZFhzd1BhcXc?oc=5\" target=\"_blank\" rel=\"nofollow noopener\">Aux Etats-Unis, le march\u00e9 du travail cale sous le poids des politiques de Trump<\/a>&nbsp;&nbsp;Les Echos<\/li>\n<li><a href=\"https:\/\/news.google.com\/rss\/articles\/CBMi7gFBVV95cUxOWmhKanRTZUhVb2VmaVlVZllfeGJyVEhfU1AweDFhT2VUR3pNcG8xUmwwRWViT2hwVEVCYlJuVFl1aWQwZ1dMT1RNYXBCeFpYaDhtSnBrVE1RZTdGS1dDQUM3elB0U1NFV3ZScDM2ZFZsOEpFeUJjSkgteHJLZmdwSUdweE5GTFpkUVNRMWVLSjNxNjdHLXBKbm5uWEZ3bVFPNmcyUVlJcGM1YTBzNUZvaE1vZXgxM1c1dTNYTVZiMlFSbXJBNzJYX2N1TEtYWmhLcHJMZjJ5UThkOWFXalM4Vmg1OE53SlZ3N1BscWF3?oc=5\" target=\"_blank\" rel=\"nofollow noopener\">Trump renvoie la cheffe des statistiques, Gaza, Chili : les informations de la nuit<\/a>&nbsp;&nbsp;Courrier international<\/li>\n<li><a href=\"https:\/\/news.google.com\/rss\/articles\/CBMirAFBVV95cUxQTS1Ia2REUldBNkp5anhWZV85Y3ZsUUo5X1hWVnA4Sm12azBYVDhDUWFDM05LTHBiTXlILUtSbTFKbTA5a0ZBMXVNa2g5aVA4Ql9UNHVyMzczY2hCZXdCY1d2bnB3SzNhTlBjMHVQNm9RRkhTZkQzX2NKdTZ1eXJxR05OT053Qy05ZngteDNQUFJKRGZVc1BlSXdZbGFBd3dCaWo3YlRiYndmelpk?oc=5\" target=\"_blank\" rel=\"nofollow noopener\">\u00abElle a truqu\u00e9 les chiffres\u00bb : Donald Trump renvoie la cheffe d&rsquo;une agence de statistiques \u00e9conomiques apr\u00e8s la publication de mauvais r\u00e9sultats sur le ch\u00f4mage<\/a>&nbsp;&nbsp;CNews<\/li>\n<\/ol>\n","protected":false},"excerpt":{"rendered":"D\u00e9rive autoritaire de Trump : m\u00e9content des chiffres de l\u2019emploi, il en licencie la statisticienne en cheffe&nbsp;&nbsp;Lib\u00e9ration Apr\u00e8s&hellip;\n","protected":false},"author":2,"featured_media":291037,"comment_status":"","ping_status":"","sticky":false,"template":"","format":"standard","meta":{"footnotes":""},"categories":[6],"tags":[35,75,33,34,73,1011,27,1074],"class_list":{"0":"post-291036","1":"post","2":"type-post","3":"status-publish","4":"format-standard","5":"has-post-thumbnail","7":"category-economie","8":"tag-business","9":"tag-donald-trump","10":"tag-economie","11":"tag-economy","12":"tag-etats-unis","13":"tag-fr","14":"tag-france","15":"tag-guerre-commerciale"},"share_on_mastodon":{"url":"https:\/\/pubeurope.com\/@fr\/114958463996564723","error":""},"_links":{"self":[{"href":"https:\/\/www.europesays.com\/fr\/wp-json\/wp\/v2\/posts\/291036","targetHints":{"allow":["GET"]}}],"collection":[{"href":"https:\/\/www.europesays.com\/fr\/wp-json\/wp\/v2\/posts"}],"about":[{"href":"https:\/\/www.europesays.com\/fr\/wp-json\/wp\/v2\/types\/post"}],"author":[{"embeddable":true,"href":"https:\/\/www.europesays.com\/fr\/wp-json\/wp\/v2\/users\/2"}],"replies":[{"embeddable":true,"href":"https:\/\/www.europesays.com\/fr\/wp-json\/wp\/v2\/comments?post=291036"}],"version-history":[{"count":0,"href":"https:\/\/www.europesays.com\/fr\/wp-json\/wp\/v2\/posts\/291036\/revisions"}],"wp:featuredmedia":[{"embeddable":true,"href":"https:\/\/www.europesays.com\/fr\/wp-json\/wp\/v2\/media\/291037"}],"wp:attachment":[{"href":"https:\/\/www.europesays.com\/fr\/wp-json\/wp\/v2\/media?parent=291036"}],"wp:term":[{"taxonomy":"category","embeddable":true,"href":"https:\/\/www.europesays.com\/fr\/wp-json\/wp\/v2\/categories?post=291036"},{"taxonomy":"post_tag","embeddable":true,"href":"https:\/\/www.europesays.com\/fr\/wp-json\/wp\/v2\/tags?post=291036"}],"curies":[{"name":"wp","href":"https:\/\/api.w.org\/{rel}","templated":true}]}}