{"id":291045,"date":"2025-08-02T09:35:46","date_gmt":"2025-08-02T09:35:46","guid":{"rendered":"https:\/\/www.europesays.com\/fr\/291045\/"},"modified":"2025-08-02T09:35:46","modified_gmt":"2025-08-02T09:35:46","slug":"villers-les-nancy-au-jardin-botanique-le-phallus-de-titan-sest-epanoui","status":"publish","type":"post","link":"https:\/\/www.europesays.com\/fr\/291045\/","title":{"rendered":"Villers-l\u00e8s-Nancy. Au jardin botanique, le phallus de Titan s\u2019est \u00e9panoui"},"content":{"rendered":"<p>Il s\u2019est fait un peu attendre, mais cela en valait la peine. <a href=\"https:\/\/www.estrepublicain.fr\/environnement\/2025\/07\/31\/phallus-de-titan-l-heure-de-la-floraison-est-enfin-arrivee\" target=\"_blank\" rel=\"noopener\">\u00ab Tintin \u00bb, le c\u00e9l\u00e8bre Arum Titan, qui a entam\u00e9 sa seconde floraison ce jeudi matin,<\/a> s\u2019est compl\u00e8tement \u00e9panoui ce vendredi, pour le plus grand plaisir des visiteurs qui se sont d\u00e9plac\u00e9s en masse au jardin botanique de Villers-l\u00e8s-Nancy (5 000 personnes en deux jours). Tintin devrait faire valoir toute sa splendeur durant tout le week-end encore, avant que son appendice central, le spadice, ne s\u2019effondre (vraisemblablement lundi).<\/p>\n<p>Ce contenu est bloqu\u00e9 car vous n&rsquo;avez pas accept\u00e9 les cookies et autres traceurs.<\/p>\n<p>En cliquant sur \u00ab J\u2019accepte \u00bb, les cookies et autres traceurs seront d\u00e9pos\u00e9s et vous pourrez visualiser les contenus  (<a href=\"\" class=\"consentModule_policy\" target=\"_blank\" title=\"Consulter la politique de protection des donn\u00e9es du fournisseur\">plus d&rsquo;informations<\/a>).<\/p>\n<p>En cliquant sur \u00ab J\u2019accepte tous les cookies \u00bb, vous autorisez des d\u00e9p\u00f4ts de cookies et autres traceurs pour le stockage de vos donn\u00e9es sur nos sites et applications \u00e0 des fins de personnalisation et de ciblage publicitaire.<\/p>\n<p class=\"consentModule_secondaryText\">Vous gardez la possibilit\u00e9 de retirer votre consentement \u00e0 tout moment en consultant notre <a href=\"https:\/\/www.estrepublicain.fr\/protection-des-donnees\" target=\"_blank\" title=\"Consulter notre politique de protection des donn\u00e9es\" rel=\"noopener\">politique de protection des donn\u00e9es<\/a>. <br \/>&#13;<br \/>\n            <a href=\"https:\/\/www.estrepublicain.fr\/environnement\/2025\/08\/01\/javascript:Didomi.notice.show()\" class=\"consentModule_cmp\" target=\"_blank\" rel=\"noopener\">G\u00e9rer mes choix<\/a>&#13;\n        <\/p>\n<p>&#13;<br \/>\n                        J&rsquo;accepte&#13;<br \/>\n            J&rsquo;accepte tous les cookies&#13;\n        <\/p>\n<p>\u00c0 noter que c\u2019est une premi\u00e8re pour un jardin botanique fran\u00e7ais. Mais la r\u00e9p\u00e9tition de la floraison n\u2019est pas le seul record d\u00e9tenu par Tintin, il est \u00e9galement le plus haut Arum Titan qu\u2019ait connu la France en d\u00e9passant son pr\u00e9c\u00e9dent exploit de plus de 20 cm, atteignant 2m16 ! <\/p>\n<p>Les horaires du jardin botanique de Villers restent inchang\u00e9s ce week-end. <\/p>\n<p>Exceptionnellement, la journ\u00e9e de dimanche sera payante.<\/p>\n","protected":false},"excerpt":{"rendered":"Il s\u2019est fait un peu attendre, mais cela en valait la peine. \u00ab Tintin \u00bb, le c\u00e9l\u00e8bre Arum&hellip;\n","protected":false},"author":2,"featured_media":291046,"comment_status":"","ping_status":"","sticky":false,"template":"","format":"standard","meta":{"footnotes":""},"categories":[9635],"tags":[1111,11,1704,436,1777,674,1011,27,775,1757,10262,1702,12,25,10261],"class_list":{"0":"post-291045","1":"post","2":"type-post","3":"status-publish","4":"format-standard","5":"has-post-thumbnail","7":"category-nancy","8":"tag-actu","9":"tag-actualites","10":"tag-edition-nancy-et-agglomeration","11":"tag-environnement","12":"tag-eu","13":"tag-europe","14":"tag-fr","15":"tag-france","16":"tag-grand-est","17":"tag-insolite","18":"tag-metropole-du-grand-nancy-54b5","19":"tag-nancy","20":"tag-news","21":"tag-republique-francaise","22":"tag-villers-les-nancy"},"share_on_mastodon":{"url":"https:\/\/pubeurope.com\/@fr\/114958494900152302","error":""},"_links":{"self":[{"href":"https:\/\/www.europesays.com\/fr\/wp-json\/wp\/v2\/posts\/291045","targetHints":{"allow":["GET"]}}],"collection":[{"href":"https:\/\/www.europesays.com\/fr\/wp-json\/wp\/v2\/posts"}],"about":[{"href":"https:\/\/www.europesays.com\/fr\/wp-json\/wp\/v2\/types\/post"}],"author":[{"embeddable":true,"href":"https:\/\/www.europesays.com\/fr\/wp-json\/wp\/v2\/users\/2"}],"replies":[{"embeddable":true,"href":"https:\/\/www.europesays.com\/fr\/wp-json\/wp\/v2\/comments?post=291045"}],"version-history":[{"count":0,"href":"https:\/\/www.europesays.com\/fr\/wp-json\/wp\/v2\/posts\/291045\/revisions"}],"wp:featuredmedia":[{"embeddable":true,"href":"https:\/\/www.europesays.com\/fr\/wp-json\/wp\/v2\/media\/291046"}],"wp:attachment":[{"href":"https:\/\/www.europesays.com\/fr\/wp-json\/wp\/v2\/media?parent=291045"}],"wp:term":[{"taxonomy":"category","embeddable":true,"href":"https:\/\/www.europesays.com\/fr\/wp-json\/wp\/v2\/categories?post=291045"},{"taxonomy":"post_tag","embeddable":true,"href":"https:\/\/www.europesays.com\/fr\/wp-json\/wp\/v2\/tags?post=291045"}],"curies":[{"name":"wp","href":"https:\/\/api.w.org\/{rel}","templated":true}]}}