{"id":291051,"date":"2025-08-02T09:38:22","date_gmt":"2025-08-02T09:38:22","guid":{"rendered":"https:\/\/www.europesays.com\/fr\/291051\/"},"modified":"2025-08-02T09:38:22","modified_gmt":"2025-08-02T09:38:22","slug":"une-cave-cache-pres-de-1-200-paquets-de-cigarettes-et-du-cannabis","status":"publish","type":"post","link":"https:\/\/www.europesays.com\/fr\/291051\/","title":{"rendered":"une cave cache pr\u00e8s de 1 200 paquets de cigarettes et du cannabis"},"content":{"rendered":"<p>            Par<br \/>\n        <strong><br \/>\n            <a href=\"https:\/\/actu.fr\/auteur\/lea-pippinato\" title=\"Consulter tous les articles de L\u00e9a Pippinato\" rel=\"nofollow noopener\" target=\"_blank\">L\u00e9a Pippinato<\/a><br \/>\n        <\/strong><\/p>\n<p>        Publi\u00e9 le<\/p>\n<p>            1 ao\u00fbt 2025 \u00e0 10h40<br \/>\n        ; mis \u00e0 jour le 1 ao\u00fbt 2025 \u00e0 10h57    <\/p>\n<p><strong>Ce lundi 29 juillet 2025<\/strong>, entre 16h et 17h, une op\u00e9ration de s\u00e9curisation a eu lieu dans une r\u00e9sidence situ\u00e9e avenue de Lod\u00e8ve, \u00e0 Montpellier. Les effectifs du commissariat de la Mosson sont intervenus sur place, appuy\u00e9s par deux agents de la police municipale et un chien sp\u00e9cialis\u00e9 dans la d\u00e9tection de stup\u00e9fiants. L\u2019op\u00e9ration visait \u00e0 inspecter les parties communes de l\u2019immeuble.<\/p>\n<p>    <a href=\"https:\/\/www.google.com\/maps\/embed?pb=!1m18!1m12!1m3!1d2888.791303398268!2d3.8457966764599947!3d43.61088677110427!2m3!1f0!2f0!3f0!3m2!1i1024!2i768!4f13.1!3m3!1m2!1s0x12b6aef59227691f%3A0x5751478ea578fcf6!2sAv.%20de%20Lodeve%2C%20Montpellier!5e0!3m2!1sen!2sfr!4v1754037469407!5m2!1sen!2sfr\" title=\"Ouvrie le lien\" rel=\"nofollow noopener\" target=\"_blank\">Cliquez ici pour visualiser le contenu<\/a><\/p>\n<p>Une cave utilis\u00e9e pour stocker des produits ill\u00e9gaux<\/p>\n<p class=\" wall-content\">Au cours de l\u2019intervention, le chien a marqu\u00e9 un arr\u00eat dans deux parties communes distinctes. Une fouille approfondie a \u00e9t\u00e9 engag\u00e9e. Les policiers ont d\u00e9couvert une cave contenant plusieurs sacs et cartons. \u00c0 l\u2019int\u00e9rieur se trouvaient des produits stup\u00e9fiants ainsi que des cigarettes de contrebande.<\/p>\n<p class=\" wall-content\">Les policiers ont mis au jour 487 paquets de cigarettes de la marque Marlboro et 710 paquets de Winston. Ils ont \u00e9galement saisi 117 g de r\u00e9sine de cannabis et plus de 80 g d\u2019herbe. La valeur marchande estim\u00e9e des cigarettes s\u2019\u00e9l\u00e8ve \u00e0 <strong>environ 15 000 euros<\/strong>. Tous les produits saisis ont \u00e9t\u00e9 plac\u00e9s sous scell\u00e9s. Ils seront d\u00e9truits conform\u00e9ment \u00e0 la proc\u00e9dure habituelle. L\u2019enqu\u00eate se poursuit afin d\u2019identifier les responsables du stockage.\u00a0<\/p>\n<p class=\" wall-content\">Suivez toute l\u2019actualit\u00e9 de vos villes et m\u00e9dias favoris en vous inscrivant \u00e0 <a href=\"https:\/\/moncompte.actu.fr\" title=\"D\u00e9couvez Mon Actu\" rel=\"nofollow noopener\" data-trk=\"{&quot;cta&quot;:{&quot;action&quot;:&quot;https:\\\/\\\/moncompte.actu.fr&quot;,&quot;category&quot;:&quot;mon compte&quot;,&quot;from&quot;:&quot;article footer&quot;,&quot;name&quot;:&quot;Mon actu&quot;,&quot;type&quot;:&quot;cta&quot;}}\" target=\"_blank\">Mon Actu<\/a>.<\/p>\n","protected":false},"excerpt":{"rendered":"Par L\u00e9a Pippinato Publi\u00e9 le 1 ao\u00fbt 2025 \u00e0 10h40 ; mis \u00e0 jour le 1 ao\u00fbt 2025&hellip;\n","protected":false},"author":2,"featured_media":291052,"comment_status":"","ping_status":"","sticky":false,"template":"","format":"standard","meta":{"footnotes":""},"categories":[9599],"tags":[1111,11,1052,1777,674,118,1011,27,2208,12,2680,1072,25],"class_list":{"0":"post-291051","1":"post","2":"type-post","3":"status-publish","4":"format-standard","5":"has-post-thumbnail","7":"category-montpellier","8":"tag-actu","9":"tag-actualites","10":"tag-drogue","11":"tag-eu","12":"tag-europe","13":"tag-faits-divers","14":"tag-fr","15":"tag-france","16":"tag-montpellier","17":"tag-news","18":"tag-occitanie","19":"tag-police","20":"tag-republique-francaise"},"share_on_mastodon":{"url":"https:\/\/pubeurope.com\/@fr\/114958506703696898","error":""},"_links":{"self":[{"href":"https:\/\/www.europesays.com\/fr\/wp-json\/wp\/v2\/posts\/291051","targetHints":{"allow":["GET"]}}],"collection":[{"href":"https:\/\/www.europesays.com\/fr\/wp-json\/wp\/v2\/posts"}],"about":[{"href":"https:\/\/www.europesays.com\/fr\/wp-json\/wp\/v2\/types\/post"}],"author":[{"embeddable":true,"href":"https:\/\/www.europesays.com\/fr\/wp-json\/wp\/v2\/users\/2"}],"replies":[{"embeddable":true,"href":"https:\/\/www.europesays.com\/fr\/wp-json\/wp\/v2\/comments?post=291051"}],"version-history":[{"count":0,"href":"https:\/\/www.europesays.com\/fr\/wp-json\/wp\/v2\/posts\/291051\/revisions"}],"wp:featuredmedia":[{"embeddable":true,"href":"https:\/\/www.europesays.com\/fr\/wp-json\/wp\/v2\/media\/291052"}],"wp:attachment":[{"href":"https:\/\/www.europesays.com\/fr\/wp-json\/wp\/v2\/media?parent=291051"}],"wp:term":[{"taxonomy":"category","embeddable":true,"href":"https:\/\/www.europesays.com\/fr\/wp-json\/wp\/v2\/categories?post=291051"},{"taxonomy":"post_tag","embeddable":true,"href":"https:\/\/www.europesays.com\/fr\/wp-json\/wp\/v2\/tags?post=291051"}],"curies":[{"name":"wp","href":"https:\/\/api.w.org\/{rel}","templated":true}]}}