{"id":291055,"date":"2025-08-02T09:41:17","date_gmt":"2025-08-02T09:41:17","guid":{"rendered":"https:\/\/www.europesays.com\/fr\/291055\/"},"modified":"2025-08-02T09:41:17","modified_gmt":"2025-08-02T09:41:17","slug":"notre-selection-de-la-semaine","status":"publish","type":"post","link":"https:\/\/www.europesays.com\/fr\/291055\/","title":{"rendered":"Notre s\u00e9lection de la semaine"},"content":{"rendered":"<p><strong>Agenda des concerts\u00a0: les <\/strong><strong>Dialogues des Carm\u00e9lites<\/strong><strong> de Poulenc \u00e0 l\u2019Op\u00e9ra de Rouen, le Bol\u00e9ro de Ravel par l\u2019Orchestre national du Capitole \u00e0 Toulouse et le Concerto pour violon n\u00b02 de Mendelssohn \u00e0 Strasbourg\u00a0: d\u00e9couvrez la s\u00e9lection Radio Classique des rendez-vous \u00e0 ne pas manquer dans les prochains jours<\/strong><\/p>\n<p><strong>4 f\u00e9vrier\u00a0: Dialogues des Carm\u00e9lites \u00e0 l\u2019Op\u00e9ra de Rouen <\/strong><\/p>\n<p>Derni\u00e8re repr\u00e9sentation ce mardi des <a href=\"https:\/\/www.radioclassique.fr\/classique\/concerts-festivals\/dialogues-des-carmelites-de-poulenc-a-lopera-de-rouen-une-des-partitions-les-plus-bouleversantes-du-repertoire\/\" rel=\"nofollow noopener\" target=\"_blank\">Dialogues des Carm\u00e9lites <\/a>de Poulenc \u00e0 l\u2019Op\u00e9ra de Rouen. Ce chef d\u2019\u0153uvre lyrique du XXe si\u00e8cle est d\u00e9fendu par une distribution cent pourcent fran\u00e7aise regroupant quelques espoirs du chant hexagonal, comme H\u00e9l\u00e8ne Carpentier dans le r\u00f4le de Blanche, Emy Gazeilles dans celui de S\u0153ur Constance, tandis qu\u2019Eug\u00e9nie Joneau chante M\u00e8re Marie et Julien Henric Le Chevalier de La Force. L\u2019Orchestre de l\u2019Op\u00e9ra de Rouen Normandie et l\u2019Orchestre R\u00e9gional de Normandie sont dirig\u00e9s par Ben Glassberg. La mise en sc\u00e8ne est sign\u00e9e Tiphaine Raffier.<\/p>\n<p><strong>6 et 7 f\u00e9vrier\u00a0: Le Bol\u00e9ro de Ravel par l\u2019Orchestre national du Capitole \u00e0 Toulouse<\/strong><\/p>\n<p>En cette ann\u00e9e du 150e anniversaire de la naissance de <a href=\"https:\/\/www.radioclassique.fr\/classique\/insolite\/150-ans-de-maurice-ravel-la-poste-emet-un-timbre-a-leffigie-du-compositeur\/\" rel=\"nofollow noopener\" target=\"_blank\">Ravel<\/a>, l\u2019Orchestre national du Capitole programme son Bol\u00e9ro, sous la direction du chef espagnol Josef Pons. L\u2019Espagne sera d\u2019ailleurs le fil conducteur de ce concert avec deux autres pi\u00e8ces de Ravel\u00a0: l\u2019Alborado del gracioso et la Rapsodie espagnole. Au programme \u00e9galement les Nuits dans les jardins d\u2019Espagne de De Falla jou\u00e9es par un autre artiste espagnol, le pianiste Javier Perianes. Ce concert sera diffus\u00e9 sur Radio Classique le samedi 1er mars \u00e0 20 heures.<\/p>\n<p><strong>6 f\u00e9vrier\u00a0: Le Concerto pour violon n\u00b02 de Mendelssohn \u00e0 Strasbourg<\/strong><\/p>\n<p>Ce n\u2019est pas le concerto pour violon le plus programm\u00e9, et pourtant quel chef-d\u2019\u0153uvre\u00a0! Le <a href=\"https:\/\/www.radioclassique.fr\/histoire\/oeuvres\/le-concerto-pour-violon-de-mendelssohn-joyau-du-romantisme-allemand\/\" rel=\"nofollow noopener\" target=\"_blank\">Concerto pour violon n\u00b02 <\/a>de Mendelssohn sera jou\u00e9 par Liya Petrova avec l\u2019Orchestre Philharmonique de Strasbourg dirig\u00e9 par Michael Sanderling.<\/p>\n<p style=\"color: #282828; text-align: left;\">A lire aussi<\/p>\n<p>\u00a0<\/p>\n<p>En seconde partie, la Symphonie n\u00b04 \u00ab\u00a0Romantique\u00a0\u00bb de Bruckner. Ce concert sera diffus\u00e9 sur Radio Classique le dimanche 23 mars \u00e0 20 heures.<\/p>\n<p><strong>Jean-Michel Dhuez<\/strong><\/p>\n<p style=\"color: white; text-align: left;\"><strong>Retrouvez l\u2019actualit\u00e9 du Classique<\/strong><\/p>\n","protected":false},"excerpt":{"rendered":"Agenda des concerts\u00a0: les Dialogues des Carm\u00e9lites de Poulenc \u00e0 l\u2019Op\u00e9ra de Rouen, le Bol\u00e9ro de Ravel par&hellip;\n","protected":false},"author":2,"featured_media":291056,"comment_status":"","ping_status":"","sticky":false,"template":"","format":"standard","meta":{"footnotes":""},"categories":[9587],"tags":[1111,11,1777,674,1011,27,12,5161,25,9590],"class_list":{"0":"post-291055","1":"post","2":"type-post","3":"status-publish","4":"format-standard","5":"has-post-thumbnail","7":"category-rouen","8":"tag-actu","9":"tag-actualites","10":"tag-eu","11":"tag-europe","12":"tag-fr","13":"tag-france","14":"tag-news","15":"tag-normandie","16":"tag-republique-francaise","17":"tag-rouen"},"share_on_mastodon":{"url":"https:\/\/pubeurope.com\/@fr\/114958518463512789","error":""},"_links":{"self":[{"href":"https:\/\/www.europesays.com\/fr\/wp-json\/wp\/v2\/posts\/291055","targetHints":{"allow":["GET"]}}],"collection":[{"href":"https:\/\/www.europesays.com\/fr\/wp-json\/wp\/v2\/posts"}],"about":[{"href":"https:\/\/www.europesays.com\/fr\/wp-json\/wp\/v2\/types\/post"}],"author":[{"embeddable":true,"href":"https:\/\/www.europesays.com\/fr\/wp-json\/wp\/v2\/users\/2"}],"replies":[{"embeddable":true,"href":"https:\/\/www.europesays.com\/fr\/wp-json\/wp\/v2\/comments?post=291055"}],"version-history":[{"count":0,"href":"https:\/\/www.europesays.com\/fr\/wp-json\/wp\/v2\/posts\/291055\/revisions"}],"wp:featuredmedia":[{"embeddable":true,"href":"https:\/\/www.europesays.com\/fr\/wp-json\/wp\/v2\/media\/291056"}],"wp:attachment":[{"href":"https:\/\/www.europesays.com\/fr\/wp-json\/wp\/v2\/media?parent=291055"}],"wp:term":[{"taxonomy":"category","embeddable":true,"href":"https:\/\/www.europesays.com\/fr\/wp-json\/wp\/v2\/categories?post=291055"},{"taxonomy":"post_tag","embeddable":true,"href":"https:\/\/www.europesays.com\/fr\/wp-json\/wp\/v2\/tags?post=291055"}],"curies":[{"name":"wp","href":"https:\/\/api.w.org\/{rel}","templated":true}]}}