{"id":291057,"date":"2025-08-02T09:42:24","date_gmt":"2025-08-02T09:42:24","guid":{"rendered":"https:\/\/www.europesays.com\/fr\/291057\/"},"modified":"2025-08-02T09:42:24","modified_gmt":"2025-08-02T09:42:24","slug":"une-mere-raconte-son-combat-au-palais-de-justice-de-rouen","status":"publish","type":"post","link":"https:\/\/www.europesays.com\/fr\/291057\/","title":{"rendered":"Une m\u00e8re raconte son combat au palais de justice de Rouen"},"content":{"rendered":"<p>Le 1er ao\u00fbt 2025, la ville de Rouen a \u00e9t\u00e9 le th\u00e9\u00e2tre d\u2019une \u00e9mouvante manifestation de solidarit\u00e9. Une m\u00e8re, Esther Diego, a pris la parole devant le palais de justice pour parler de son fils, Slymane Lerouge, brutalement emport\u00e9 par un incendie criminel deux ans plus t\u00f4t. Ce jour-l\u00e0, une trentaine de proches et d\u2019amis se sont rassembl\u00e9s pour d\u00e9noncer ce qu\u2019ils per\u00e7oivent comme une <strong>inaction judiciaire<\/strong> face au drame tragique qu\u2019a engendr\u00e9 la perte de ce jeune homme de 25 ans. D\u00e9sesp\u00e9r\u00e9e, mais d\u00e9termin\u00e9e \u00e0 faire avancer les choses, elle a partag\u00e9 son incroyable douleur et son besoin de justice.<\/p>\n<p>Le drame de Slymane Lerouge : un incendie meurtrier<\/p>\n<p>Slymane Lerouge a perdu la vie dans la nuit du 31 juillet au 1er ao\u00fbt 2023, en raison des fum\u00e9es toxiques g\u00e9n\u00e9r\u00e9es par un incendie survenu dans son immeuble de Caudebec-l\u00e8s-Elbeuf, en Seine-Maritime. Au sein de cet immeuble, o\u00f9 des \u00e9v\u00e9nements tragiques se sont d\u00e9roul\u00e9s, la chaleur et la d\u00e9sorganisation ont conduit \u00e0 des cons\u00e9quences fatales. <\/p>\n<p>Esther Diego se souvient du moment o\u00f9 cette trag\u00e9die a frapp\u00e9 sa famille. Pour beaucoup, il est difficile d\u2019imaginer la douleur provoqu\u00e9e par la perte de son propre enfant. La m\u00e8re a exprim\u00e9 dans son discours que l\u2019attente de justice \u00e9tait insoutenable, car jusqu\u2019\u00e0 pr\u00e9sent, l\u2019enqu\u00eate ouverte en 2023 stagnait. Une <strong>enqu\u00eate au point mort<\/strong>, selon ses propres mots, qui t\u00e9moigne d\u2019un syst\u00e8me judiciaire per\u00e7u comme d\u00e9faillant.<\/p>\n<p>Une enqu\u00eate qui pi\u00e9tine<\/p>\n<p>Apr\u00e8s plus de huit mois d\u2019enqu\u00eate pr\u00e9liminaire, la famille Dunne n\u2019a re\u00e7u aucune information nouvelle sur le dossier, laissant Esther Diego et ses proches dans l\u2019incompr\u00e9hension. Les plus proches de Slymane craignent que cet abominable incident soit oubli\u00e9 par les autorit\u00e9s.<\/p>\n<ul class=\"wp-block-list\">\n<li>Absence de communication avec les enqu\u00eateurs<\/li>\n<li>Sensations d\u2019abandon judiciaire<\/li>\n<li>Des promesses de solutions qui n\u2019arrivent jamais<\/li>\n<\/ul>\n<p>Dans plusieurs m\u00e9dias, Esther a d\u00e9clar\u00e9 : \u00ab Huit mois d\u2019enqu\u00eate pr\u00e9liminaire, et depuis, silence radio. On ne nous informe de rien, on n\u2019est pas re\u00e7us, pas \u00e9cout\u00e9s. \u00bb Ces mots r\u00e9sonnent non seulement en elle, mais aussi dans toute une communaut\u00e9 qui se sent laiss\u00e9e pour compte.<\/p>\n<tr>\n\u00c9v\u00e9nements cl\u00e9s<br \/>\nDate<br \/>\n<\/tr>\n<tr>\n<td>Incendie fatal<\/td>\n<td>31 juillet \u2013 1er ao\u00fbt 2023<\/td>\n<\/tr>\n<tr>\n<td>D\u00e9but de l\u2019enqu\u00eate<\/td>\n<td>ao\u00fbt 2023<\/td>\n<\/tr>\n<tr>\n<td>Manifestation au Palais de Justice<\/td>\n<td>1er ao\u00fbt 2025<\/td>\n<\/tr>\n<p>Une mobilisation \u00e9motive autour de la qu\u00eate de justice<\/p>\n<p>La pr\u00e9sence du maire de Caudebec-l\u00e8s-Elbeuf, Laurent Bonnaterre, lors de la manifestation t\u00e9moigne de l\u2019ampleur de ce drame. \u00c0 ses c\u00f4t\u00e9s, de nombreux amis, membres de la famille et citoyens se sont joints \u00e0 Esther pour exprimer leur frustration face \u00e0 la lenteur des r\u00e9ponses judiciaires. En effet, un sentiment de <strong>solidarit\u00e9<\/strong> s\u2019est intensifi\u00e9, unissant des gens de tous horizons dans cette qu\u00eate de <strong>v\u00e9rit\u00e9<\/strong>.<\/p>\n<p>Lors de ce rassemblement, il a d\u00e9clar\u00e9 : \u00ab Nous n\u2019avons moins encore que la famille de r\u00e9ponses de la part de la justice. \u00bb Cet \u00e9nonc\u00e9 stipule clairement la d\u00e9ception et le sentiment d\u2019\u00e9rosion de la confiance envers un syst\u00e8me qui para\u00eet inadapt\u00e9 aux attentes des citoyens. La col\u00e8re et l\u2019inqui\u00e9tude s\u2019entrem\u00ealent alors, alors que les proches se battent contre une justice \u00e0 plusieurs vitesses.<\/p>\n<p>Manifestations, marches blanches et au-del\u00e0<\/p>\n<p>Pour honorer la m\u00e9moire de Slymane, plusieurs actions ont eu lieu depuis le drame, y compris une marche blanche organis\u00e9e quelques jours apr\u00e8s l\u2019incendie. Ces manifestations visent non seulement \u00e0 rendre hommage, mais aussi \u00e0 faire pression sur les autorit\u00e9s pour obtenir des r\u00e9ponses.<\/p>\n<ul class=\"wp-block-list\">\n<li>Marche blanche en m\u00e9moire de Slymane<\/li>\n<li>Distribution de flyers pour sensibiliser le public<\/li>\n<li>Chansons et discours en hommage devant son immeuble<\/li>\n<\/ul>\n<p>Cette col\u00e8re ne semble pas r\u00e9sister \u00e0 l\u2019\u00e9preuve du temps. Au contraire, elle se transforme en d\u00e9termination. Esther Diego a exprim\u00e9 sa volont\u00e9 de rester vigilante face \u00e0 un syst\u00e8me qui semble rester immobile, allant jusqu\u2019\u00e0 annoncer une possible gr\u00e8ve de la faim si la situation perdure. Cet acte radical serait le dernier recours pour alerter l\u2019opinion publique.<\/p>\n<tr>\nActions men\u00e9es<br \/>\nDate<br \/>\n<\/tr>\n<tr>\n<td>Marche blanche<\/td>\n<td>Ao\u00fbt 2023<\/td>\n<\/tr>\n<tr>\n<td>Distribution de flyers<\/td>\n<td>2024<\/td>\n<\/tr>\n<tr>\n<td>Rassemblement au Palais de justice<\/td>\n<td>1er ao\u00fbt 2025<\/td>\n<\/tr>\n<p>Aper\u00e7u des enjeux judiciaires contemporains<\/p>\n<p>Le cas tragique de Slymane n\u2019est pas isol\u00e9. De nombreux cas devant la justice fran\u00e7aise illustrent une v\u00e9ritable crise au sein du syst\u00e8me judiciaire, o\u00f9 les familles des victimes se battent souvent seules pour obtenir <strong>justice<\/strong>. Ce qui est frappant, c\u2019est que ces affaires mettent en lumi\u00e8re des d\u00e9fis largement ignor\u00e9s par le grand public. Il est crucial d\u2019examiner les questions d\u2019\u00e9galit\u00e9, d\u2019acc\u00e8s \u00e0 l\u2019information et de suivi des enqu\u00eates.<\/p>\n<p>Des cas pr\u00e9c\u00e9dents, comme celui des \u00ab d\u00e9membreuses \u00bb de Rouen et des violences intra-familiales, soul\u00e8vent des pr\u00e9occupations sur l\u2019efficacit\u00e9 et la rigueur du syst\u00e8me judiciaire. \u00c0 l\u2019heure o\u00f9 la justice doit \u00eatre \u00e0 l\u2019\u00e9coute des victimes, une question cruciale se pose : pourquoi tant de temps pour obtenir des r\u00e9sultats? Les familles ne devraient-elles pas recevoir le soutien et l\u2019urgence qu\u2019elles m\u00e9ritent?<\/p>\n<p>Exemples de syst\u00e8mes judiciaires en difficult\u00e9<\/p>\n<p>Les r\u00e9cents \u00e9v\u00e9nements mettent en lumi\u00e8re diverses affaires o\u00f9 la justice semble lente ou incomp\u00e9tente. Les exemples incluent :<\/p>\n<ul class=\"wp-block-list\">\n<li>Affaire de l\u2019immolation au palais de justice : un cas bouleversant soulignant les cons\u00e9quences des lenteurs judiciaires.<\/li>\n<li>Proc\u00e8s des \u00ab d\u00e9membreuses \u00bb : une affaire difficile qui a mis des ann\u00e9es \u00e0 avancer et dont la couverture m\u00e9diatique a soulev\u00e9 des pr\u00e9occupations.<\/li>\n<li>Brutalit\u00e9s familiales : telles que les violences sur un enfant ou des histoires de m\u00e8res infanticides qui attirent l\u2019attention, notamment en Indre-et-Loire.<\/li>\n<\/ul>\n<p>Les diff\u00e9rents r\u00e9cits de souffrance et de <strong>r\u00e9silience<\/strong> des familles de victimes indiquent qu\u2019il y a une lutte collective pour faire entendre leurs voix. Cependant, ces histoires partag\u00e9s ajoutent \u00e9galement un autre niveau de complexit\u00e9 \u00e0 la recherche de justice.<\/p>\n<tr>\nAffaires m\u00e9diatis\u00e9es<br \/>\nNature du probl\u00e8me<br \/>\n<\/tr>\n<tr>\n<td>D\u00e9membreuses de Rouen<\/td>\n<td>Proc\u00e8s au tribunal sur une p\u00e9riode prolong\u00e9e<\/td>\n<\/tr>\n<tr>\n<td>Brutalit\u00e9s familiales<\/td>\n<td>Augmentation des signalements, lenteur de traitement<\/td>\n<\/tr>\n<tr>\n<td>Immolation au palais de justice<\/td>\n<td>Contexte tragique d\u2019un refus de modification de contr\u00f4le judiciaire<\/td>\n<\/tr>\n<p>La douleur du deuil et le besoin de soutien<\/p>\n<p>Les mots d\u2019Esther Diego, qui r\u00e9sument tant de sentiments partag\u00e9s entre les familles de victimes, repr\u00e9sentent une profonde cl\u00e9 d\u2019explication pour la communaut\u00e9 qui s\u2019efforce de trouver sa place face \u00e0 la douleur d\u2019une perte. La m\u00e9moire de Slymane doit \u00eatre honor\u00e9e, alors que son absence p\u00e8se lourdement sur les c\u0153urs de ceux qui l\u2019ont aim\u00e9.<\/p>\n<p>Le deuil est un parcours complexe, et chaque individu le vit diff\u00e9remment. Cette lutte permanente pour trouver des r\u00e9ponses renforce \u00e9galement le besoin de soutien psychologique. Les familles en deuil doivent souvent faire le chemin seul et se retrouver isol\u00e9es dans leur qu\u00eate de <strong>justice<\/strong>.<\/p>\n<p>Importance du soutien \u00e9motionnel<\/p>\n<p>Dans ces moments difficiles, les initiatives communautaires sont essentielles. Voici quelques exemples de ce que peuvent offrir les groupes de soutien :<\/p>\n<ul class=\"wp-block-list\">\n<li>S\u00e9ances de partage pour \u00e9voquer les souvenirs des disparus<\/li>\n<li>Groupes d\u2019\u00e9coute pour permettre aux familles d\u2019exprimer leur douleur<\/li>\n<li>Ateliers de r\u00e9silience pour aider \u00e0 la reconstruction personnelle<\/li>\n<\/ul>\n<p>Le soutien peut venir non seulement d\u2019amis et de proches, mais aussi d\u2019organisations et de groupes qui travaillent inlassablement pour offrir une \u00e9coute et un accompagnement dans ces \u00e9preuves. Ainsi, la communaut\u00e9 se renforce dans la douleur en partageant son v\u00e9cu et sa souffrance, tandis que chaque histoire personnelle se marie avec un profond sentiment de solidarit\u00e9.<\/p>\n<tr>\nTypes de soutien<br \/>\nDescription<br \/>\n<\/tr>\n<tr>\n<td>Soutien psychologique<\/td>\n<td>Accompagnement pour traverser le deuil et la recherche de justice<\/td>\n<\/tr>\n<tr>\n<td>Solidarit\u00e9 communautaire<\/td>\n<td>Actions collective pour faire entendre les voix des familles<\/td>\n<\/tr>\n<tr>\n<td>M\u00e9moriaux et vigiles<\/td>\n<td>Initiatives de comm\u00e9moration pour garder les souvenirs vivants<\/td>\n<\/tr>\n","protected":false},"excerpt":{"rendered":"Le 1er ao\u00fbt 2025, la ville de Rouen a \u00e9t\u00e9 le th\u00e9\u00e2tre d\u2019une \u00e9mouvante manifestation de solidarit\u00e9. Une&hellip;\n","protected":false},"author":2,"featured_media":291058,"comment_status":"","ping_status":"","sticky":false,"template":"","format":"standard","meta":{"footnotes":""},"categories":[9587],"tags":[1111,11,1777,674,1011,27,12,5161,25,9590],"class_list":{"0":"post-291057","1":"post","2":"type-post","3":"status-publish","4":"format-standard","5":"has-post-thumbnail","7":"category-rouen","8":"tag-actu","9":"tag-actualites","10":"tag-eu","11":"tag-europe","12":"tag-fr","13":"tag-france","14":"tag-news","15":"tag-normandie","16":"tag-republique-francaise","17":"tag-rouen"},"share_on_mastodon":{"url":"https:\/\/pubeurope.com\/@fr\/114958522485356154","error":""},"_links":{"self":[{"href":"https:\/\/www.europesays.com\/fr\/wp-json\/wp\/v2\/posts\/291057","targetHints":{"allow":["GET"]}}],"collection":[{"href":"https:\/\/www.europesays.com\/fr\/wp-json\/wp\/v2\/posts"}],"about":[{"href":"https:\/\/www.europesays.com\/fr\/wp-json\/wp\/v2\/types\/post"}],"author":[{"embeddable":true,"href":"https:\/\/www.europesays.com\/fr\/wp-json\/wp\/v2\/users\/2"}],"replies":[{"embeddable":true,"href":"https:\/\/www.europesays.com\/fr\/wp-json\/wp\/v2\/comments?post=291057"}],"version-history":[{"count":0,"href":"https:\/\/www.europesays.com\/fr\/wp-json\/wp\/v2\/posts\/291057\/revisions"}],"wp:featuredmedia":[{"embeddable":true,"href":"https:\/\/www.europesays.com\/fr\/wp-json\/wp\/v2\/media\/291058"}],"wp:attachment":[{"href":"https:\/\/www.europesays.com\/fr\/wp-json\/wp\/v2\/media?parent=291057"}],"wp:term":[{"taxonomy":"category","embeddable":true,"href":"https:\/\/www.europesays.com\/fr\/wp-json\/wp\/v2\/categories?post=291057"},{"taxonomy":"post_tag","embeddable":true,"href":"https:\/\/www.europesays.com\/fr\/wp-json\/wp\/v2\/tags?post=291057"}],"curies":[{"name":"wp","href":"https:\/\/api.w.org\/{rel}","templated":true}]}}