{"id":291078,"date":"2025-08-02T09:56:12","date_gmt":"2025-08-02T09:56:12","guid":{"rendered":"https:\/\/www.europesays.com\/fr\/291078\/"},"modified":"2025-08-02T09:56:12","modified_gmt":"2025-08-02T09:56:12","slug":"fcba-bordeaux-le-11-probable-des-girondins","status":"publish","type":"post","link":"https:\/\/www.europesays.com\/fr\/291078\/","title":{"rendered":"FCBA-Bordeaux : le 11 probable des Girondins"},"content":{"rendered":"<p>\n    02\/08 &#8211; 11:35 | Par la r\u00e9daction | Il y a<br \/>\n    21 minutes\n  <\/p>\n<p><strong>Bruno Irl\u00e8s a convoqu\u00e9 seulement 16 joueurs pour la rencontre de pr\u00e9paration ce samedi 2 ao\u00fbt face au FC Bassin d&rsquo;Arcachon (N3). Voici la composition d&rsquo;\u00e9quipe probable des Girondins de Bordeaux. Le coup d&rsquo;envoi est \u00e0 20h.<\/strong><\/p>\n<p><img decoding=\"async\" src=\"https:\/\/www.europesays.com\/fr\/wp-content\/uploads\/2025\/08\/671_21d7cbef58ae00a7868bfeff61f4c506.jpg\" alt=\"FCBA-Bordeaux : le 11 probable des Girondins\" class=\"img-responsive mt-3\"\/><\/p>\n<p class=\"text-center mb-3\" style=\"font-size: 14px\">\u00a9 Iconsport<\/p>\n<p>Le groupe de 16 joueurs convoqu\u00e9s est <a href=\"https:\/\/www.webgirondins.com\/actualite-girondins-fcba-bordeaux-le-groupe-des-girondins-avec-vital-nsimba-129926\" target=\"_blank\" rel=\"noopener\">disponible ici<\/a>.<\/p>\n<p>La composition d&rsquo;\u00e9quipe probable de Bruno Irl\u00e8s face au FCBA avec 9 nouveaux joueurs par rapport \u00e0 la saison derni\u00e8re :<\/p>\n<p><img decoding=\"async\" src=\"https:\/\/www.europesays.com\/fr\/wp-content\/uploads\/2025\/08\/4-4-2 (23)-1.jpg\" alt=\"4-4-2 (23)-1.jpg (77 KB)\" style=\"width:700px;max-width:100%;\"\/><\/p>\n<p>\u00a0<\/p>\n<p style=\"text-align: justify;\">\u00c0 lire &gt;&gt; <strong><a href=\"https:\/\/www.webgirondins.com\/actualite-girondins-girondins-les-5-gars-surs-de-l-effectif-de-bordeaux-2025-2026-129920\" target=\"_blank\" rel=\"noopener\">les 5 gars s\u00fbrs de l&rsquo;effectif de Bordeaux 2025-2026<\/a><\/strong><\/p>\n<p style=\"text-align: justify;\">Notre podcast court \u00e0 \u00e9couter :<\/p>\n<p>  COMMENTAIRES<br \/>\n  ()<\/p>\n","protected":false},"excerpt":{"rendered":"02\/08 &#8211; 11:35 | Par la r\u00e9daction | Il y a 21 minutes Bruno Irl\u00e8s a convoqu\u00e9 seulement&hellip;\n","protected":false},"author":2,"featured_media":291079,"comment_status":"","ping_status":"","sticky":false,"template":"","format":"standard","meta":{"footnotes":""},"categories":[2817],"tags":[1111,11,2863,23856,27493,1997,3211,3984,40199,2263,1777,674,2823,37542,1011,27,1987,3212,4059,12,2219,471,29390,12142,5486,25,3982,43032,6013],"class_list":{"0":"post-291078","1":"post","2":"type-post","3":"status-publish","4":"format-standard","5":"has-post-thumbnail","7":"category-bordeaux","8":"tag-actu","9":"tag-actualites","10":"tag-aout","11":"tag-arcachon","12":"tag-bassin","13":"tag-bordeaux","14":"tag-bruno","15":"tag-composition","16":"tag-convoque","17":"tag-equipe","18":"tag-eu","19":"tag-europe","20":"tag-face","21":"tag-fcba","22":"tag-fr","23":"tag-france","24":"tag-girondins","25":"tag-irles","26":"tag-joueurs","27":"tag-news","28":"tag-nouvelle-aquitaine","29":"tag-pour","30":"tag-preparation","31":"tag-probable","32":"tag-rencontre","33":"tag-republique-francaise","34":"tag-samedi","35":"tag-seulement","36":"tag-voici"},"share_on_mastodon":{"url":"https:\/\/pubeurope.com\/@fr\/114958577464022226","error":""},"_links":{"self":[{"href":"https:\/\/www.europesays.com\/fr\/wp-json\/wp\/v2\/posts\/291078","targetHints":{"allow":["GET"]}}],"collection":[{"href":"https:\/\/www.europesays.com\/fr\/wp-json\/wp\/v2\/posts"}],"about":[{"href":"https:\/\/www.europesays.com\/fr\/wp-json\/wp\/v2\/types\/post"}],"author":[{"embeddable":true,"href":"https:\/\/www.europesays.com\/fr\/wp-json\/wp\/v2\/users\/2"}],"replies":[{"embeddable":true,"href":"https:\/\/www.europesays.com\/fr\/wp-json\/wp\/v2\/comments?post=291078"}],"version-history":[{"count":0,"href":"https:\/\/www.europesays.com\/fr\/wp-json\/wp\/v2\/posts\/291078\/revisions"}],"wp:featuredmedia":[{"embeddable":true,"href":"https:\/\/www.europesays.com\/fr\/wp-json\/wp\/v2\/media\/291079"}],"wp:attachment":[{"href":"https:\/\/www.europesays.com\/fr\/wp-json\/wp\/v2\/media?parent=291078"}],"wp:term":[{"taxonomy":"category","embeddable":true,"href":"https:\/\/www.europesays.com\/fr\/wp-json\/wp\/v2\/categories?post=291078"},{"taxonomy":"post_tag","embeddable":true,"href":"https:\/\/www.europesays.com\/fr\/wp-json\/wp\/v2\/tags?post=291078"}],"curies":[{"name":"wp","href":"https:\/\/api.w.org\/{rel}","templated":true}]}}