{"id":291086,"date":"2025-08-02T10:00:14","date_gmt":"2025-08-02T10:00:14","guid":{"rendered":"https:\/\/www.europesays.com\/fr\/291086\/"},"modified":"2025-08-02T10:00:14","modified_gmt":"2025-08-02T10:00:14","slug":"attention-a-ces-radars-de-chantier-qui-flashent-discretement","status":"publish","type":"post","link":"https:\/\/www.europesays.com\/fr\/291086\/","title":{"rendered":"attention \u00e0 ces radars de chantier qui flashent \u00ab\u00a0discr\u00e8tement\u00a0\u00bb"},"content":{"rendered":"<p>            Par<br \/>\n        <strong><br \/>\n            <a href=\"https:\/\/actu.fr\/auteur\/annesophie-2\" title=\"Consulter tous les articles de Anne-Sophie Hourdeaux\" target=\"_blank\" rel=\"noopener\">Anne-Sophie Hourdeaux<\/a><br \/>\n        <\/strong><\/p>\n<p>        Publi\u00e9 le<\/p>\n<p>            2 ao\u00fbt 2025 \u00e0 10h56        <\/p>\n<p><b>Les travaux sur l\u2019autoroute A1<\/b> ont d\u00e9but\u00e9 le 9 juillet 2025, pour durer jusqu\u2019au 19 ao\u00fbt. Ils occasionnent plusieurs d\u00e9viations autour de <b>Lille<\/b>, et <a href=\"https:\/\/actu.fr\/hauts-de-france\/ronchin_59507\/au-sud-de-lille-lautoroute-a1-va-etre-totalement-fermee-durant-plusieurs-semaines-attention-aux-bouchons_62762022.html\" target=\"_blank\" rel=\"noopener\">des bouchons aux heures de pointe<\/a>. Mais ce n\u2019est pas le seul d\u00e9sagr\u00e9ment : <b>des radars de chantier ont \u00e9t\u00e9 install\u00e9s,<\/b> et ils flashent \u00ab\u00a0discr\u00e8tement\u00a0\u00bb !<\/p>\n<p class=\" wall-content\">INTER<\/p>\n<p class=\" wall-content\">Caroline habite La Madeleine et travaille sur le parc Eurasant\u00e9 de Loos. Elle utilise d\u2019ordinaire le tramway pour se rendre \u00e0 son travail. Mais cet \u00e9t\u00e9, <a href=\"https:\/\/actu.fr\/hauts-de-france\/lille_59350\/metropole-de-lille-aucun-tramway-ne-circulera-en-juillet-et-aout-pour-cause-de-travaux-annonce-ilevia_62751741.html\" target=\"_blank\" rel=\"noopener\">la ligne qu\u2019elle emprunte est ferm\u00e9e pour travaux<\/a>. Elle doit donc prendre sa voiture et emprunte la RN 356, direction Dunkerque.<\/p>\n<p>    <img   decoding=\"async\" loading=\"lazy\" class=\"size-large\" src=\"https:\/\/www.europesays.com\/fr\/wp-content\/uploads\/2025\/08\/c62d74792b886ba2d74792b886e2d7v-960x640.jpg\" alt=\"Les travaux sur le tronc commun A1-A25 ont commenc\u00e9 le 9 juillet et durent jusqu'au 19 ao\u00fbt 2025. La limitation de vitesse est \u00e0 50 km\/h au lieu de 70.\" width=\"960\" height=\"640\"\/><br \/>\n    Les travaux sur le tronc commun A1-A25 ont commenc\u00e9 le 9 juillet et durent jusqu\u2019au 19 ao\u00fbt 2025. La limitation de vitesse est \u00e0 50 km\/h au lieu de 70. \u00a9Anne-Sophie Hourdeaux\u00a0<\/p>\n<p class=\" wall-content\">Fin juillet, elle a eu la mauvaise surprise de recevoir <b>deux amendes pour exc\u00e8s de vitesse<\/b>, dat\u00e9es des 16 et 20 juillet. Or, elle n\u2019a pas souvenir avoir \u00e9t\u00e9 flash\u00e9e et ne d\u00e9passe pas les limitations de vitesse.<\/p>\n<p>Un panneau \u00ab\u00a0minuscule et peu visible\u00a0\u00bb<\/p>\n<p class=\" wall-content\">Elle d\u00e9couvre que c\u2019est sur la portion pr\u00e8s des travaux actuels de l\u2019A1 qu\u2019elle a \u00e9t\u00e9 prise en faute, dans le sens vers Lille. En effet, une petite portion est pass\u00e9e \u00e0 50 au lieu de 70 depuis le 9 juillet 2025. Une partie de l\u2019A1 est ferm\u00e9e pour travaux, ce qui oblige \u00e0 une d\u00e9viation vers l\u2019A25, juste avant la sortie 2 Lille-Moulins\/Faches.<\/p>\n<p class=\" wall-content\">L\u2019inqui\u00e9tude de Caroline est sur le <b>nombre de PV qu\u2019elle recevra<\/b>, car ne s\u2019\u00e9tant pas rendant compte de son infraction, elle a circul\u00e9 sur ce tron\u00e7on pendant 15 jours. Le d\u00e9lai d\u2019envoi des PV pour un radar de chantier se situe entre 2 et 4 semaines.<\/p>\n<p class=\" wall-content\">Elle estime que \u00ab\u00a0<b>le panneau indiquant la nouvelle limitation \u00e0 50 est minuscule et peu visible<\/b>\u00ab\u00a0, et que l\u2019annonce du radar est tardive, le panneau l\u2019annon\u00e7ant \u00e9tant \u00e9galement petit.<\/p>\n<p>    <img   decoding=\"async\" loading=\"lazy\" class=\"size-large\" src=\"https:\/\/www.europesays.com\/fr\/wp-content\/uploads\/2025\/08\/f59351792b886d99351792b889d935v-960x640.jpg\" alt=\"Sur la RN356, \u00e0 la jonction entre l'A1 et l'A25 en travaux cet \u00e9t\u00e9, 3 radars de chantiers flashent \u00e0 50 km\/h.\" width=\"960\" height=\"640\"\/><br \/>\n    Sur la RN356, \u00e0 la jonction entre l\u2019A1 et l\u2019A25 en travaux cet \u00e9t\u00e9, 3 radars de chantiers flashent \u00e0 50 km\/h. \u00a9Capture \u00e9cran site radars-auto.comUn espoir<\/p>\n<p class=\" wall-content\">Caroline a un espoir : que la situation \u00e9volue comme en 2023 o\u00f9 une partie de l\u2019A1 \u00e9tait aussi pass\u00e9e \u00e0 50 \u00e0 cause de travaux. En effet, les amendes envoy\u00e9es aux automobilistes avaient \u00e9t\u00e9 annul\u00e9es, rembours\u00e9es et les points perdus recouvr\u00e9s.<\/p>\n<p class=\" wall-content\">En attendant, levez bien le pied du c\u00f4t\u00e9 apr\u00e8s la sortie Lille-centre sur la RN 356, avant la sortie 2 Faches-Thumesnil ! Les travaux durent jusqu\u2019au 19 ao\u00fbt.<\/p>\n<p class=\" wall-content\">Suivez toute l\u2019actualit\u00e9 de vos villes et m\u00e9dias favoris en vous inscrivant \u00e0 <a href=\"https:\/\/moncompte.actu.fr\" title=\"D\u00e9couvez Mon Actu\" rel=\"nofollow noopener\" data-trk=\"{&quot;cta&quot;:{&quot;action&quot;:&quot;https:\\\/\\\/moncompte.actu.fr&quot;,&quot;category&quot;:&quot;mon compte&quot;,&quot;from&quot;:&quot;article footer&quot;,&quot;name&quot;:&quot;Mon actu&quot;,&quot;type&quot;:&quot;cta&quot;}}\" target=\"_blank\">Mon Actu<\/a>.<\/p>\n","protected":false},"excerpt":{"rendered":"Par Anne-Sophie Hourdeaux Publi\u00e9 le 2 ao\u00fbt 2025 \u00e0 10h56 Les travaux sur l\u2019autoroute A1 ont d\u00e9but\u00e9 le&hellip;\n","protected":false},"author":2,"featured_media":291087,"comment_status":"","ping_status":"","sticky":false,"template":"","format":"standard","meta":{"footnotes":""},"categories":[2815],"tags":[1111,11,3542,1777,674,1011,27,811,1307,12,6957,25,104,2803],"class_list":{"0":"post-291086","1":"post","2":"type-post","3":"status-publish","4":"format-standard","5":"has-post-thumbnail","7":"category-lille","8":"tag-actu","9":"tag-actualites","10":"tag-circulation","11":"tag-eu","12":"tag-europe","13":"tag-fr","14":"tag-france","15":"tag-hauts-de-france","16":"tag-lille","17":"tag-news","18":"tag-radars","19":"tag-republique-francaise","20":"tag-societe","21":"tag-transport"},"share_on_mastodon":{"url":"https:\/\/pubeurope.com\/@fr\/114958593192242738","error":""},"_links":{"self":[{"href":"https:\/\/www.europesays.com\/fr\/wp-json\/wp\/v2\/posts\/291086","targetHints":{"allow":["GET"]}}],"collection":[{"href":"https:\/\/www.europesays.com\/fr\/wp-json\/wp\/v2\/posts"}],"about":[{"href":"https:\/\/www.europesays.com\/fr\/wp-json\/wp\/v2\/types\/post"}],"author":[{"embeddable":true,"href":"https:\/\/www.europesays.com\/fr\/wp-json\/wp\/v2\/users\/2"}],"replies":[{"embeddable":true,"href":"https:\/\/www.europesays.com\/fr\/wp-json\/wp\/v2\/comments?post=291086"}],"version-history":[{"count":0,"href":"https:\/\/www.europesays.com\/fr\/wp-json\/wp\/v2\/posts\/291086\/revisions"}],"wp:featuredmedia":[{"embeddable":true,"href":"https:\/\/www.europesays.com\/fr\/wp-json\/wp\/v2\/media\/291087"}],"wp:attachment":[{"href":"https:\/\/www.europesays.com\/fr\/wp-json\/wp\/v2\/media?parent=291086"}],"wp:term":[{"taxonomy":"category","embeddable":true,"href":"https:\/\/www.europesays.com\/fr\/wp-json\/wp\/v2\/categories?post=291086"},{"taxonomy":"post_tag","embeddable":true,"href":"https:\/\/www.europesays.com\/fr\/wp-json\/wp\/v2\/tags?post=291086"}],"curies":[{"name":"wp","href":"https:\/\/api.w.org\/{rel}","templated":true}]}}