{"id":291090,"date":"2025-08-02T10:03:11","date_gmt":"2025-08-02T10:03:11","guid":{"rendered":"https:\/\/www.europesays.com\/fr\/291090\/"},"modified":"2025-08-02T10:03:11","modified_gmt":"2025-08-02T10:03:11","slug":"rhone-une-octogenaire-agressee-chez-elle-en-pleine-nuit-par-quatre-voleurs-encagoules","status":"publish","type":"post","link":"https:\/\/www.europesays.com\/fr\/291090\/","title":{"rendered":"Rh\u00f4ne. Une octog\u00e9naire agress\u00e9e chez elle en pleine nuit par quatre voleurs encagoul\u00e9s"},"content":{"rendered":"<p>Il \u00e9tait minuit et demi, dans la nuit de vendredi \u00e0 samedi, quand une habitante de Chaponnay a \u00e9t\u00e9 r\u00e9veill\u00e9e en sursaut par une lumi\u00e8re. Inqui\u00e8te, elle s\u2019est lev\u00e9e et s\u2019est trouv\u00e9e nez \u00e0 nez avec quatre individus encagoul\u00e9s.<\/p>\n<p>Une exp\u00e9rience traumatisante pour cette Chaponnaysarde \u00e2g\u00e9e de 85 ans. Selon les informations du Progr\u00e8s , l\u2019octog\u00e9naire aurait \u00e9t\u00e9 menac\u00e9e d\u2019un couteau et les malfaiteurs auraient tent\u00e9 de la ligoter.<\/p>\n<p>  Elle r\u00e9ussit \u00e0 activer son bracelet anti-chutes<\/p>\n<p>Ces derniers lui ont arrach\u00e9 ses boucles d\u2019oreilles et ses bagues en or avant de fouiller enti\u00e8rement sa maison. Ils ont cass\u00e9 son t\u00e9l\u00e9phone pour l\u2019emp\u00eacher d\u2019alerter les secours mais elle aurait r\u00e9ussi \u00e0 actionner son bracelet anti-chutes avant qu\u2019ils ne le d\u00e9truisent \u00e9galement.<\/p>\n<p>Ce contenu est bloqu\u00e9 car vous n&rsquo;avez pas accept\u00e9 les cookies et autres traceurs.<\/p>\n<p>En cliquant sur \u00ab J\u2019accepte \u00bb, les cookies et autres traceurs seront d\u00e9pos\u00e9s et vous pourrez visualiser les contenus  (<a href=\"\" class=\"consentModule_policy\" target=\"_blank\" title=\"Consulter la politique de protection des donn\u00e9es du fournisseur\">plus d&rsquo;informations<\/a>).<\/p>\n<p>En cliquant sur \u00ab J\u2019accepte tous les cookies \u00bb, vous autorisez des d\u00e9p\u00f4ts de cookies et autres traceurs pour le stockage de vos donn\u00e9es sur nos sites et applications \u00e0 des fins de personnalisation et de ciblage publicitaire.<\/p>\n<p class=\"consentModule_secondaryText\">Vous gardez la possibilit\u00e9 de retirer votre consentement \u00e0 tout moment en consultant notre <a href=\"https:\/\/www.leprogres.fr\/protection-des-donnees\" target=\"_blank\" title=\"Consulter notre politique de protection des donn\u00e9es\" rel=\"noopener\">politique de protection des donn\u00e9es<\/a>. <br \/>&#13;<br \/>\n            <a href=\"https:\/\/www.leprogres.fr\/faits-divers-justice\/2025\/08\/02\/javascript:Didomi.notice.show()\" class=\"consentModule_cmp\" target=\"_blank\" rel=\"noopener\">G\u00e9rer mes choix<\/a>&#13;\n        <\/p>\n<p>&#13;<br \/>\n                        J&rsquo;accepte&#13;<br \/>\n            J&rsquo;accepte tous les cookies&#13;\n        <\/p>\n<p>Les quatre individus ont pris la fuite. Leur victime a \u00e9t\u00e9 prise en charge par les secours et transport\u00e9e \u00e0 l\u2019h\u00f4pital, tr\u00e8s choqu\u00e9e. La brigade de recherches de la gendarmerie de Mions est charg\u00e9e de l\u2019enqu\u00eate.<\/p>\n<p>  En juin \u00e0 Chasse-sur-Rh\u00f4ne<\/p>\n<p>Le 23\u00a0juin, des habitants de Chasse-sur-Rh\u00f4ne avaient \u00e9t\u00e9 victimes d\u2019un home-jacking. <a href=\"https:\/\/www.leprogres.fr\/faits-divers-justice\/2025\/06\/26\/deux-home-jackings-dans-la-meme-allee\" target=\"_blank\" rel=\"noopener\">Deux familles vivant dans la m\u00eame all\u00e9e<\/a> avaient \u00e9t\u00e9 d\u00e9pouill\u00e9es pendant leur sommeil. C\u2019est le matin, en se levant, qu\u2019elles avaient d\u00e9couvert qu\u2019elles avaient \u00e9t\u00e9 cambriol\u00e9es. Leur domicile avait \u00e9t\u00e9 fouill\u00e9 et leurs voitures vol\u00e9es.<\/p>\n","protected":false},"excerpt":{"rendered":"Il \u00e9tait minuit et demi, dans la nuit de vendredi \u00e0 samedi, quand une habitante de Chaponnay a&hellip;\n","protected":false},"author":2,"featured_media":291091,"comment_status":"","ping_status":"","sticky":false,"template":"","format":"standard","meta":{"footnotes":""},"categories":[1889],"tags":[1111,11,2430,8286,271,272,3152,1777,674,274,107,1011,27,2428,12,25,2429,8287],"class_list":{"0":"post-291090","1":"post","2":"type-post","3":"status-publish","4":"format-standard","5":"has-post-thumbnail","7":"category-lyon","8":"tag-actu","9":"tag-actualites","10":"tag-auvergne-rhone-alpes","11":"tag-chaponnay","12":"tag-crime","13":"tag-delit-et-contravention","14":"tag-edition-est-lyonnais","15":"tag-eu","16":"tag-europe","17":"tag-faits-divers-justice","18":"tag-fil-info","19":"tag-fr","20":"tag-france","21":"tag-lyon","22":"tag-news","23":"tag-republique-francaise","24":"tag-rhone","25":"tag-saint-symphorien-dozon-bassin"},"share_on_mastodon":{"url":"https:\/\/pubeurope.com\/@fr\/114958604973726832","error":""},"_links":{"self":[{"href":"https:\/\/www.europesays.com\/fr\/wp-json\/wp\/v2\/posts\/291090","targetHints":{"allow":["GET"]}}],"collection":[{"href":"https:\/\/www.europesays.com\/fr\/wp-json\/wp\/v2\/posts"}],"about":[{"href":"https:\/\/www.europesays.com\/fr\/wp-json\/wp\/v2\/types\/post"}],"author":[{"embeddable":true,"href":"https:\/\/www.europesays.com\/fr\/wp-json\/wp\/v2\/users\/2"}],"replies":[{"embeddable":true,"href":"https:\/\/www.europesays.com\/fr\/wp-json\/wp\/v2\/comments?post=291090"}],"version-history":[{"count":0,"href":"https:\/\/www.europesays.com\/fr\/wp-json\/wp\/v2\/posts\/291090\/revisions"}],"wp:featuredmedia":[{"embeddable":true,"href":"https:\/\/www.europesays.com\/fr\/wp-json\/wp\/v2\/media\/291091"}],"wp:attachment":[{"href":"https:\/\/www.europesays.com\/fr\/wp-json\/wp\/v2\/media?parent=291090"}],"wp:term":[{"taxonomy":"category","embeddable":true,"href":"https:\/\/www.europesays.com\/fr\/wp-json\/wp\/v2\/categories?post=291090"},{"taxonomy":"post_tag","embeddable":true,"href":"https:\/\/www.europesays.com\/fr\/wp-json\/wp\/v2\/tags?post=291090"}],"curies":[{"name":"wp","href":"https:\/\/api.w.org\/{rel}","templated":true}]}}