{"id":291092,"date":"2025-08-02T10:04:11","date_gmt":"2025-08-02T10:04:11","guid":{"rendered":"https:\/\/www.europesays.com\/fr\/291092\/"},"modified":"2025-08-02T10:04:11","modified_gmt":"2025-08-02T10:04:11","slug":"metropole-de-lyon-tiki-au-bord-de-leau-lappel-du-grand-large","status":"publish","type":"post","link":"https:\/\/www.europesays.com\/fr\/291092\/","title":{"rendered":"M\u00e9tropole de Lyon. Tiki au bord de l\u2019eau\u00a0: l\u2019appel du Grand Large"},"content":{"rendered":"<p>Son nom, le r\u00e9servoir du Grand Large, est un peu aust\u00e8re.\u00a0Mais ce \u00ab\u00a0lac\u00a0\u00bb artificiel -con\u00e7u comme une r\u00e9serve d\u2019eau pour la centrale hydro-\u00e9lectrique de Cusset- diffuse une atmosph\u00e8re paisible et sereine bien \u00e0 l\u2019abri de l\u2019agitation urbaine. Un cadre idyllique dont profite pleinement le restaurant Tiki au bord de l\u2019eau \u00e0 D\u00e9cines.<\/p>\n<p>Lors de notre visite, sa longue terrasse ext\u00e9rieure de 170 couverts \u00e9tait travers\u00e9e par un vent parfois soutenu qui donnait de l\u2019\u00e9lan aux utilisateurs de la base nautique voisine. Avant de choisir sa place, il ne faut pas n\u00e9gliger les tables sous la \u00ab\u00a0v\u00e9randa\u00a0\u00bb aux grandes baies vitr\u00e9es\u00a0: certaines, naturellement les plus pris\u00e9es, donnent l\u2019impression de&#8230;<\/p>\n","protected":false},"excerpt":{"rendered":"Son nom, le r\u00e9servoir du Grand Large, est un peu aust\u00e8re.\u00a0Mais ce \u00ab\u00a0lac\u00a0\u00bb artificiel -con\u00e7u comme une r\u00e9serve&hellip;\n","protected":false},"author":2,"featured_media":291093,"comment_status":"","ping_status":"","sticky":false,"template":"","format":"standard","meta":{"footnotes":""},"categories":[1889],"tags":[1111,11,2430,1687,4624,3152,1777,674,1011,27,2428,6016,12,18283,25,2429],"class_list":{"0":"post-291092","1":"post","2":"type-post","3":"status-publish","4":"format-standard","5":"has-post-thumbnail","7":"category-lyon","8":"tag-actu","9":"tag-actualites","10":"tag-auvergne-rhone-alpes","11":"tag-culture-loisirs","12":"tag-decines-charpieu","13":"tag-edition-est-lyonnais","14":"tag-eu","15":"tag-europe","16":"tag-fr","17":"tag-france","18":"tag-lyon","19":"tag-magazine-cuisine-et-vins","20":"tag-news","21":"tag-plaine-de-lest","22":"tag-republique-francaise","23":"tag-rhone"},"share_on_mastodon":{"url":"https:\/\/pubeurope.com\/@fr\/114958608824498769","error":""},"_links":{"self":[{"href":"https:\/\/www.europesays.com\/fr\/wp-json\/wp\/v2\/posts\/291092","targetHints":{"allow":["GET"]}}],"collection":[{"href":"https:\/\/www.europesays.com\/fr\/wp-json\/wp\/v2\/posts"}],"about":[{"href":"https:\/\/www.europesays.com\/fr\/wp-json\/wp\/v2\/types\/post"}],"author":[{"embeddable":true,"href":"https:\/\/www.europesays.com\/fr\/wp-json\/wp\/v2\/users\/2"}],"replies":[{"embeddable":true,"href":"https:\/\/www.europesays.com\/fr\/wp-json\/wp\/v2\/comments?post=291092"}],"version-history":[{"count":0,"href":"https:\/\/www.europesays.com\/fr\/wp-json\/wp\/v2\/posts\/291092\/revisions"}],"wp:featuredmedia":[{"embeddable":true,"href":"https:\/\/www.europesays.com\/fr\/wp-json\/wp\/v2\/media\/291093"}],"wp:attachment":[{"href":"https:\/\/www.europesays.com\/fr\/wp-json\/wp\/v2\/media?parent=291092"}],"wp:term":[{"taxonomy":"category","embeddable":true,"href":"https:\/\/www.europesays.com\/fr\/wp-json\/wp\/v2\/categories?post=291092"},{"taxonomy":"post_tag","embeddable":true,"href":"https:\/\/www.europesays.com\/fr\/wp-json\/wp\/v2\/tags?post=291092"}],"curies":[{"name":"wp","href":"https:\/\/api.w.org\/{rel}","templated":true}]}}