{"id":291094,"date":"2025-08-02T10:08:12","date_gmt":"2025-08-02T10:08:12","guid":{"rendered":"https:\/\/www.europesays.com\/fr\/291094\/"},"modified":"2025-08-02T10:08:12","modified_gmt":"2025-08-02T10:08:12","slug":"le-combat-continuera-sans-repit-affirme-le-chef-detat-major-israelien-faute-dun-accord-sur-la-liberation-des-otages","status":"publish","type":"post","link":"https:\/\/www.europesays.com\/fr\/291094\/","title":{"rendered":"\u00ab\u00a0Le combat continuera sans r\u00e9pit\u00a0\u00bb, affirme le chef d\u2019\u00e9tat-major isra\u00e9lien, faute d\u2019un accord sur la lib\u00e9ration des otages"},"content":{"rendered":"<p>   Sur la \u00ab\u00a0place des otages\u00a0\u00bb, \u00e0\u00a0Tel-Aviv, une\u00a0manifestation pour demander le\u00a0retour des otages d\u00e9tenus dans la\u00a0bande de Gaza, en pr\u00e9sence de\u00a0Steve Witkoff               <img decoding=\"async\" class=\"post__live-container--img post__space-node\"  src=\"https:\/\/www.europesays.com\/fr\/wp-content\/uploads\/2025\/08\/70caaa9_ftp-import-images-1-5yzr2h2nwqxj-592d370b381a49d7b3b7e979b60b56f8-0-be6f1595d3cc4ff38c9a05ea.jpeg\" data- alt=\"L\u2019\u00e9missaire am\u00e9ricain pour le Moyen-Orient, Steve Witkoff, sur la \u00ab\u00a0place des otages\u00a0\u00bb, \u00e0 Tel-Aviv, le 2\u00a0ao\u00fbt 2025.\"\/>   L\u2019\u00e9missaire am\u00e9ricain pour le Moyen-Orient, Steve Witkoff, sur la \u00ab\u00a0place des otages\u00a0\u00bb, \u00e0 Tel-Aviv, le 2\u00a0ao\u00fbt 2025. ARIEL SCHALIT \/ AP               <\/p>\n<p class=\"post__live-container--answer-text post__space-node\">Des dizaines de manifestants, parmi lesquels des proches d\u2019otages isra\u00e9liens d\u00e9tenus dans la bande de Gaza, se sont rassembl\u00e9s, samedi, sur la \u00ab\u00a0place des otages\u00a0\u00bb, \u00e0 Tel-Aviv, pour demander leur lib\u00e9ration. L\u2019\u00e9missaire am\u00e9ricain pour le Moyen-Orien, Steve Witkoff, s\u2019est rendu sur place pour s\u2019entretenir avec les familles, qui l\u2019ont applaudi en appelant \u00e0 \u00ab\u00a0les ramener \u00e0 la maison\u00a0\u00bb.<\/p>\n<p class=\"post__live-container--answer-text post__space-node\">La branche arm\u00e9e du Jihad islamique palestinien (JIP)<a href=\"https:\/\/www.lemonde.fr\/international\/live\/2025\/08\/01\/en-direct-gaza-l-emissaire-americain-pour-le-moyen-orient-attendu-dans-la-bande-de-gaza-vendredi-pour-inspecter-les-sites-de-distribution-d-aide_6624772_3210.html#id-2503596\" rel=\"nofollow noopener\" target=\"_blank\"> a publi\u00e9 jeudi <\/a>une vid\u00e9o d\u2019un otage isra\u00e9lien, enlev\u00e9 lors de l\u2019attaque sanglante du Hamas le 7\u00a0octobre\u00a02023 en Isra\u00ebl, dans laquelle il demande au gouvernement isra\u00e9lien d\u2019agir pour sa lib\u00e9ration.<\/p>\n<p class=\"post__live-container--answer-text post__space-node\">Avant la manifestation, le Forum des familles d\u2019otages et de disparus avait appel\u00e9 les gouvernements isra\u00e9lien et am\u00e9ricain \u00e0 \u00ab\u00a0[les] regarder dans les yeux, ainsi que [leurs] proches\u00a0\u00bb. \u00ab\u00a0Le danger qui p\u00e8se sur leur vie est tangible et imm\u00e9diat, le risque que les otages tomb\u00e9s au combat disparaissent augmente\u00a0\u00bb, avaient-ils ajout\u00e9, appelant \u00e0 un accord global sur les otages et \u00e0 la fin de la guerre.<\/p>\n<p class=\"post__live-container--answer-text post__space-node\">\u00ab\u00a0La guerre doit se terminer. Le gouvernement isra\u00e9lien ne mettra pas fin \u00e0 la guerre de son plein gr\u00e9. (&#8230;) Il faut le stopper. Pour nous, pour nos soldats, pour nos otages\u00a0\u00bb, a d\u00e9clar\u00e9 \u00e0 l\u2019Agence France-Presse Yotam Cohen, fr\u00e8re de l\u2019otage Nimrod Cohen.\u00a0\u00ab\u00a0Toutes les actions doivent \u00eatre entreprises pour arr\u00eater le gouvernement isra\u00e9lien, obtenir un cessez-le-feu, mettre fin \u00e0 la guerre. Il n\u2019y a plus de temps. Rien ne fonctionne\u00a0\u00bb, a-t-il plaid\u00e9.<\/p>\n<p class=\"post__live-container--answer-text post__space-node\">Adam Hajaj, cousin de Rom Braslavski, otage mis en sc\u00e8ne dans la vid\u00e9o du Jihad islamique diffus\u00e9e jeudi, \u00e9tait \u00e9galement pr\u00e9sent\u00a0:\u00a0\u00ab\u00a0Cette vid\u00e9o, je n\u2019ai pas pu la regarder plus d\u2019une fois. Mes cauchemars ont empir\u00e9 (&#8230;). Nous ne pouvons plus endurer cela, pas une minute de plus, sans le ramener \u00e0 la maison.\u00a0\u00bb<\/p>\n","protected":false},"excerpt":{"rendered":"Sur la \u00ab\u00a0place des otages\u00a0\u00bb, \u00e0\u00a0Tel-Aviv, une\u00a0manifestation pour demander le\u00a0retour des otages d\u00e9tenus dans la\u00a0bande de Gaza, en&hellip;\n","protected":false},"author":2,"featured_media":291095,"comment_status":"","ping_status":"","sticky":false,"template":"","format":"standard","meta":{"footnotes":""},"categories":[1888],"tags":[1111,1928,11,1927,1777,674,1011,27,12,1926,626,1925,25],"class_list":{"0":"post-291094","1":"post","2":"type-post","3":"status-publish","4":"format-standard","5":"has-post-thumbnail","7":"category-paris","8":"tag-actu","9":"tag-actu-paris","10":"tag-actualites","11":"tag-actualites-paris","12":"tag-eu","13":"tag-europe","14":"tag-fr","15":"tag-france","16":"tag-news","17":"tag-news-paris","18":"tag-paris","19":"tag-paris-news","20":"tag-republique-francaise"},"share_on_mastodon":{"url":"https:\/\/pubeurope.com\/@fr\/114958624759925043","error":""},"_links":{"self":[{"href":"https:\/\/www.europesays.com\/fr\/wp-json\/wp\/v2\/posts\/291094","targetHints":{"allow":["GET"]}}],"collection":[{"href":"https:\/\/www.europesays.com\/fr\/wp-json\/wp\/v2\/posts"}],"about":[{"href":"https:\/\/www.europesays.com\/fr\/wp-json\/wp\/v2\/types\/post"}],"author":[{"embeddable":true,"href":"https:\/\/www.europesays.com\/fr\/wp-json\/wp\/v2\/users\/2"}],"replies":[{"embeddable":true,"href":"https:\/\/www.europesays.com\/fr\/wp-json\/wp\/v2\/comments?post=291094"}],"version-history":[{"count":0,"href":"https:\/\/www.europesays.com\/fr\/wp-json\/wp\/v2\/posts\/291094\/revisions"}],"wp:featuredmedia":[{"embeddable":true,"href":"https:\/\/www.europesays.com\/fr\/wp-json\/wp\/v2\/media\/291095"}],"wp:attachment":[{"href":"https:\/\/www.europesays.com\/fr\/wp-json\/wp\/v2\/media?parent=291094"}],"wp:term":[{"taxonomy":"category","embeddable":true,"href":"https:\/\/www.europesays.com\/fr\/wp-json\/wp\/v2\/categories?post=291094"},{"taxonomy":"post_tag","embeddable":true,"href":"https:\/\/www.europesays.com\/fr\/wp-json\/wp\/v2\/tags?post=291094"}],"curies":[{"name":"wp","href":"https:\/\/api.w.org\/{rel}","templated":true}]}}