{"id":291096,"date":"2025-08-02T10:09:11","date_gmt":"2025-08-02T10:09:11","guid":{"rendered":"https:\/\/www.europesays.com\/fr\/291096\/"},"modified":"2025-08-02T10:09:11","modified_gmt":"2025-08-02T10:09:11","slug":"zabarnyi-attendu-a-paris-pour-sa-visite-medicale","status":"publish","type":"post","link":"https:\/\/www.europesays.com\/fr\/291096\/","title":{"rendered":"Zabarnyi attendu \u00e0 Paris pour sa visite m\u00e9dicale"},"content":{"rendered":"<p>Attendu comme le gros coup de l\u2019\u00e9t\u00e9, le transfert d\u2019Ilya Zabarnyi de Bournemouth au PSG est entr\u00e9 dans sa derni\u00e8re ligne droite. Le d\u00e9fenseur central ukrainien devrait prochainement d\u00e9barquer \u00e0 Paris pour sa visite m\u00e9dicale, pr\u00e9alable \u00e0 la signature de son contrat.<\/p>\n<p>Mercato : Le PSG boucle le transfert de Zabarnyi pour 68M\u20ac\t<\/p>\n<p>M\u00eame si Marquinhos a pris la r\u00e9solution de rester une saison suppl\u00e9mentaire, le Paris Saint-Germain est bien conscient qu\u2019il faut pr\u00e9parer la succession de son capitaine de 31 ans. Luis Campos et Luis Enrique ont donc jet\u00e9 leur d\u00e9volu sur <a href=\"https:\/\/www.foot-sur7.fr\/685862-psg-mercato-le-coach-de-bournemouth-confirme-pour-zabarnyi\" data-type=\"post\" data-id=\"685862\" rel=\"nofollow noopener\" target=\"_blank\">le d\u00e9fenseur central de Bournemouth, Ilya Zabarnyi<\/a>.<\/p>\n<p><strong>Lisez aussi : <a href=\"https:\/\/www.foot-sur7.fr\/686986-mercato-apres-zabarnyi-maghnes-akliouche-arrive-au-psg\" rel=\"nofollow noopener\" target=\"_blank\">Mercato : Apr\u00e8s Zabarnyi, Maghn\u00e8s Akliouche arrive au PSG !<\/a><\/strong><\/p>\n<p>Consid\u00e9r\u00e9 comme l\u2019un des d\u00e9fenseurs centraux les plus solides de Premier League, Zabarnyi fait l\u2019objet de n\u00e9gociations entre les deux clubs depuis plus de deux mois. Mais ce samedi matin, le journaliste Nicolo Schira est formel : c\u2019est un \u00ab\u00a0done deal\u00a0\u00bb pour l\u2019international ukrainien au Paris SG. <\/p>\n<p>Alors que les Cherries r\u00e9clamaient forc\u00e9ment 70 millions d\u2019euros, un accord est intervenu pour 68 millions d\u2019euros. D\u00e9j\u00e0 d\u2019accord avec <a href=\"https:\/\/www.foot-sur7.fr\/foot-paris\" rel=\"nofollow noopener\" target=\"_blank\">le Paris Saint-Germain<\/a> depuis plusieurs semaines, l\u2019ancien d\u00e9fenseur du Dynamo Kiev est d\u00e9sormais attendu \u00e0 Paris pour passer sa visite m\u00e9dicale avant de signer un contrat de cinq ans, soit jusqu\u2019en juin 2030.<\/p>\n<p><a class=\"related-article simple\" href=\"https:\/\/www.foot-sur7.fr\/687165-mercato-om-azzedine-ounahi-dechire-une-nouvelle-offre\" rel=\"nofollow noopener\" target=\"_blank\">\u00c0 voirMercato OM : Azzedine Ounahi d\u00e9chire une nouvelle offre !<\/a><\/p>\n<p><strong>Lisez aussi : <a href=\"https:\/\/www.foot-sur7.fr\/686940-mercato-cest-fait-zabarnyi-confirme-son-arrivee-au-psg\" rel=\"nofollow noopener\" target=\"_blank\">Mercato : C\u2019est fait ! Zabarnyi confirme son arriv\u00e9e au PSG<\/a><\/strong><\/p>\n<p>Une tendance confirm\u00e9e par Fabrizio Romano, qui assure que les discussions autour du transfert de Zabarnyi ont bien avanc\u00e9 et <a href=\"https:\/\/www.foot-sur7.fr\/682741-chelsea-psg-laveu-surprenant-de-nasser-al-khelaifi\" data-type=\"post\" data-id=\"682741\" rel=\"nofollow noopener\" target=\"_blank\">le club de Nasser Al-Khela\u00effi<\/a> serait d\u00e9sormais en phase finale sur ce dossier. Les Champions de France et d\u2019Europe sont confiants quant \u00e0 la conclusion de l\u2019op\u00e9ration dans les prochains jours.<\/p>\n","protected":false},"excerpt":{"rendered":"Attendu comme le gros coup de l\u2019\u00e9t\u00e9, le transfert d\u2019Ilya Zabarnyi de Bournemouth au PSG est entr\u00e9 dans&hellip;\n","protected":false},"author":2,"featured_media":291097,"comment_status":"","ping_status":"","sticky":false,"template":"","format":"standard","meta":{"footnotes":""},"categories":[1888],"tags":[1111,1928,11,1927,1777,674,1011,27,12,1926,626,1925,25],"class_list":{"0":"post-291096","1":"post","2":"type-post","3":"status-publish","4":"format-standard","5":"has-post-thumbnail","7":"category-paris","8":"tag-actu","9":"tag-actu-paris","10":"tag-actualites","11":"tag-actualites-paris","12":"tag-eu","13":"tag-europe","14":"tag-fr","15":"tag-france","16":"tag-news","17":"tag-news-paris","18":"tag-paris","19":"tag-paris-news","20":"tag-republique-francaise"},"share_on_mastodon":{"url":"https:\/\/pubeurope.com\/@fr\/114958628555098866","error":""},"_links":{"self":[{"href":"https:\/\/www.europesays.com\/fr\/wp-json\/wp\/v2\/posts\/291096","targetHints":{"allow":["GET"]}}],"collection":[{"href":"https:\/\/www.europesays.com\/fr\/wp-json\/wp\/v2\/posts"}],"about":[{"href":"https:\/\/www.europesays.com\/fr\/wp-json\/wp\/v2\/types\/post"}],"author":[{"embeddable":true,"href":"https:\/\/www.europesays.com\/fr\/wp-json\/wp\/v2\/users\/2"}],"replies":[{"embeddable":true,"href":"https:\/\/www.europesays.com\/fr\/wp-json\/wp\/v2\/comments?post=291096"}],"version-history":[{"count":0,"href":"https:\/\/www.europesays.com\/fr\/wp-json\/wp\/v2\/posts\/291096\/revisions"}],"wp:featuredmedia":[{"embeddable":true,"href":"https:\/\/www.europesays.com\/fr\/wp-json\/wp\/v2\/media\/291097"}],"wp:attachment":[{"href":"https:\/\/www.europesays.com\/fr\/wp-json\/wp\/v2\/media?parent=291096"}],"wp:term":[{"taxonomy":"category","embeddable":true,"href":"https:\/\/www.europesays.com\/fr\/wp-json\/wp\/v2\/categories?post=291096"},{"taxonomy":"post_tag","embeddable":true,"href":"https:\/\/www.europesays.com\/fr\/wp-json\/wp\/v2\/tags?post=291096"}],"curies":[{"name":"wp","href":"https:\/\/api.w.org\/{rel}","templated":true}]}}