{"id":291098,"date":"2025-08-02T10:10:13","date_gmt":"2025-08-02T10:10:13","guid":{"rendered":"https:\/\/www.europesays.com\/fr\/291098\/"},"modified":"2025-08-02T10:10:13","modified_gmt":"2025-08-02T10:10:13","slug":"je-vois-un-mouvement-daffirmation-contre-les-violences-sexuelles-mais-rien-nest-acquis","status":"publish","type":"post","link":"https:\/\/www.europesays.com\/fr\/291098\/","title":{"rendered":"Je vois un mouvement d\u2019affirmation contre les violences sexuelles mais rien n\u2019est acquis"},"content":{"rendered":"<p>En plein proc\u00e8s dit des viols de Mazan, St\u00e9phane Babonneau s\u2019est \u00e9clips\u00e9 de la cour criminelle d\u2019Avignon (Vaucluse). Des parties civiles, o\u00f9 il conseillait entre autres <a target=\"_self\" href=\"https:\/\/www.lanouvellerepublique.fr\/a-la-une\/legion-d-honneur-gisele-pelicot-mona-ozouf-et-pharrell-williams-distingues-dans-la-promotion-du-14-juillet-1752390119\" rel=\"noopener\">Gis\u00e8le Pelicot<\/a>, il a rejoint la d\u00e9fense, dans un autre tribunal. De sa cliente, drogu\u00e9e par son mari et victime de viols pendant presque dix ans par des dizaines d\u2019inconnus, il est pass\u00e9 \u00e0 un homme accus\u00e9 de viol conjugal. Une adaptation qui traduit l\u2019habitude de l\u2019avocat de se confronter aux violences sexuelles et leur appr\u00e9ciation par la justice.<\/p>\n<p>Ce d\u00e9tachement apparent ne r\u00e9siste pas au r\u00e9cit qu\u2019il fait du \u00ab\u00a0proc\u00e8s Pelicot\u00a0\u00bb, lorsqu\u2019il nous re\u00e7oit dans une pi\u00e8ce attenante \u00e0 son bureau du boulevard Saint-Germain, \u00e0 Paris. Au printemps 2022, un jour d\u2019audience en r\u00e9gion pour un dossier de fraude fiscale, ma\u00eetre Babonneau re\u00e7oit un appel de son confr\u00e8re Antoine Camus. \u00ab\u00a0Il m\u2019indique avoir \u00e9t\u00e9 contact\u00e9 par une femme victime de viols pendant son sommeil par plusieurs dizaines d\u2019hommes. Au d\u00e9but, je n\u2019y crois pas, cela me para\u00eet impossible\u00a0\u00bb, retrace-t-il.\u00a0Fort de plus de quinze ann\u00e9es de barreau, il \u00ab\u00a0n\u2019h\u00e9site pas\u00a0\u00bb \u00e0 accepter ce \u00ab\u00a0dossier fascinant\u00a0\u00bb, y voyant un \u00ab\u00a0d\u00e9fi professionnel inou\u00ef\u00a0\u00bb. \u00ab\u00a0Comment accompagner une victime de faits aussi extr\u00eames\u00a0?\u00a0\u00bb, s\u2019interroge-t-il. Le premier contact avec Gis\u00e8le Pelicot, en visioconf\u00e9rence, pr\u00e9figure la singularit\u00e9 du proc\u00e8s qui s\u2019annonce. \u00ab\u00a0Elle s\u2019exprime dans un fran\u00e7ais parfait, pr\u00e9cis, l\u00e0 o\u00f9 la plupart des victimes d\u2019agressions sexuelles ont plut\u00f4t un syndrome r\u00e9actionnel et des difficult\u00e9s \u00e0 s\u2019exprimer\u00a0\u00bb, se souvient la robe noire.<\/p>\n","protected":false},"excerpt":{"rendered":"En plein proc\u00e8s dit des viols de Mazan, St\u00e9phane Babonneau s\u2019est \u00e9clips\u00e9 de la cour criminelle d\u2019Avignon (Vaucluse).&hellip;\n","protected":false},"author":2,"featured_media":291099,"comment_status":"","ping_status":"","sticky":false,"template":"","format":"standard","meta":{"footnotes":""},"categories":[1888],"tags":[328,11,1777,674,274,1011,27,329,43033,12,626,25,798,797],"class_list":{"0":"post-291098","1":"post","2":"type-post","3":"status-publish","4":"format-standard","5":"has-post-thumbnail","7":"category-paris","8":"tag-a-la-une","9":"tag-actualites","10":"tag-eu","11":"tag-europe","12":"tag-faits-divers-justice","13":"tag-fr","14":"tag-france","15":"tag-france-monde","16":"tag-linvite-du-samedi","17":"tag-news","18":"tag-paris","19":"tag-republique-francaise","20":"tag-violences-conjugales","21":"tag-violences-faites-aux-femmes"},"share_on_mastodon":{"url":"https:\/\/pubeurope.com\/@fr\/114958635300136459","error":""},"_links":{"self":[{"href":"https:\/\/www.europesays.com\/fr\/wp-json\/wp\/v2\/posts\/291098","targetHints":{"allow":["GET"]}}],"collection":[{"href":"https:\/\/www.europesays.com\/fr\/wp-json\/wp\/v2\/posts"}],"about":[{"href":"https:\/\/www.europesays.com\/fr\/wp-json\/wp\/v2\/types\/post"}],"author":[{"embeddable":true,"href":"https:\/\/www.europesays.com\/fr\/wp-json\/wp\/v2\/users\/2"}],"replies":[{"embeddable":true,"href":"https:\/\/www.europesays.com\/fr\/wp-json\/wp\/v2\/comments?post=291098"}],"version-history":[{"count":0,"href":"https:\/\/www.europesays.com\/fr\/wp-json\/wp\/v2\/posts\/291098\/revisions"}],"wp:featuredmedia":[{"embeddable":true,"href":"https:\/\/www.europesays.com\/fr\/wp-json\/wp\/v2\/media\/291099"}],"wp:attachment":[{"href":"https:\/\/www.europesays.com\/fr\/wp-json\/wp\/v2\/media?parent=291098"}],"wp:term":[{"taxonomy":"category","embeddable":true,"href":"https:\/\/www.europesays.com\/fr\/wp-json\/wp\/v2\/categories?post=291098"},{"taxonomy":"post_tag","embeddable":true,"href":"https:\/\/www.europesays.com\/fr\/wp-json\/wp\/v2\/tags?post=291098"}],"curies":[{"name":"wp","href":"https:\/\/api.w.org\/{rel}","templated":true}]}}