{"id":291106,"date":"2025-08-02T10:14:22","date_gmt":"2025-08-02T10:14:22","guid":{"rendered":"https:\/\/www.europesays.com\/fr\/291106\/"},"modified":"2025-08-02T10:14:22","modified_gmt":"2025-08-02T10:14:22","slug":"etats-unis-le-retrait-du-statut-de-protection-aux-honduriens-nicaraguayens-et-nepalais-est-suspendu-par-une-juge-federale","status":"publish","type":"post","link":"https:\/\/www.europesays.com\/fr\/291106\/","title":{"rendered":"Etats-Unis\u00a0: le retrait du statut de protection aux Honduriens, Nicaraguayens et N\u00e9palais est suspendu par une juge f\u00e9d\u00e9rale"},"content":{"rendered":"<p>Cette juge f\u00e9d\u00e9rale de San Francisco consid\u00e8re que les plaignants ont apport\u00e9 \u00ab\u00a0suffisamment de preuves d\u2019une hostilit\u00e9 \u00e0 caract\u00e8re racial et discriminatoire\u00a0\u00bb dans la d\u00e9cision de leur retirer ce statut. \u00ab\u00a0La couleur de peau n\u2019est ni un poison ni un crime\u00a0\u00bb, \u00e9crit la juge Trina Thompson, citant des d\u00e9clarations du pr\u00e9sident Donald Trump et de sa ministre de la S\u00e9curit\u00e9 int\u00e9rieure, Kristi Noem.<\/p>\n<p>Donald Trump a \u00e9rig\u00e9 <a href=\"https:\/\/www.rtbf.be\/article\/les-100-jours-de-donald-trump-la-chasse-a-l-immigration-illegale-aux-etats-unis-11540612\" target=\"_blank\" rel=\"nofollow noopener\">la lutte contre l\u2019immigration clandestine<\/a> en priorit\u00e9 absolue, \u00e9voquant une \u00ab\u00a0invasion\u00a0\u00bb des Etats-Unis par des \u00ab\u00a0criminels venus de l\u2019\u00e9tranger\u00a0\u00bb et communiquant abondamment sur les expulsions d\u2019immigr\u00e9s. \u00ab\u00a0Le tribunal conclut que les plaignants subiront un pr\u00e9judice irr\u00e9parable faute d\u2019un report de la r\u00e9vocation du TPS pour le N\u00e9pal, le Honduras et le Nicaragua\u00a0\u00bb, affirme la juge. En cons\u00e9quence, elle r\u00e9tablit le TPS pour les ressortissants de ces trois pays au moins jusqu\u2019\u00e0 une audience sur le fond le 18\u00a0novembre.<\/p>\n<p>Le TPS, dont b\u00e9n\u00e9ficient actuellement plus de 50.000 Honduriens et 3000 Nicaraguayens, selon les estimations, leur avait \u00e9t\u00e9 accord\u00e9 en\u00a01999 \u00e0 la suite de l\u2019ouragan Mitch qui avait ravag\u00e9 ces deux pays d\u2019Am\u00e9rique centrale en\u00a01998. S\u2019agissant des quelque 7000 N\u00e9palais, il remonte \u00e0 un s\u00e9isme en\u00a02015. Un autre juge f\u00e9d\u00e9ral avait d\u00e9j\u00e0 suspendu d\u00e9but juillet une d\u00e9cision similaire concernant quelque 520.000 Ha\u00eftiens, qui se seraient retrouv\u00e9s expulsables en septembre.<\/p>\n","protected":false},"excerpt":{"rendered":"Cette juge f\u00e9d\u00e9rale de San Francisco consid\u00e8re que les plaignants ont apport\u00e9 \u00ab\u00a0suffisamment de preuves d\u2019une hostilit\u00e9 \u00e0&hellip;\n","protected":false},"author":2,"featured_media":291107,"comment_status":"","ping_status":"","sticky":false,"template":"","format":"standard","meta":{"footnotes":""},"categories":[1589],"tags":[11,73,1866,12,1864,1865,1863,308],"class_list":{"0":"post-291106","1":"post","2":"type-post","3":"status-publish","4":"format-standard","5":"has-post-thumbnail","7":"category-etats-unis","8":"tag-actualites","9":"tag-etats-unis","10":"tag-etats-unis-damerique","11":"tag-news","12":"tag-united-states","13":"tag-united-states-of-america","14":"tag-us","15":"tag-usa"},"share_on_mastodon":{"url":"https:\/\/pubeurope.com\/@fr\/114958648291133967","error":""},"_links":{"self":[{"href":"https:\/\/www.europesays.com\/fr\/wp-json\/wp\/v2\/posts\/291106","targetHints":{"allow":["GET"]}}],"collection":[{"href":"https:\/\/www.europesays.com\/fr\/wp-json\/wp\/v2\/posts"}],"about":[{"href":"https:\/\/www.europesays.com\/fr\/wp-json\/wp\/v2\/types\/post"}],"author":[{"embeddable":true,"href":"https:\/\/www.europesays.com\/fr\/wp-json\/wp\/v2\/users\/2"}],"replies":[{"embeddable":true,"href":"https:\/\/www.europesays.com\/fr\/wp-json\/wp\/v2\/comments?post=291106"}],"version-history":[{"count":0,"href":"https:\/\/www.europesays.com\/fr\/wp-json\/wp\/v2\/posts\/291106\/revisions"}],"wp:featuredmedia":[{"embeddable":true,"href":"https:\/\/www.europesays.com\/fr\/wp-json\/wp\/v2\/media\/291107"}],"wp:attachment":[{"href":"https:\/\/www.europesays.com\/fr\/wp-json\/wp\/v2\/media?parent=291106"}],"wp:term":[{"taxonomy":"category","embeddable":true,"href":"https:\/\/www.europesays.com\/fr\/wp-json\/wp\/v2\/categories?post=291106"},{"taxonomy":"post_tag","embeddable":true,"href":"https:\/\/www.europesays.com\/fr\/wp-json\/wp\/v2\/tags?post=291106"}],"curies":[{"name":"wp","href":"https:\/\/api.w.org\/{rel}","templated":true}]}}