{"id":291108,"date":"2025-08-02T10:15:12","date_gmt":"2025-08-02T10:15:12","guid":{"rendered":"https:\/\/www.europesays.com\/fr\/291108\/"},"modified":"2025-08-02T10:15:12","modified_gmt":"2025-08-02T10:15:12","slug":"syndrome-dalcoolisation-foetale-une-revelation-choc-sur-la-princesse-margaret","status":"publish","type":"post","link":"https:\/\/www.europesays.com\/fr\/291108\/","title":{"rendered":"Syndrome d\u2019alcoolisation f\u0153tale\u00a0: une r\u00e9v\u00e9lation choc sur la princesse Margaret"},"content":{"rendered":"<p>Toute la presse britannique en parle. Le 5\u00a0ao\u00fbt prochain sortira en librairies la biographie non officielle Princess Margaret and the Curse, r\u00e9dig\u00e9e par la journaliste Meryle Secrest, \u00e2g\u00e9e de 95\u00a0ans. Elle relate la vie de la s\u0153ur d\u2019Elisabeth II, et r\u00e9v\u00e8le que la princesse avait des sympt\u00f4mes et difficult\u00e9s d\u2019apprentissage li\u00e9s \u00e0 un <a href=\"https:\/\/www.parents.fr\/grossesse\/sante\/tabac-et-alcool\/syndrome-dalcoolisation-foetale-tout-ce-quil-faut-savoir-922384\" target=\"_blank\" rel=\"noopener\">syndrome d\u2019alcoolisation f\u0153tal<\/a>.<\/p>\n<p>Selon la biographe, Margaret, fille d\u2019Elizabeth I et soeur de la future reine Elizabeth II, avait rencontr\u00e9 <strong>des difficult\u00e9s \u00e0 apprendre \u00e0 lire et \u00e9crire<\/strong>, souffrait r\u00e9guli\u00e8rement de maux de t\u00eate et sautes d\u2019humeur, avait<strong> un retard de croissance, et quelques traits physiques <\/strong>(l\u00e8vre sup\u00e9rieure fine, petit menton, nez court\u2026). Autant de sympt\u00f4mes que la journaliste attribue \u00e0 un syndrome d\u2019alcoolisation f\u0153tal. Rappelons que celui-ci survient lorsqu\u2019un foetus est expos\u00e9 \u00e0 l\u2019alcool dans l\u2019ut\u00e9rus, du fait de la consommation d\u2019alcool de sa m\u00e8re.<\/p>\n<p>Elizabeth II \u00e9pargn\u00e9e <\/p>\n<p>Ces r\u00e9v\u00e9lations font \u00e9videmment grand bruit puisque cela sous-entend que la Reine m\u00e8re, Elizabeth Bowes-Lyon, qui a \u00e9t\u00e9 reine consort de 1936 \u00e0 1952, a consomm\u00e9 de l\u2019alcool lors de sa premi\u00e8re grossesse. Des \u00e9crits d\u2019un ancien \u00e9cuyer avaient d\u00e9j\u00e0 indiqu\u00e9 que<strong> la Reine m\u00e8re buvait r\u00e9guli\u00e8rement de l\u2019alcool<\/strong>, notamment du gin, du vin, du porto et du martini.<\/p>\n<p>Par chance, elle n\u2019aurait pas bu, ou pas autant, lorsqu\u2019elle \u00e9tait enceinte d\u2019Elisabeth, future reine, car l\u2019alcool la rendait alors malade, selon la journaliste britannique autrice de cette biographie non officielle de la Princesse Margaret. Notons que si la biographie \u00e9voque un syndrome d\u2019alcoolisation f\u0153tal, <strong>cette information n\u2019a pas \u00e9t\u00e9 confirm\u00e9e par la famille royale<\/strong>, qui se garde g\u00e9n\u00e9ralement bien de r\u00e9agir \u00e0 ce type d\u2019insinuation qui nuit \u00e0 l\u2019image de la monarchie britannique.<\/p>\n","protected":false},"excerpt":{"rendered":"Toute la presse britannique en parle. Le 5\u00a0ao\u00fbt prochain sortira en librairies la biographie non officielle Princess Margaret&hellip;\n","protected":false},"author":2,"featured_media":291109,"comment_status":"","ping_status":"","sticky":false,"template":"","format":"standard","meta":{"footnotes":""},"categories":[1588],"tags":[11,5702,1777,674,196,12,973,473,1853,1851,16140,1850,1852],"class_list":{"0":"post-291108","1":"post","2":"type-post","3":"status-publish","4":"format-standard","5":"has-post-thumbnail","7":"category-royaume-uni","8":"tag-actualites","9":"tag-alcool","10":"tag-eu","11":"tag-europe","12":"tag-grossesse","13":"tag-news","14":"tag-people","15":"tag-royaume-uni","16":"tag-royaume-uni-de-grande-bretagne-et-dirlande-du-nord","17":"tag-uk","18":"tag-um_par","19":"tag-united-kingdom","20":"tag-united-kingdom-of-great-britain-and-northern-ireland"},"share_on_mastodon":{"url":"https:\/\/pubeurope.com\/@fr\/114958652325920309","error":""},"_links":{"self":[{"href":"https:\/\/www.europesays.com\/fr\/wp-json\/wp\/v2\/posts\/291108","targetHints":{"allow":["GET"]}}],"collection":[{"href":"https:\/\/www.europesays.com\/fr\/wp-json\/wp\/v2\/posts"}],"about":[{"href":"https:\/\/www.europesays.com\/fr\/wp-json\/wp\/v2\/types\/post"}],"author":[{"embeddable":true,"href":"https:\/\/www.europesays.com\/fr\/wp-json\/wp\/v2\/users\/2"}],"replies":[{"embeddable":true,"href":"https:\/\/www.europesays.com\/fr\/wp-json\/wp\/v2\/comments?post=291108"}],"version-history":[{"count":0,"href":"https:\/\/www.europesays.com\/fr\/wp-json\/wp\/v2\/posts\/291108\/revisions"}],"wp:featuredmedia":[{"embeddable":true,"href":"https:\/\/www.europesays.com\/fr\/wp-json\/wp\/v2\/media\/291109"}],"wp:attachment":[{"href":"https:\/\/www.europesays.com\/fr\/wp-json\/wp\/v2\/media?parent=291108"}],"wp:term":[{"taxonomy":"category","embeddable":true,"href":"https:\/\/www.europesays.com\/fr\/wp-json\/wp\/v2\/categories?post=291108"},{"taxonomy":"post_tag","embeddable":true,"href":"https:\/\/www.europesays.com\/fr\/wp-json\/wp\/v2\/tags?post=291108"}],"curies":[{"name":"wp","href":"https:\/\/api.w.org\/{rel}","templated":true}]}}