{"id":291110,"date":"2025-08-02T10:16:22","date_gmt":"2025-08-02T10:16:22","guid":{"rendered":"https:\/\/www.europesays.com\/fr\/291110\/"},"modified":"2025-08-02T10:16:22","modified_gmt":"2025-08-02T10:16:22","slug":"tout-faire-pour-soutenir-lindustrie-siderurgique","status":"publish","type":"post","link":"https:\/\/www.europesays.com\/fr\/291110\/","title":{"rendered":"\u00ab\u00a0Tout faire pour soutenir l\u2019industrie sid\u00e9rurgique\u00a0\u00bb"},"content":{"rendered":"<p>Le chancelier allemand <a href=\"https:\/\/www.republicain-lorrain.fr\/p\/friedrich-merz\" target=\"_blank\" rel=\"noopener\">Friedrich Merz<\/a> \u00e9tait en visite en Sarre, ce vendredi 1er\u00a0ao\u00fbt. Une premi\u00e8re depuis sa prise de fonction \u00e0 la t\u00eate du gouvernement allemand en mai dernier qu\u2019il effectue dans le cadre d\u2019une tourn\u00e9e dans chacun des seize L\u00e4nder allemands.<\/p>\n<p>Il a notamment visit\u00e9 <a href=\"https:\/\/www.republicain-lorrain.fr\/culture-loisirs\/2024\/12\/24\/la-volklinger-hutte-celebre-ses-30-ans-au-patrimoine-mondial-de-l-unesco-et-ouvre-son-ancien-reservoir-a-eau\" target=\"_blank\" rel=\"noopener\">la V\u00f6lklinger H\u00fctte, ancienne usine sid\u00e9rurgique<\/a> ferm\u00e9e au mi-temps des ann\u00e9es 80 et class\u00e9e au patrimoine mondial de l\u2019Unesco depuis 1994, devenue symbole de l\u2019histoire industrielle sarroise.<\/p>\n<p>Dans l\u2019apr\u00e8s-midi, c\u2019est sur le campus universitaire de Sarrebruck qu\u2019il a pu d\u00e9couvrir un nouveau centre en s\u00e9curit\u00e9 de l\u2019information qui travaille notamment sur la cybers\u00e9curit\u00e9 et l\u2019intelligence artificielle.<\/p>\n<p>Ce contenu est bloqu\u00e9 car vous n&rsquo;avez pas accept\u00e9 les cookies et autres traceurs.<\/p>\n<p>En cliquant sur \u00ab J\u2019accepte \u00bb, les cookies et autres traceurs seront d\u00e9pos\u00e9s et vous pourrez visualiser les contenus  (<a href=\"\" class=\"consentModule_policy\" target=\"_blank\" title=\"Consulter la politique de protection des donn\u00e9es du fournisseur\">plus d&rsquo;informations<\/a>).<\/p>\n<p>En cliquant sur \u00ab J\u2019accepte tous les cookies \u00bb, vous autorisez des d\u00e9p\u00f4ts de cookies et autres traceurs pour le stockage de vos donn\u00e9es sur nos sites et applications \u00e0 des fins de personnalisation et de ciblage publicitaire.<\/p>\n<p class=\"consentModule_secondaryText\">Vous gardez la possibilit\u00e9 de retirer votre consentement \u00e0 tout moment en consultant notre <a href=\"https:\/\/www.republicain-lorrain.fr\/protection-des-donnees\" target=\"_blank\" title=\"Consulter notre politique de protection des donn\u00e9es\" rel=\"noopener\">politique de protection des donn\u00e9es<\/a>. <br \/>&#13;<br \/>\n            <a href=\"https:\/\/www.republicain-lorrain.fr\/economie\/2025\/08\/01\/javascript:Didomi.notice.show()\" class=\"consentModule_cmp\" target=\"_blank\" rel=\"noopener\">G\u00e9rer mes choix<\/a>&#13;\n        <\/p>\n<p>&#13;<br \/>\n                        J&rsquo;accepte&#13;<br \/>\n            J&rsquo;accepte tous les cookies&#13;\n        <\/p>\n<p>  Une production \u00e0 pr\u00e9server<\/p>\n<p>Le chancelier allemand a profit\u00e9 de cette visite pour assurer de son soutien \u00e0 l\u2019industrie sid\u00e9rurgique, qui reste l\u2019une des plus importantes en Sarre avec pr\u00e8s de 12\u00a0000 emplois directs\u00a0: \u00ab\u00a0Nous ferons tout notre possible pour pr\u00e9server la production et l\u2019industrie sid\u00e9rurgique en Allemagne.\u00a0\u00bb<\/p>\n<p>L\u2019acier europ\u00e9en subit depuis d\u00e9but juin <a href=\"https:\/\/www.republicain-lorrain.fr\/economie\/2025\/05\/31\/donald-trump-en-remet-une-couche-et-double-la-surtaxe-sur-l-acier-importe-aux-etats-unis\" target=\"_blank\" rel=\"noopener\">des droits de douane de 50\u00a0% \u00e0 l\u2019entr\u00e9e aux \u00c9tats-Unis<\/a> d\u00e9cid\u00e9s par le Pr\u00e9sident <a href=\"https:\/\/www.republicain-lorrain.fr\/p\/donald-trump\" target=\"_blank\" rel=\"noopener\">Donald Trump<\/a>\u00a0: \u00ab\u00a0Cet accord est douloureux, pas seulement pour la sid\u00e9rurgie, mais aussi pour l\u2019ensemble de l\u2019industrie europ\u00e9enne.\u00a0\u00bb Friedrich Merz a \u00e9galement assur\u00e9 que les d\u00e9tails doivent encore \u00eatre discut\u00e9s avec les \u00c9tats-Unis pour s\u2019assurer de pouvoir \u00ab\u00a0exporter sans \u00eatre frapp\u00e9s de droits de douane trop \u00e9lev\u00e9s\u00a0\u00bb.<\/p>\n<p>  Quel avenir pour l\u2019industrie sarroise\u00a0?<\/p>\n<p>Friedrich Merz a \u00e9galement soulign\u00e9 la n\u00e9cessit\u00e9 de moderniser l\u2019industrie sid\u00e9rurgique\u00a0: \u00ab\u00a0L\u2019Allemagne a besoin d\u2019une industrie sid\u00e9rurgique moderne, mais y compris d\u2019une industrie sid\u00e9rurgique verte.\u00a0\u00bb Un soutien appr\u00e9ci\u00e9 par la ministre-pr\u00e9sidente sarroise, la sociale-d\u00e9mocrate Anke Rehlinger\u00a0: \u00ab\u00a0Lors de notre entretien, nous \u00e9tions totalement d\u2019accord sur le fait que le d\u00e9veloppement \u00e9conomique et la croissance doivent \u00eatre la plus grande priorit\u00e9 pour notre Land mais aussi le pays.\u00a0\u00bb<\/p>\n","protected":false},"excerpt":{"rendered":"Le chancelier allemand Friedrich Merz \u00e9tait en visite en Sarre, ce vendredi 1er\u00a0ao\u00fbt. Une premi\u00e8re depuis sa prise&hellip;\n","protected":false},"author":2,"featured_media":291111,"comment_status":"","ping_status":"","sticky":false,"template":"","format":"standard","meta":{"footnotes":""},"categories":[1587],"tags":[11,672,1804,130,1805,1803,2388,33,4141,6114,341,1777,674,3183,10403,10404,1801,693,5599,8112,12,316,3456,1802,42056,25411,767,801,104],"class_list":{"0":"post-291110","1":"post","2":"type-post","3":"status-publish","4":"format-standard","5":"has-post-thumbnail","7":"category-allemagne","8":"tag-actualites","9":"tag-allemagne","10":"tag-bundesrepublik-deutschland","11":"tag-consommation","12":"tag-de","13":"tag-deutschland","14":"tag-droits-de-douane","15":"tag-economie","16":"tag-edition-forbach","17":"tag-edition-sarreguemines-bitche","18":"tag-emploi","19":"tag-eu","20":"tag-europe","21":"tag-finance-et-fiscalite","22":"tag-forbach","23":"tag-forbach-ville-57a","24":"tag-germany","25":"tag-industrie","26":"tag-moselle","27":"tag-moselle-est","28":"tag-news","29":"tag-politique","30":"tag-region-lorraine","31":"tag-republique-federale-dallemagne","32":"tag-saint-avold","33":"tag-sarreguemines","34":"tag-science-et-technologie","35":"tag-social","36":"tag-societe"},"share_on_mastodon":{"url":"https:\/\/pubeurope.com\/@fr\/114958656098988078","error":""},"_links":{"self":[{"href":"https:\/\/www.europesays.com\/fr\/wp-json\/wp\/v2\/posts\/291110","targetHints":{"allow":["GET"]}}],"collection":[{"href":"https:\/\/www.europesays.com\/fr\/wp-json\/wp\/v2\/posts"}],"about":[{"href":"https:\/\/www.europesays.com\/fr\/wp-json\/wp\/v2\/types\/post"}],"author":[{"embeddable":true,"href":"https:\/\/www.europesays.com\/fr\/wp-json\/wp\/v2\/users\/2"}],"replies":[{"embeddable":true,"href":"https:\/\/www.europesays.com\/fr\/wp-json\/wp\/v2\/comments?post=291110"}],"version-history":[{"count":0,"href":"https:\/\/www.europesays.com\/fr\/wp-json\/wp\/v2\/posts\/291110\/revisions"}],"wp:featuredmedia":[{"embeddable":true,"href":"https:\/\/www.europesays.com\/fr\/wp-json\/wp\/v2\/media\/291111"}],"wp:attachment":[{"href":"https:\/\/www.europesays.com\/fr\/wp-json\/wp\/v2\/media?parent=291110"}],"wp:term":[{"taxonomy":"category","embeddable":true,"href":"https:\/\/www.europesays.com\/fr\/wp-json\/wp\/v2\/categories?post=291110"},{"taxonomy":"post_tag","embeddable":true,"href":"https:\/\/www.europesays.com\/fr\/wp-json\/wp\/v2\/tags?post=291110"}],"curies":[{"name":"wp","href":"https:\/\/api.w.org\/{rel}","templated":true}]}}