{"id":291114,"date":"2025-08-02T10:18:14","date_gmt":"2025-08-02T10:18:14","guid":{"rendered":"https:\/\/www.europesays.com\/fr\/291114\/"},"modified":"2025-08-02T10:18:14","modified_gmt":"2025-08-02T10:18:14","slug":"sm-le-roi-na-eu-de-cesse-de-defendre-les-droits-du-peuple-palestinien","status":"publish","type":"post","link":"https:\/\/www.europesays.com\/fr\/291114\/","title":{"rendered":"SM le Roi n&rsquo;a eu de cesse de d\u00e9fendre les droits du peuple palestinien"},"content":{"rendered":"<p style=\"text-align: justify\">L\u2019Archev\u00eaque du patriarcat de l\u2019\u00c9glise grecque orthodoxe d\u2019Al Qods, Mgr Atallah Hanna, a hautement salu\u00e9 l\u2019aide humanitaire et m\u00e9dicale d\u2019urgence, envoy\u00e9e sur Tr\u00e8s Hautes Instructions de SM le Roi Mohammed VI en faveur du peuple palestinien fr\u00e8re, en particulier les populations de la bande de Gaza, soulignant que Sa Majest\u00e9 le Roi, Pr\u00e9sident du Comit\u00e9 Al-Qods, n\u2019a eu de cesse de d\u00e9fendre les droits du peuple palestinien, \u00e0 travers Ses positions fermes et Ses initiatives humanitaires nobles.<\/p>\n<p style=\"text-align: justify\">Dans une d\u00e9claration \u00e0 la MAP, l\u2019Archev\u00eaque Atallah Hanna a tenu \u00e0 saluer hautement cette initiative Royale qui vise \u00e0 apporter de l\u2019aide aux populations de Gaza, notant que cet acte de bienveillance n\u2019est pas \u00e9tranger \u00e0 SM le Roi qui n\u2019a eu de cesse de d\u00e9fendre les droits du peuple palestinien.<\/p>\n<p style=\"text-align: justify\">Et d\u2019ajouter : \u00ab\u00a0Depuis Al Qods, nous adressons nos salutations et exprimons notre profonde reconnaissance \u00e0 Sa Majest\u00e9 le Roi pour Ses nobles positions humaines et Son soutien ind\u00e9fectible au peuple palestinien, \u00e0 travers les aides successives envoy\u00e9es aux populations \u00e9prouv\u00e9es de Gaza\u00a0\u00bb.<\/p>\n<p style=\"text-align: justify\">Mgr Hanna a \u00e9galement soulign\u00e9 que ce genre d\u2019initiatives humanitaires illustrent la solidarit\u00e9 constante du Royaume du Maroc, sous la conduite de SM le Roi, exprimant ses sinc\u00e8res remerciements au Souverain pour Son appui immuable au peuple palestinien, Sa d\u00e9fense de la cause palestinienne et Son appel \u00e0 mettre fin aux souffrances des populations de Gaza.<\/p>\n<p style=\"text-align: justify\">L\u2019Archev\u00eaque a exprim\u00e9 aussi l\u2019espoir de voir la guerre prendre fin, afin que le peuple palestinien recouvre sa libert\u00e9 tant attendue, et que la paix et la stabilit\u00e9 s\u2019instaurent durablement dans la r\u00e9gion du Moyen-Orient.<\/p>\n<p>\u00a0<\/p>\n","protected":false},"excerpt":{"rendered":"L\u2019Archev\u00eaque du patriarcat de l\u2019\u00c9glise grecque orthodoxe d\u2019Al Qods, Mgr Atallah Hanna, a hautement salu\u00e9 l\u2019aide humanitaire et&hellip;\n","protected":false},"author":2,"featured_media":291115,"comment_status":"","ping_status":"","sticky":false,"template":"","format":"standard","meta":{"footnotes":""},"categories":[1586],"tags":[11,1777,674,1779,1011,27,12,25,1778,364],"class_list":{"0":"post-291114","1":"post","2":"type-post","3":"status-publish","4":"format-standard","5":"has-post-thumbnail","7":"category-europe","8":"tag-actualites","9":"tag-eu","10":"tag-europe","11":"tag-european-union","12":"tag-fr","13":"tag-france","14":"tag-news","15":"tag-republique-francaise","16":"tag-ue","17":"tag-union-europeenne"},"share_on_mastodon":{"url":"https:\/\/pubeurope.com\/@fr\/114958664195205965","error":""},"_links":{"self":[{"href":"https:\/\/www.europesays.com\/fr\/wp-json\/wp\/v2\/posts\/291114","targetHints":{"allow":["GET"]}}],"collection":[{"href":"https:\/\/www.europesays.com\/fr\/wp-json\/wp\/v2\/posts"}],"about":[{"href":"https:\/\/www.europesays.com\/fr\/wp-json\/wp\/v2\/types\/post"}],"author":[{"embeddable":true,"href":"https:\/\/www.europesays.com\/fr\/wp-json\/wp\/v2\/users\/2"}],"replies":[{"embeddable":true,"href":"https:\/\/www.europesays.com\/fr\/wp-json\/wp\/v2\/comments?post=291114"}],"version-history":[{"count":0,"href":"https:\/\/www.europesays.com\/fr\/wp-json\/wp\/v2\/posts\/291114\/revisions"}],"wp:featuredmedia":[{"embeddable":true,"href":"https:\/\/www.europesays.com\/fr\/wp-json\/wp\/v2\/media\/291115"}],"wp:attachment":[{"href":"https:\/\/www.europesays.com\/fr\/wp-json\/wp\/v2\/media?parent=291114"}],"wp:term":[{"taxonomy":"category","embeddable":true,"href":"https:\/\/www.europesays.com\/fr\/wp-json\/wp\/v2\/categories?post=291114"},{"taxonomy":"post_tag","embeddable":true,"href":"https:\/\/www.europesays.com\/fr\/wp-json\/wp\/v2\/tags?post=291114"}],"curies":[{"name":"wp","href":"https:\/\/api.w.org\/{rel}","templated":true}]}}