{"id":291125,"date":"2025-08-02T10:27:26","date_gmt":"2025-08-02T10:27:26","guid":{"rendered":"https:\/\/www.europesays.com\/fr\/291125\/"},"modified":"2025-08-02T10:27:26","modified_gmt":"2025-08-02T10:27:26","slug":"grand-prix-de-la-motogp-de-france-a-quelle-heure-et-sur-quelle-chaine-voir-la-course-en-direct","status":"publish","type":"post","link":"https:\/\/www.europesays.com\/fr\/291125\/","title":{"rendered":"Grand Prix de la MotoGP de France : \u00e0 quelle heure et sur quelle cha\u00eene voir la course en direct ?"},"content":{"rendered":"<p class=\"paragraph text_align_left lp-f-body-02\">\u00c0 l\u2019heure actuelle, Alex Marquez monte sur la premi\u00e8re marche du podium (140 points), devant Marc Marquez (139 points) et Francesco Bagnaia (120 points). On retrouve ensuite Franco Morbidelli (84 points), Fabio Di Giannantonio (63 points), Fabio Quartararo (50 points) et Johann Zarco (43 points). Cette semaine, les deux Fran\u00e7ais vont tout faire pour d\u00e9crocher une premi\u00e8re victoire et se rapprocher du trio de t\u00eate. C\u00f4t\u00e9 circuit, les concurrents s\u2019affrontent sur la piste du Mans, d\u2019une longueur totale de 4, 19 kilom\u00e8tres. Les quatorze virages et la ligne droite de 674 m\u00e8tres offrent de nombreuses opportunit\u00e9s de d\u00e9passement. Jusqu\u2019\u00e0 pr\u00e9sent, c\u2019est Jorge Martin qui d\u00e9tient le record du circuit et la meilleure pole. Enea Bastianini, quant \u00e0 lui, affiche le meilleur temps en course, tandis que Brad Binder signe le record de vitesse. Dans ces lignes, <a href=\"https:\/\/bit.ly\/3PyYcNS\" target=\"_blank\" rel=\"sponsored nofollow noopener\">on vous dit \u00e0 quelle heure et sur quelle cha\u00eene regarder le Grand Prix\u2122 de la MotoGP\u2122 de France, en direct ce dimanche apr\u00e8s-midi.<\/a><\/p>\n<p>Diffusion Grand Prix\u2122 de la MotoGP\u2122 de France en direct : sur quelle cha\u00eene regarder la course ?<\/p>\n<p class=\"paragraph text_align_left lp-f-body-02\"><b>Le Grand Prix\u2122 de la MotoGP\u2122 de France est diffus\u00e9 ce dimanche 11 mai, <\/b><a href=\"https:\/\/bit.ly\/3PyYcNS\" target=\"_blank\" rel=\"sponsored nofollow noopener\"><b>en direct sur la cha\u00eene CANAL+.<\/b><\/a><b> Le d\u00e9part de la course est pr\u00e9vu \u00e0 14 heures, sur le circuit du Mans.<\/b> D\u00e8s 13 heures 16, les experts animent l\u2019\u00e9mission La grille Moto consacr\u00e9e \u00e0 l\u2019actualit\u00e9 du championnat de la MotoGP\u2122. Les commentateurs prennent ensuite le relais pour vous plonger au c\u0153ur des paddocks, d\u00e9crypter les performances des pilotes et analyser les r\u00e9sultats. \u00c0 l\u2019issue de la course, vous assistez \u00e0 la remise des troph\u00e9es.<\/p>\n<p class=\"paragraph text_align_left lp-f-body-02\"><b>Suivez ici la MotoGP \u2122 <\/b><a href=\"https:\/\/bit.ly\/3PyYcNS\" rel=\"sponsored nofollow noopener\" target=\"_blank\"><b>toute l\u2019ann\u00e9e avec CANAL+<\/b><\/a><\/p>\n","protected":false},"excerpt":{"rendered":"\u00c0 l\u2019heure actuelle, Alex Marquez monte sur la premi\u00e8re marche du podium (140 points), devant Marc Marquez (139&hellip;\n","protected":false},"author":2,"featured_media":291126,"comment_status":"","ping_status":"","sticky":false,"template":"","format":"standard","meta":{"footnotes":""},"categories":[1413],"tags":[1011,27,749,1457,1456,60,6718],"class_list":{"0":"post-291125","1":"post","2":"type-post","3":"status-publish","4":"format-standard","5":"has-post-thumbnail","7":"category-moto","8":"tag-fr","9":"tag-france","10":"tag-guide-shopping","11":"tag-moto","12":"tag-motocycle","13":"tag-sports","14":"tag-tv-streaming"},"share_on_mastodon":{"url":"https:\/\/pubeurope.com\/@fr\/114958699399462110","error":""},"_links":{"self":[{"href":"https:\/\/www.europesays.com\/fr\/wp-json\/wp\/v2\/posts\/291125","targetHints":{"allow":["GET"]}}],"collection":[{"href":"https:\/\/www.europesays.com\/fr\/wp-json\/wp\/v2\/posts"}],"about":[{"href":"https:\/\/www.europesays.com\/fr\/wp-json\/wp\/v2\/types\/post"}],"author":[{"embeddable":true,"href":"https:\/\/www.europesays.com\/fr\/wp-json\/wp\/v2\/users\/2"}],"replies":[{"embeddable":true,"href":"https:\/\/www.europesays.com\/fr\/wp-json\/wp\/v2\/comments?post=291125"}],"version-history":[{"count":0,"href":"https:\/\/www.europesays.com\/fr\/wp-json\/wp\/v2\/posts\/291125\/revisions"}],"wp:featuredmedia":[{"embeddable":true,"href":"https:\/\/www.europesays.com\/fr\/wp-json\/wp\/v2\/media\/291126"}],"wp:attachment":[{"href":"https:\/\/www.europesays.com\/fr\/wp-json\/wp\/v2\/media?parent=291125"}],"wp:term":[{"taxonomy":"category","embeddable":true,"href":"https:\/\/www.europesays.com\/fr\/wp-json\/wp\/v2\/categories?post=291125"},{"taxonomy":"post_tag","embeddable":true,"href":"https:\/\/www.europesays.com\/fr\/wp-json\/wp\/v2\/tags?post=291125"}],"curies":[{"name":"wp","href":"https:\/\/api.w.org\/{rel}","templated":true}]}}