{"id":291129,"date":"2025-08-02T10:29:12","date_gmt":"2025-08-02T10:29:12","guid":{"rendered":"https:\/\/www.europesays.com\/fr\/291129\/"},"modified":"2025-08-02T10:29:12","modified_gmt":"2025-08-02T10:29:12","slug":"en-direct-tour-de-france-feminin","status":"publish","type":"post","link":"https:\/\/www.europesays.com\/fr\/291129\/","title":{"rendered":"EN DIRECT Tour de France f\u00e9minin"},"content":{"rendered":"<p>Un point sur les maillots distinctifs au d\u00e9part de l\u2019\u00e9tape<\/p>\n<p>Maillot jaune\u00a0: Kimberley Le Court, dont les 26 secondes d\u2019avance sur PFP risquent de ne pas peser tr\u00e8s lourd.<\/p>\n<p>Maillot vert\u00a0: Lorena Wiebes peut dormir sur ses deux oreilles<\/p>\n<p>Maillot \u00e0 pois\u00a0: Elise Chabbey voit Ma\u00ebva Squiban revenir \u00e0 12 points, la Suissesse va devoir repartir au mastic aujourd\u2019hui<\/p>\n<p>Maillot blanc : Nienle Vinke et Julie Bego dans un mouchoir pour le titre de meilleure jeune (21 secondes les s\u00e9pare)<\/p>\n<p>Salut les cyclix!<\/p>\n<p>On n&rsquo;est pas bien l\u00e0? Premier week-end d&rsquo;ao\u00fbt, le soleil, les vacances et un superbe live Tour de France f\u00e9minin sur 20 Minutes. Non mais s\u00e9rieusement, que demander de plus \u00e0 la vie? Un tripl\u00e9 improbable de Ma\u00ebva Squiban? Non, on va laisser la grimpeuse d&rsquo;UAE se reposer un peu aujourd&rsquo;hui. Par contre, on ne dit pas non \u00e0 un gros coup de Pauline Ferrand-Pr\u00e9vot, qui a compt\u00e9 ses coups de p\u00e9dale en attendant ce jour. Il va falloir assumer sur les pentes du col de la Madeleine, maintenant.<\/p>\n","protected":false},"excerpt":{"rendered":"Un point sur les maillots distinctifs au d\u00e9part de l\u2019\u00e9tape Maillot jaune\u00a0: Kimberley Le Court, dont les 26&hellip;\n","protected":false},"author":2,"featured_media":291130,"comment_status":"","ping_status":"","sticky":false,"template":"","format":"standard","meta":{"footnotes":""},"categories":[1411],"tags":[2430,5509,1154,207,1011,27,8011,2431,5508,517,60,26588],"class_list":{"0":"post-291129","1":"post","2":"type-post","3":"status-publish","4":"format-standard","5":"has-post-thumbnail","7":"category-cyclisme","8":"tag-auvergne-rhone-alpes","9":"tag-chambery","10":"tag-cycling","11":"tag-cyclisme","12":"tag-fr","13":"tag-france","14":"tag-pauline-ferrand-prevot","15":"tag-rhone-alpes","16":"tag-savoie","17":"tag-sport","18":"tag-sports","19":"tag-tour-de-france-feminin"},"share_on_mastodon":{"url":"https:\/\/pubeurope.com\/@fr\/114958707177370270","error":""},"_links":{"self":[{"href":"https:\/\/www.europesays.com\/fr\/wp-json\/wp\/v2\/posts\/291129","targetHints":{"allow":["GET"]}}],"collection":[{"href":"https:\/\/www.europesays.com\/fr\/wp-json\/wp\/v2\/posts"}],"about":[{"href":"https:\/\/www.europesays.com\/fr\/wp-json\/wp\/v2\/types\/post"}],"author":[{"embeddable":true,"href":"https:\/\/www.europesays.com\/fr\/wp-json\/wp\/v2\/users\/2"}],"replies":[{"embeddable":true,"href":"https:\/\/www.europesays.com\/fr\/wp-json\/wp\/v2\/comments?post=291129"}],"version-history":[{"count":0,"href":"https:\/\/www.europesays.com\/fr\/wp-json\/wp\/v2\/posts\/291129\/revisions"}],"wp:featuredmedia":[{"embeddable":true,"href":"https:\/\/www.europesays.com\/fr\/wp-json\/wp\/v2\/media\/291130"}],"wp:attachment":[{"href":"https:\/\/www.europesays.com\/fr\/wp-json\/wp\/v2\/media?parent=291129"}],"wp:term":[{"taxonomy":"category","embeddable":true,"href":"https:\/\/www.europesays.com\/fr\/wp-json\/wp\/v2\/categories?post=291129"},{"taxonomy":"post_tag","embeddable":true,"href":"https:\/\/www.europesays.com\/fr\/wp-json\/wp\/v2\/tags?post=291129"}],"curies":[{"name":"wp","href":"https:\/\/api.w.org\/{rel}","templated":true}]}}