{"id":291131,"date":"2025-08-02T10:30:15","date_gmt":"2025-08-02T10:30:15","guid":{"rendered":"https:\/\/www.europesays.com\/fr\/291131\/"},"modified":"2025-08-02T10:30:15","modified_gmt":"2025-08-02T10:30:15","slug":"mercato-le-psg-a-mis-les-choses-au-clair-avec-donnarumma-concernant-chevalier","status":"publish","type":"post","link":"https:\/\/www.europesays.com\/fr\/291131\/","title":{"rendered":"Mercato : Le PSG a mis les choses au clair avec Donnarumma concernant Chevalier"},"content":{"rendered":"<p data-testid=\"article-teaser\">Donnarumma a brill\u00e9, mais Paris ne compte pas s\u2019arr\u00eater l\u00e0. Un jeune gardien est dans les tuyaux, et le message est limpide.<\/p>\n<p>Apr\u00e8s <a href=\"https:\/\/www.goal.com\/fr\/listes\/desire-doue-etincelant-un-psg-hyper-realiste-ecrase-l-inter-milan-et-monte-sur-le-toit-de-l-europe-5-0\/blt2bc539db22142d1a#csa62541a7eebba43c\" target=\"_self\" rel=\"noopener\">une saison marqu\u00e9e par la conqu\u00eate historique de la Ligue des champions<\/a>, Gianluigi Donnarumma aurait pu esp\u00e9rer un avenir tranquille dans les buts du PSG. Pourtant, une d\u00e9cision r\u00e9cente de la direction parisienne vient rebattre les cartes. L\u2019arriv\u00e9e prochaine d\u2019un nouveau gardien, Lucas Chevalier, change la donne. Et cette fois, Paris n\u2019a pas jou\u00e9 la carte de la discr\u00e9tion.<\/p>\n","protected":false},"excerpt":{"rendered":"Donnarumma a brill\u00e9, mais Paris ne compte pas s\u2019arr\u00eater l\u00e0. Un jeune gardien est dans les tuyaux, et&hellip;\n","protected":false},"author":2,"featured_media":291132,"comment_status":"","ping_status":"","sticky":false,"template":"","format":"standard","meta":{"footnotes":""},"categories":[1410],"tags":[63,1011,27,30055,28965,66,1434,91,60,28401],"class_list":{"0":"post-291131","1":"post","2":"type-post","3":"status-publish","4":"format-standard","5":"has-post-thumbnail","7":"category-football","8":"tag-football","9":"tag-fr","10":"tag-france","11":"tag-g-donnarumma","12":"tag-l-chevalier","13":"tag-ligue-1","14":"tag-mercato","15":"tag-paris-saint-germain","16":"tag-sports","17":"tag-transfers"},"share_on_mastodon":{"url":"https:\/\/pubeurope.com\/@fr\/114958711141896189","error":""},"_links":{"self":[{"href":"https:\/\/www.europesays.com\/fr\/wp-json\/wp\/v2\/posts\/291131","targetHints":{"allow":["GET"]}}],"collection":[{"href":"https:\/\/www.europesays.com\/fr\/wp-json\/wp\/v2\/posts"}],"about":[{"href":"https:\/\/www.europesays.com\/fr\/wp-json\/wp\/v2\/types\/post"}],"author":[{"embeddable":true,"href":"https:\/\/www.europesays.com\/fr\/wp-json\/wp\/v2\/users\/2"}],"replies":[{"embeddable":true,"href":"https:\/\/www.europesays.com\/fr\/wp-json\/wp\/v2\/comments?post=291131"}],"version-history":[{"count":0,"href":"https:\/\/www.europesays.com\/fr\/wp-json\/wp\/v2\/posts\/291131\/revisions"}],"wp:featuredmedia":[{"embeddable":true,"href":"https:\/\/www.europesays.com\/fr\/wp-json\/wp\/v2\/media\/291132"}],"wp:attachment":[{"href":"https:\/\/www.europesays.com\/fr\/wp-json\/wp\/v2\/media?parent=291131"}],"wp:term":[{"taxonomy":"category","embeddable":true,"href":"https:\/\/www.europesays.com\/fr\/wp-json\/wp\/v2\/categories?post=291131"},{"taxonomy":"post_tag","embeddable":true,"href":"https:\/\/www.europesays.com\/fr\/wp-json\/wp\/v2\/tags?post=291131"}],"curies":[{"name":"wp","href":"https:\/\/api.w.org\/{rel}","templated":true}]}}