{"id":291135,"date":"2025-08-02T10:32:13","date_gmt":"2025-08-02T10:32:13","guid":{"rendered":"https:\/\/www.europesays.com\/fr\/291135\/"},"modified":"2025-08-02T10:32:13","modified_gmt":"2025-08-02T10:32:13","slug":"la-famille-de-charles-de-bonneville-a-la-recherche-des-oeuvres-de-lartiste","status":"publish","type":"post","link":"https:\/\/www.europesays.com\/fr\/291135\/","title":{"rendered":"La famille de Charles de Bonneville \u00e0 la recherche des \u0153uvres de l\u2019artiste"},"content":{"rendered":"<p>\t\t\t\t\t\t\t\t\t\t\t\t\t\t\t\t\t\t\t\t\t\t\t\t\t\t\t\t\t\t\t\t\t\t\t\t\t\t\t\t\t\t\t\t\t\t\t\t\t\t\t\t\t\t\t\t\t\t\t\t\t\t\t<a href=\"https:\/\/www.lacommere43.fr\/component\/banners\/click\/1805.html\" target=\"_blank\" title=\"Lozarts 2025 Lavaudieu\" rel=\"noopener\"><br \/>\n\t\t\t\t\t\t\t<img decoding=\"async\" loading=\"lazy\" src=\"https:\/\/www.europesays.com\/fr\/wp-content\/uploads\/2025\/08\/03_-_LAVAUDIEU_2-08_A3.jpg\" alt=\"Lozarts 2025 Lavaudieu\"\/><br \/>\n\t\t\t\t\t\t<\/a><\/p>\n<p>\t\t\t\t\t\t\t\t\t\t\t\t\t\t\t\t\t\t\t\t\t\t\t\t\t\t\t\t\t\t\t\t\t\t\t\t\t\t\t\t\t\t\t\t\t\t\t\t\t\t\t\t\t\t\t\t\t\t\t\t\t\t\t<a href=\"https:\/\/www.lacommere43.fr\/component\/banners\/click\/1802.html\" target=\"_blank\" title=\"Hugon Tourisme ao\u00fbt 2025\" rel=\"noopener\"><br \/>\n\t\t\t\t\t\t\t<img decoding=\"async\" loading=\"lazy\" src=\"https:\/\/www.europesays.com\/fr\/wp-content\/uploads\/2025\/08\/hugonaot.gif\" alt=\"Hugon Tourisme ao\u00fbt 2025\"\/><br \/>\n\t\t\t\t\t\t<\/a><\/p>\n<p><strong>La femme et les descendants de Charles de Bonneville, peintre et dessinateur originaire du Puy-en-Velay, sont \u00e0 la recherche des \u0153uvres de l\u2019artiste.<\/strong><\/p>\n<p>Charles de Bonneville, artiste qui a v\u00e9cu la majeure partie de sa vie au Puy-en-Velay, a au cours de sa vie dessin\u00e9 et peint les lieux embl\u00e9matiques de la Haute-Loire. Aujourd&rsquo;hui d\u00e9c\u00e9d\u00e9, sa femme, ses enfants et ses petits-enfants r\u00e9alisent une r\u00e9trospective de ses \u0153uvres et sont \u00e0 la recherche de tableaux vendus ou donn\u00e9s, pour les photographier en vue d&rsquo;\u00e9diter un album \u00e0 destination de la famille et des amis int\u00e9ress\u00e9s.<\/p>\n<p>\u00ab Pour la m\u00e9moire familiale et faire conna\u00eetre \u00e0 ses descendants cet homme aux talents artistiques hors du commun \u00bb : Alix de Bonneville, la femme de Charles, exprime ainsi le but du projet. N\u00e9 en 1932, Charles a \u00e9tudi\u00e9 aux Beaux-Arts de Saint-\u00c9tienne de 1948 \u00e0 1952. Au fil des ann\u00e9es, son style s&rsquo;est affirm\u00e9 et s&rsquo;est \u00e9panoui dans ses dessins au crayon, \u00e0 l&rsquo;encre de Chine ou au feutre. Charles a \u00e9galement peint des tableaux \u00e0 l&rsquo;huile. Membre actif de l&rsquo;association Les Artistes du Velay, il a particip\u00e9 \u00e0 de nombreuses expositions au cours des ann\u00e9es 1990 et d\u00e9but 2000.<\/p>\n<p><strong>Chapeau sur la t\u00eate, pipe au coin de la bouche<\/strong><\/p>\n<p>Les lieux embl\u00e9matiques de Haute-Loire ont tous \u00e9t\u00e9 \u00ab croqu\u00e9s \u00bb par Charles. Le chapeau viss\u00e9 sur sa t\u00eate et sa pipe au coin de la bouche, il a train\u00e9 ses crayons (et ses pinceaux !) sur les routes altilig\u00e9riennes. De la cath\u00e9drale du Puy en passant par la chapelle Saint-Michel, de la basilique Saint-Julien \u00e0 Brioude au clo\u00eetre de Lavaudieu, du Mont M\u00e9zenc \u00e0 Polignac, du village de Champagnac-le-Vieux \u00e0 la vall\u00e9e de l&rsquo;Allier, de nombreux sites ont \u00e9t\u00e9 immortalis\u00e9s. Son coup de crayon sublime ces lieux et retranscrit leur authenticit\u00e9.<\/p>\n<p><strong>150 pi\u00e8ces d\u00e9j\u00e0 r\u00e9pertori\u00e9es<\/strong><\/p>\n<p>Doux r\u00eaveur, pianiste autodidacte, Charles \u00e9tait g\u00e9n\u00e9reux. D\u00e9c\u00e9d\u00e9 en 2003, sa famille r\u00e9alise aujourd&rsquo;hui un album familial compos\u00e9 de l&rsquo;ensemble de ses \u0153uvres. Quelques 150 pi\u00e8ces ont d&rsquo;ores et d\u00e9j\u00e0 \u00e9t\u00e9 r\u00e9pertori\u00e9es et photographi\u00e9es. De nombreux originaux sont rest\u00e9s dans la famille. D&rsquo;autres ont \u00e9t\u00e9 vendus ou donn\u00e9s et leur trace a \u00e9t\u00e9 perdue. Sa famille souhaite les localiser pour pouvoir les prendre en photo et ainsi compl\u00e9ter l&rsquo;album familial. <\/p>\n<p>Et, qui sait, peut-\u00eatre qu&rsquo;un jour une exposition d&rsquo;une partie de ses \u0153uvres sera propos\u00e9e au grand public ?<\/p>\n<p>Contact : <a href=\"https:\/\/www.lacommere43.fr\/dans-le-43\/item\/75931-la-famille-de-charles-de-bonneville-a-la-recherche-des-oeuvres-de-l-artiste.html\/mailto:hubertdebonneville@free.fr\" target=\"_blank\" rel=\"noopener\">hubertdebonneville@free.fr<\/a>\u00a0ou par t\u00e9l\u00e9phone au 06 51 88 87 97<\/p>\n","protected":false},"excerpt":{"rendered":"La femme et les descendants de Charles de Bonneville, peintre et dessinateur originaire du Puy-en-Velay, sont \u00e0 la&hellip;\n","protected":false},"author":2,"featured_media":291136,"comment_status":"","ping_status":"","sticky":false,"template":"","format":"standard","meta":{"footnotes":""},"categories":[1358],"tags":[2281,1348,1384,1385,1386,58,59,2282,1011,27,2280,2284,2285,2283],"class_list":{"0":"post-291135","1":"post","2":"type-post","3":"status-publish","4":"format-standard","5":"has-post-thumbnail","7":"category-arts-et-design","8":"tag-actualite-43","9":"tag-arts","10":"tag-arts-and-design","11":"tag-arts-et-design","12":"tag-design","13":"tag-divertissement","14":"tag-entertainment","15":"tag-faits-divers-auvergne","16":"tag-fr","17":"tag-france","18":"tag-information-haute-loire","19":"tag-infos-43","20":"tag-journal-haute-loire","21":"tag-la-commere-43"},"share_on_mastodon":{"url":"https:\/\/pubeurope.com\/@fr\/114958719078036526","error":""},"_links":{"self":[{"href":"https:\/\/www.europesays.com\/fr\/wp-json\/wp\/v2\/posts\/291135","targetHints":{"allow":["GET"]}}],"collection":[{"href":"https:\/\/www.europesays.com\/fr\/wp-json\/wp\/v2\/posts"}],"about":[{"href":"https:\/\/www.europesays.com\/fr\/wp-json\/wp\/v2\/types\/post"}],"author":[{"embeddable":true,"href":"https:\/\/www.europesays.com\/fr\/wp-json\/wp\/v2\/users\/2"}],"replies":[{"embeddable":true,"href":"https:\/\/www.europesays.com\/fr\/wp-json\/wp\/v2\/comments?post=291135"}],"version-history":[{"count":0,"href":"https:\/\/www.europesays.com\/fr\/wp-json\/wp\/v2\/posts\/291135\/revisions"}],"wp:featuredmedia":[{"embeddable":true,"href":"https:\/\/www.europesays.com\/fr\/wp-json\/wp\/v2\/media\/291136"}],"wp:attachment":[{"href":"https:\/\/www.europesays.com\/fr\/wp-json\/wp\/v2\/media?parent=291135"}],"wp:term":[{"taxonomy":"category","embeddable":true,"href":"https:\/\/www.europesays.com\/fr\/wp-json\/wp\/v2\/categories?post=291135"},{"taxonomy":"post_tag","embeddable":true,"href":"https:\/\/www.europesays.com\/fr\/wp-json\/wp\/v2\/tags?post=291135"}],"curies":[{"name":"wp","href":"https:\/\/api.w.org\/{rel}","templated":true}]}}