{"id":291141,"date":"2025-08-02T10:35:10","date_gmt":"2025-08-02T10:35:10","guid":{"rendered":"https:\/\/www.europesays.com\/fr\/291141\/"},"modified":"2025-08-02T10:35:10","modified_gmt":"2025-08-02T10:35:10","slug":"chomage-depression-argent-michel-delpech-et-eddy-mitchell-piquent-leur-crise","status":"publish","type":"post","link":"https:\/\/www.europesays.com\/fr\/291141\/","title":{"rendered":"Ch\u00f4mage, d\u00e9pression, argent&#8230; Michel Delpech et Eddy Mitchell piquent leur crise"},"content":{"rendered":"<p>LE MATCH DES TUBES (20-40) &#8211; Alors que l&rsquo;\u00e9poque se tend et les Trente Glorieuses s&rsquo;ach\u00e8vent, Delpech et Mitchell, deux piliers de la chanson fran\u00e7aise, mettent en musique les maux de l&rsquo;\u00e9poque.<\/p>\n<p><a href=\"https:\/\/www.parismatch.com\/People\/Michel-Sardou-l-amoureux-de-la-France-1736727\" rel=\"nofollow noopener\" target=\"_blank\">Comme le chantait Michel Sardou<\/a>, toujours lui, \u00ab La vie, c&rsquo;est plus marrant, c&rsquo;est moins d\u00e9sesp\u00e9rant en chantant \u00bb. Alors, quand un drame vous frappe, pousser la chansonnette peut \u00eatre un bon antid\u00e9presseur ou une catharsis salvatrice. Face aux menaces du monde &#8211; ch\u00f4mage, crise \u00e9conomique ou guerre -, quelques notes de musique permettent de s&rsquo;\u00e9vader ou de r\u00e9fl\u00e9chir. Michel Delpech et Eddy Mitchell vont r\u00e9volutionner la vari\u00e9t\u00e9 fran\u00e7aise en parlant des probl\u00e8mes du quotidien. \u00ab Ce lundi-l\u00e0 \u00bb et \u00ab Il ne rentre pas ce soir \u00bb sont deux chansons qui vont marquer.<\/p>\n<p>En 1975, Michel Delpech est au sommet de sa carri\u00e8re. Chaque album livre son stock de tubes. Rien ne semble atteindre ce grand chanteur, <a href=\"https:\/\/www.parismatch.com\/Culture\/Musique\/Michel-Delpech-sa-derniere-interview-dans-Paris-Match-889975\" rel=\"nofollow noopener\" target=\"_blank\">sauf qu&rsquo;un mal le ronge en silence : la d\u00e9pression.<\/a> Un titre dans \u00ab Quand j&rsquo;\u00e9tais chanteur \u00bb alerte : \u00ab Ce lundi-l\u00e0 \u00bb. Tout commence avec un bruit de mer, de mouettes et d&rsquo;enfants, puis le piano se lance. La voix chaude de Delpech a chang\u00e9. \u00ab Quand il est descendu pour acheter des cigarettes, Jean-Pierre savait d\u00e9j\u00e0 qu&rsquo;il ne reviendrait plus jamais. Il a pens\u00e9 encore \u00e0 toute sa vie avec Michelle. Et puis il a tourn\u00e9 enfin le coin d&rsquo;la rue. \u00bb C&rsquo;est une sc\u00e8ne de film. L&rsquo;artiste raconte la crise existentielle d&rsquo;un marketeux &#8211; on ne parle pas encore de burn-out -, mais qui r\u00e9sonne avec sa situation. \u00ab Il savait qu&rsquo;\u00e0 huit heures la table serait mise, \u00e0 c\u00f4t\u00e9 de son assiette il y aurait ses tranquillisants. S&rsquo;il fallait toutes ces saloperies pour arriver \u00e0 s&rsquo;endormir, ce n&rsquo;\u00e9tait pas la peine d&rsquo;avoir trente ans. \u00bb Le titre, port\u00e9 par une m\u00e9lodie sobrement m\u00e9lancolique, s&rsquo;\u00e9coute autant qu&rsquo;il s&rsquo;entend. C&rsquo;est une le\u00e7on de philo ou une psychanalyse sur nos vies effr\u00e9n\u00e9es et mat\u00e9rialistes. \u00ab Le but de sa vie n&rsquo;\u00e9tait pas d&rsquo;avoir un jour un compte en Suisse. Ce n&rsquo;\u00e9tait pas l&rsquo;argent qui lui manquait pour \u00eatre heureux. \u00bb Jean-Pierre, c&rsquo;est en fait Michel : Delpech quitte la sc\u00e8ne et abandonne son titre de petit prince de la vari\u00e9t\u00e9.<\/p>\n<p>    La suite apr\u00e8s cette publicit\u00e9<\/p>\n<p>\u00ab \u00catre ch\u00f4meur \u00e0 son \u00e2ge, c&rsquo;est pire qu&rsquo;un mari tromp\u00e9 \u00bb<\/p>\n<p>En 1978, apr\u00e8s des ann\u00e9es de croissance et de plein-emploi, la France est rattrap\u00e9e par la crise et le ch\u00f4mage. <a href=\"https:\/\/www.parismatch.com\/culture\/musique\/chamfort-obispo-sheller-souchon-eddy-mitchell-rassemble-ses-amigos-244888\" rel=\"nofollow noopener\" target=\"_blank\">Le rockeur Eddy Mitchell<\/a> s&rsquo;en saisit et raconte la descente aux enfers d&rsquo;un cadre sup\u00e9rieur licenci\u00e9. Le titre commence, comme Delpech, par une sc\u00e8ne de film. C&rsquo;est millim\u00e9tr\u00e9. \u00ab Il \u00e9crase sa cigarette puis repousse le cendrier, se dirige vers les toilettes, la d\u00e9marche mal assur\u00e9e. Il revient r\u00e9gler ses bi\u00e8res, le sandwich et son caf\u00e9. Il ne rentre pas ce soir. \u00bb Vir\u00e9 et d\u00e9sormais sans le sou, le personnage de Mitchell s&rsquo;interroge : que faire ? Annoncer \u00e0 sa femme et \u00e0 son banquier \u00ab la sinistre v\u00e9rit\u00e9 \u00bb ? \u00ab \u00catre ch\u00f4meur \u00e0 son \u00e2ge, c&rsquo;est pire qu&rsquo;un mari tromp\u00e9. \u00bb Et comment payer l&rsquo;\u00e9cole priv\u00e9e des enfants, les parties de golf, etc. Un monde s&rsquo;effondre. \u00ab Schmoll \u00bb livre une prestation tout en sobri\u00e9t\u00e9, port\u00e9e par des ch\u0153urs bien inspir\u00e9s. La m\u00e9lodie est l\u00e9ch\u00e9e et offre une ambiance nocturne jazzy. La chanson est un grand succ\u00e8s.<\/p>\n<p>    La suite apr\u00e8s cette publicit\u00e9<\/p>\n<p>Qui remporte le titre de meilleur antid\u00e9presseur musical ? Si \u00ab Ce lundi-l\u00e0 \u00bb fait partie des meilleures pi\u00e8ces de l&rsquo;\u0153uvre de Delpech, \u00ab Il ne rentre pas ce soir \u00bb est la photographie d&rsquo;une \u00e9poque et d&rsquo;un monde qui change. Avec le deuxi\u00e8me choc p\u00e9trolier, la France a bascul\u00e9 dans une p\u00e9riode d&rsquo;incertitude et de secousses. La fin de l&rsquo;insouciance. C&rsquo;est fini, \u00ab boogie woogie \u00bb.<\/p>\n<p><strong>Les autres rounds<\/strong><\/p>\n<p>    La suite apr\u00e8s cette publicit\u00e9<\/p>\n<p>    La suite apr\u00e8s cette publicit\u00e9<\/p>\n<p><strong><a href=\"https:\/\/www.parismatch.com\/culture\/musique\/serge-lama-et-michel-jonasz-blessures-denfance-254694\" rel=\"nofollow noopener\" target=\"_blank\">\u00ab\u00a0Les Ballons rouges\u00a0\u00bb vs \u00ab\u00a0Les Vacances au bord de la mer\u00a0\u00bb<\/a><br \/><a href=\"https:\/\/www.parismatch.com\/culture\/musique\/michel-delpech-et-francis-cabrel-activistes-ecolos-avant-lheure-254748\" rel=\"nofollow noopener\" target=\"_blank\">\u00ab\u00a0Le Chasseur\u00a0\u00bb vs \u00ab\u00a0La Corrida\u00a0\u00bb<\/a><br \/><a href=\"https:\/\/www.parismatch.com\/culture\/musique\/julien-clerc-et-nicolas-peyrac-le-grand-depart-254799\" rel=\"nofollow noopener\" target=\"_blank\">\u00ab\u00a0Partir\u00a0\u00bb vs \u00ab\u00a0Je pars (le vol de nuit s\u2019en va)\u00a0\u00bb<\/a><br \/><a href=\"https:\/\/www.parismatch.com\/culture\/musique\/charles-aznavour-et-aya-nakamura-leur-combat-pour-la-france-254821\" rel=\"nofollow noopener\" target=\"_blank\">\u00ab\u00a0For me, formidable\u00a0\u00bb vs \u00ab\u00a0Djadja\u00a0\u00bb<\/a><br \/><a href=\"https:\/\/www.parismatch.com\/culture\/musique\/daniel-guichard-et-stromae-a-la-recherche-du-pere-254892\" rel=\"nofollow noopener\" target=\"_blank\">\u00ab\u00a0Mon Vieux\u00a0\u00bb vs \u00ab\u00a0Papaoutai\u00a0\u00bb<\/a><br \/><a href=\"https:\/\/www.parismatch.com\/culture\/musique\/les-inconnus-et-florent-pagny-declarent-la-guerre-aux-impots-254930\" rel=\"nofollow noopener\" target=\"_blank\">\u00ab\u00a0Rap-tout\u00a0\u00bb vs \u00ab\u00a0Ma libert\u00e9 de penser\u00a0\u00bb<\/a><\/strong><br \/><strong><a href=\"https:\/\/www.parismatch.com\/culture\/musique\/patrick-sebastien-et-carlos-nom-dune-pipe-254993\" rel=\"nofollow noopener\" target=\"_blank\">\u00ab\u00a0Tirelipimpon\u00a0\u00bb vs \u00ab\u00a0Une p\u2019tite pipe Hourra\u00a0!\u00a0\u00bb<\/a><br \/><a href=\"https:\/\/www.parismatch.com\/culture\/musique\/sylvie-vartan-et-johnny-hallyday-leurs-enfants-leur-bataille-255042\" rel=\"nofollow noopener\" target=\"_blank\">\u00ab\u00a0Le Roi David\u00a0\u00bb vs \u00ab\u00a0Laura\u00a0\u00bb<\/a><br \/><a href=\"https:\/\/www.parismatch.com\/culture\/musique\/johnny-hallyday-et-herbert-leonard-les-plaisirs-du-corps-255062\" rel=\"nofollow noopener\" target=\"_blank\">\u00ab Que je t&rsquo;aime \u00bb vs \u00ab Quand tu m&rsquo;aimes \u00bb<\/a><\/strong><\/p>\n","protected":false},"excerpt":{"rendered":"LE MATCH DES TUBES (20-40) &#8211; Alors que l&rsquo;\u00e9poque se tend et les Trente Glorieuses s&rsquo;ach\u00e8vent, Delpech et&hellip;\n","protected":false},"author":2,"featured_media":291142,"comment_status":"","ping_status":"","sticky":false,"template":"","format":"standard","meta":{"footnotes":""},"categories":[1355],"tags":[58,59,1011,27,1361,873],"class_list":{"0":"post-291141","1":"post","2":"type-post","3":"status-publish","4":"format-standard","5":"has-post-thumbnail","7":"category-musique","8":"tag-divertissement","9":"tag-entertainment","10":"tag-fr","11":"tag-france","12":"tag-music","13":"tag-musique"},"share_on_mastodon":{"url":"https:\/\/pubeurope.com\/@fr\/114958731007128849","error":""},"_links":{"self":[{"href":"https:\/\/www.europesays.com\/fr\/wp-json\/wp\/v2\/posts\/291141","targetHints":{"allow":["GET"]}}],"collection":[{"href":"https:\/\/www.europesays.com\/fr\/wp-json\/wp\/v2\/posts"}],"about":[{"href":"https:\/\/www.europesays.com\/fr\/wp-json\/wp\/v2\/types\/post"}],"author":[{"embeddable":true,"href":"https:\/\/www.europesays.com\/fr\/wp-json\/wp\/v2\/users\/2"}],"replies":[{"embeddable":true,"href":"https:\/\/www.europesays.com\/fr\/wp-json\/wp\/v2\/comments?post=291141"}],"version-history":[{"count":0,"href":"https:\/\/www.europesays.com\/fr\/wp-json\/wp\/v2\/posts\/291141\/revisions"}],"wp:featuredmedia":[{"embeddable":true,"href":"https:\/\/www.europesays.com\/fr\/wp-json\/wp\/v2\/media\/291142"}],"wp:attachment":[{"href":"https:\/\/www.europesays.com\/fr\/wp-json\/wp\/v2\/media?parent=291141"}],"wp:term":[{"taxonomy":"category","embeddable":true,"href":"https:\/\/www.europesays.com\/fr\/wp-json\/wp\/v2\/categories?post=291141"},{"taxonomy":"post_tag","embeddable":true,"href":"https:\/\/www.europesays.com\/fr\/wp-json\/wp\/v2\/tags?post=291141"}],"curies":[{"name":"wp","href":"https:\/\/api.w.org\/{rel}","templated":true}]}}