{"id":291145,"date":"2025-08-02T10:37:11","date_gmt":"2025-08-02T10:37:11","guid":{"rendered":"https:\/\/www.europesays.com\/fr\/291145\/"},"modified":"2025-08-02T10:37:11","modified_gmt":"2025-08-02T10:37:11","slug":"cas-averes-de-chikungunya-dans-le-gard-la-chasse-au-moustique-tigre-a-commence-la-nuit-derniere","status":"publish","type":"post","link":"https:\/\/www.europesays.com\/fr\/291145\/","title":{"rendered":"Cas av\u00e9r\u00e9s de chikungunya dans le Gard\u00a0: la chasse au moustique tigre a commenc\u00e9 la nuit derni\u00e8re"},"content":{"rendered":"<p>\n                                                                Suite \u00e0 des cas av\u00e9r\u00e9s de chikungunya dans le Gard, une campagne pr\u00e9ventive de d\u00e9moustication s\u2019est d\u00e9roul\u00e9e dans la nuit du vendredi\u00a01er au samedi 2\u00a0ao\u00fbt sur la commune de Poulx.\n                            <\/p>\n<p>Avec <a href=\"https:\/\/www.midilibre.fr\/2025\/08\/01\/nouveau-cas-autochtone-de-chikungunya-confirme-dans-le-gard-dautres-cas-suspects-une-operation-de-demoustication-prevue-12856154.php\" target=\"_self\" rel=\"nofollow noopener\">trois cas av\u00e9r\u00e9s et des cas suspects en cours d\u2019analyse<\/a>, le village de Poulx, tout pr\u00e8s de N\u00eemes dans le Gard, est directement touch\u00e9 par le chikungunya. Sans parler d\u2019\u00e9pid\u00e9mie, l\u2019Agence r\u00e9gionale de sant\u00e9 a pris les choses en mains pour rep\u00e9rer les cas dits autochtones et mettre en place un traitement cibl\u00e9 de certains quartiers consid\u00e9r\u00e9s comme foyers potentiels.<\/p>\n<p>Des enqu\u00eateurs sillonnent le village<\/p>\n<p>Depuis deux jours, des enqu\u00eateurs sillonnent les rues du sud-est de la commune \u00e0 la recherche de\u00a0larves du moustique tigre, pr\u00e9sentes dans de l\u2019eau stagnante oubli\u00e9e au fond d\u2019un pot, d\u2019un pneu ou de la pliure d\u2019une b\u00e2che. Ils en profitent pour poser des questions sur d\u2019\u00e9ventuels sympt\u00f4mes ressentis par les habitants, fi\u00e8vre, douleurs, ankylose musculaire et articulaire, maux de t\u00eate, \u00e9ruptions cutan\u00e9es\u2026 En cas de r\u00e9ponse positive, c\u2019est l\u2019ARS\u00a0Occitanie qui prend le relais et prescrit une analyse sanguine. Les r\u00e9sultats d\u00e9finitifs seront connus huit jours plus tard.<\/p>\n<p>Une quarantaine de jardins trait\u00e9s<\/p>\n<p>En attendant, une premi\u00e8re campagne pr\u00e9ventive de d\u00e9moustication vient d\u2019avoir lieu la nuit derni\u00e8re avec, en plus des rues, le traitement d\u2019une quarantaine de jardins. Quatre techniciens de la soci\u00e9t\u00e9 Altopictus bas\u00e9e \u00e0 Bayonne, ont rev\u00eatu leur combinaison blanche, leur masque et saisi leur thermon\u00e9bulisateur pour pulv\u00e9riser sous forme de nuages de gouttelettes, un produit \u00e0 base de pyr\u00e9thrino\u00efde, du m\u00eame genre que celui utilis\u00e9 par les diffuseurs anti-moustiques vendus dans le commerce.<\/p>\n<p>Ce type de campagne <a href=\"https:\/\/www.midilibre.fr\/2025\/06\/30\/une-deuxieme-operation-de-demoustication-12794655.php\" target=\"_self\" rel=\"nofollow noopener\">avait d\u00e9j\u00e0 \u00e9t\u00e9 organis\u00e9 \u00e0 Bernis en juin<\/a>, mais avait n\u00e9cessit\u00e9 deux nuits de traitement pour obtenir un r\u00e9sultat concluant. Poulx b\u00e9n\u00e9ficierait du m\u00eame sch\u00e9ma. En attendant, la vigilance concernant les points d\u2019eau r\u00e9siduels s\u2019impose, comme le signalement de tout sympt\u00f4me suspect aupr\u00e8s d\u2019un m\u00e9decin.<\/p>\n<p>    Chikungunya\u00a0: quels sympt\u00f4mes doivent alerter\u00a0?<\/p>\n<p>\u00ab\u00a0Le chikungunya est une maladie virale transmise par les\u00a0moustiques du genre Aedes notamment (moustique tigre), rappelle le <a href=\"https:\/\/sante.gouv.fr\/soins-et-maladies\/maladies\/maladies-vectorielles-et-zoonoses\/article\/chikungunya\" target=\"_self\" rel=\"nofollow noopener\">minist\u00e8re du Travail, de la Sant\u00e9, de la Solidarit\u00e9 et des Familles<\/a>, qui explique que \u00ab\u00a0la maladie peut passer inaper\u00e7ue ou se manifester en moyenne 4 \u00e0 7 jours apr\u00e8s une piq\u00fbre infectante, par l\u2019apparition soudaine d\u2019une fi\u00e8vre \u00e9lev\u00e9e (sup\u00e9rieure \u00e0 38,5\u00a0\u00b0C) associ\u00e9e \u00e0 des maux de t\u00eate ainsi qu\u2019\u00e0 d\u2019importantes douleurs musculaires et articulaires touchant les extr\u00e9mit\u00e9s des membres (poignets, chevilles, phalanges).\u00a0\u00bb Le minist\u00e8re ajoute que d\u2019autres sympt\u00f4mes peuvent \u00e9galement \u00eatre associ\u00e9s, \u00ab\u00a0telle une conjonctivite, une \u00e9ruption cutan\u00e9e, des naus\u00e9es\u00a0\u00bb.<\/p>\n","protected":false},"excerpt":{"rendered":"Suite \u00e0 des cas av\u00e9r\u00e9s de chikungunya dans le Gard, une campagne pr\u00e9ventive de d\u00e9moustication s\u2019est d\u00e9roul\u00e9e dans&hellip;\n","protected":false},"author":2,"featured_media":291146,"comment_status":"","ping_status":"","sticky":false,"template":"","format":"standard","meta":{"footnotes":""},"categories":[10],"tags":[1011,27,72,71],"class_list":{"0":"post-291145","1":"post","2":"type-post","3":"status-publish","4":"format-standard","5":"has-post-thumbnail","7":"category-sante","8":"tag-fr","9":"tag-france","10":"tag-health","11":"tag-sante"},"share_on_mastodon":{"url":"https:\/\/pubeurope.com\/@fr\/114958738678572719","error":""},"_links":{"self":[{"href":"https:\/\/www.europesays.com\/fr\/wp-json\/wp\/v2\/posts\/291145","targetHints":{"allow":["GET"]}}],"collection":[{"href":"https:\/\/www.europesays.com\/fr\/wp-json\/wp\/v2\/posts"}],"about":[{"href":"https:\/\/www.europesays.com\/fr\/wp-json\/wp\/v2\/types\/post"}],"author":[{"embeddable":true,"href":"https:\/\/www.europesays.com\/fr\/wp-json\/wp\/v2\/users\/2"}],"replies":[{"embeddable":true,"href":"https:\/\/www.europesays.com\/fr\/wp-json\/wp\/v2\/comments?post=291145"}],"version-history":[{"count":0,"href":"https:\/\/www.europesays.com\/fr\/wp-json\/wp\/v2\/posts\/291145\/revisions"}],"wp:featuredmedia":[{"embeddable":true,"href":"https:\/\/www.europesays.com\/fr\/wp-json\/wp\/v2\/media\/291146"}],"wp:attachment":[{"href":"https:\/\/www.europesays.com\/fr\/wp-json\/wp\/v2\/media?parent=291145"}],"wp:term":[{"taxonomy":"category","embeddable":true,"href":"https:\/\/www.europesays.com\/fr\/wp-json\/wp\/v2\/categories?post=291145"},{"taxonomy":"post_tag","embeddable":true,"href":"https:\/\/www.europesays.com\/fr\/wp-json\/wp\/v2\/tags?post=291145"}],"curies":[{"name":"wp","href":"https:\/\/api.w.org\/{rel}","templated":true}]}}