{"id":291149,"date":"2025-08-02T10:39:13","date_gmt":"2025-08-02T10:39:13","guid":{"rendered":"https:\/\/www.europesays.com\/fr\/291149\/"},"modified":"2025-08-02T10:39:13","modified_gmt":"2025-08-02T10:39:13","slug":"les-4-infos-incontournables-de-la-r1-du-vendredi-1er-aout-a-cabourg","status":"publish","type":"post","link":"https:\/\/www.europesays.com\/fr\/291149\/","title":{"rendered":"Les 4 infos incontournables de la R1 du vendredi 1er ao\u00fbt \u00e0 Cabourg"},"content":{"rendered":"<p><strong>La plus belle musique<\/strong><\/p>\n<p style=\"text-align: justify;\"><a href=\"https:\/\/www.equidia.fr\/chevaux\/my-dream-du-grais\" target=\"_blank\" rel=\"noopener\"><strong>808 &#8211; My Dream du Grais<\/strong><\/a><\/p>\n<p style=\"text-align: justify;\">2a2a2a<\/p>\n<p style=\"text-align: justify;\">Ce prot\u00e9g\u00e9 de <strong>S\u00e9bastien Hardy<\/strong> a montr\u00e9 beaucoup de s\u00e9rieux en trois sorties publiques. Notons que ses trois tentatives ont eu pour th\u00e9\u00e2tre des hippodromes corde \u00e0 droite et qu&rsquo;il vient d&rsquo;\u00eatre battu par un pensionnaire d&rsquo;<strong>Anthonin Favris<\/strong> qui semble avoir de la qualit\u00e9. Le lot est certes int\u00e9ressanrt ce vendredi mais il s&rsquo;annonce comp\u00e9titif, au moins pour les places.<\/p>\n<p><strong>L&rsquo;entourage confiant<\/strong><\/p>\n<p><a href=\"https:\/\/www.equidia.fr\/chevaux\/lady-dhelios\" target=\"_blank\" rel=\"noopener\"><strong>606 &#8211; Lady d&rsquo;Helios<\/strong><\/a><\/p>\n<p style=\"text-align: justify;\"><strong>C\u00e9dric Terry, son driver<\/strong> : \u00ab\u00a0Elle est en forme et devrait le confirmer. Bien engag\u00e9e en t\u00eate, elle devrait jouer un r\u00f4le actif \u00e0 l\u2019arriv\u00e9e si nous pouvons profiter d\u2019un d\u00e9roulement de course \u00e0 notre avantage.\u00a0\u00bb<\/p>\n<p><strong>La stat&rsquo; la plus int\u00e9ressante<\/strong><\/p>\n<p><a href=\"https:\/\/www.equidia.fr\/chevaux\/kabalva\" target=\"_blank\" rel=\"noopener\"><strong>207 &#8211; Kabalva<\/strong><\/a><\/p>\n<p><strong>D4<\/strong> : 8 courses &#8211; 3 victoires &#8211; 2\u00a0places &#8211; 1 Dai &#8211; 87% dans les 5<\/p>\n<p><img decoding=\"async\" src=\"https:\/\/www.europesays.com\/fr\/wp-content\/uploads\/2025\/08\/00259590-007-scoopdyga-jpg\"\/><\/p>\n<p style=\"text-align: center;\">Apr\u00e8s deux courses ferr\u00e9e, <strong>Kabalva <\/strong>se pr\u00e9sentera dans sa configuration optimale ce vendredi<\/p>\n<p><strong>Le cheval rep\u00e9r\u00e9 en dernier lieu<\/strong><\/p>\n<p style=\"text-align: justify;\"><a href=\"https:\/\/www.equidia.fr\/chevaux\/krystal-piya\" target=\"_blank\" rel=\"noopener\"><strong>103 Krystal Piya<\/strong><\/a> (2\u00e8me)<\/p>\n<p style=\"text-align: justify;\">Rep\u00e9r\u00e9 par Michael Mourtialon : \u00ab\u00a0Patient dans la seconde moiti\u00e9 du peloton, s&rsquo;est d\u00e9cal\u00e9 \u00e0 l&rsquo;entr\u00e9e de la ligne droite et a effectu\u00e9 une excellente fin de course tout en dehors, \u00e9chouant finalement d&rsquo;assez peu pour la victoire.\u00a0\u00bb<\/p>\n<p style=\"text-align: justify;\">(<a href=\"https:\/\/www.equidia.fr\/courses\/2025-07-18\/R1\/C2\" target=\"_blank\" rel=\"noopener\">Cliquez ici pour voir la vid\u00e9o<\/a>)<\/p>\n","protected":false},"excerpt":{"rendered":"La plus belle musique 808 &#8211; My Dream du Grais 2a2a2a Ce prot\u00e9g\u00e9 de S\u00e9bastien Hardy a montr\u00e9&hellip;\n","protected":false},"author":2,"featured_media":291150,"comment_status":"","ping_status":"","sticky":false,"template":"","format":"standard","meta":{"footnotes":""},"categories":[8],"tags":[7635,58,59,1011,27,7636,7638,7637],"class_list":{"0":"post-291149","1":"post","2":"type-post","3":"status-publish","4":"format-standard","5":"has-post-thumbnail","7":"category-divertissement","8":"tag-attele","9":"tag-divertissement","10":"tag-entertainment","11":"tag-fr","12":"tag-france","13":"tag-monte","14":"tag-pour-preparer-vos-paris","15":"tag-trot"},"share_on_mastodon":{"url":"https:\/\/pubeurope.com\/@fr\/114958746762604974","error":""},"_links":{"self":[{"href":"https:\/\/www.europesays.com\/fr\/wp-json\/wp\/v2\/posts\/291149","targetHints":{"allow":["GET"]}}],"collection":[{"href":"https:\/\/www.europesays.com\/fr\/wp-json\/wp\/v2\/posts"}],"about":[{"href":"https:\/\/www.europesays.com\/fr\/wp-json\/wp\/v2\/types\/post"}],"author":[{"embeddable":true,"href":"https:\/\/www.europesays.com\/fr\/wp-json\/wp\/v2\/users\/2"}],"replies":[{"embeddable":true,"href":"https:\/\/www.europesays.com\/fr\/wp-json\/wp\/v2\/comments?post=291149"}],"version-history":[{"count":0,"href":"https:\/\/www.europesays.com\/fr\/wp-json\/wp\/v2\/posts\/291149\/revisions"}],"wp:featuredmedia":[{"embeddable":true,"href":"https:\/\/www.europesays.com\/fr\/wp-json\/wp\/v2\/media\/291150"}],"wp:attachment":[{"href":"https:\/\/www.europesays.com\/fr\/wp-json\/wp\/v2\/media?parent=291149"}],"wp:term":[{"taxonomy":"category","embeddable":true,"href":"https:\/\/www.europesays.com\/fr\/wp-json\/wp\/v2\/categories?post=291149"},{"taxonomy":"post_tag","embeddable":true,"href":"https:\/\/www.europesays.com\/fr\/wp-json\/wp\/v2\/tags?post=291149"}],"curies":[{"name":"wp","href":"https:\/\/api.w.org\/{rel}","templated":true}]}}