{"id":291151,"date":"2025-08-02T10:40:15","date_gmt":"2025-08-02T10:40:15","guid":{"rendered":"https:\/\/www.europesays.com\/fr\/291151\/"},"modified":"2025-08-02T10:40:15","modified_gmt":"2025-08-02T10:40:15","slug":"les-4-astronautes-partis-avec-une-fusee-spacex-ont-rejoint-liss-suivez-leur-entree-en-direct","status":"publish","type":"post","link":"https:\/\/www.europesays.com\/fr\/291151\/","title":{"rendered":"Les 4 astronautes partis avec une fus\u00e9e SpaceX ont rejoint l&rsquo;ISS, suivez leur entr\u00e9e en direct"},"content":{"rendered":"<p>SpaceX a lanc\u00e9 le 1er ao\u00fbt une mission habit\u00e9e vers l\u2019ISS, avec quatre astronautes \u00e0 bord. Apr\u00e8s plusieurs heures en orbite, la capsule Crew Dragon a fini par rejoindre la station spatiale internationale. Les astronautes ont pu monter \u00e0 bord.<\/p>\n<p><strong>Mise \u00e0 jour<\/strong> \u2013 la capsule Crew Dragon de SpaceX a fini par s\u2019arrimer \u00e0 l\u2019ISS. L\u2019\u00e9coutille <a href=\"https:\/\/x.com\/Space_Station\/status\/1951566896987316614\" target=\"_blank\" rel=\"noreferrer noopener\">a ensuite \u00e9t\u00e9 ouverte<\/a>, permettant l\u2019entr\u00e9e dans la station spatiale internationale des quatre nouveaux astronautes, qui s\u00e9journeront \u00e0 bord pendant six mois.<\/p>\n<blockquote class=\"twitter-tweet\" data-width=\"500\" data-dnt=\"true\">\n<p lang=\"en\" dir=\"ltr\">The hatches opened between the <a href=\"https:\/\/twitter.com\/SpaceX?ref_src=twsrc%5Etfw\" target=\"_blank\" rel=\"noopener\">@SpaceX<\/a> Dragon and the space station at 3:46am ET today and the <a href=\"https:\/\/twitter.com\/hashtag\/Crew11?src=hash&amp;ref_src=twsrc%5Etfw\" target=\"_blank\" rel=\"noopener\">#Crew11<\/a> quartet joined the Exp 73 crew. <a href=\"https:\/\/t.co\/YkICXIdLU0\">https:\/\/t.co\/YkICXIdLU0<\/a> <a href=\"https:\/\/t.co\/NfAgJrnWfD\">pic.twitter.com\/NfAgJrnWfD<\/a><\/p>\n<p>\u2014 International Space Station (@Space_Station) <a href=\"https:\/\/twitter.com\/Space_Station\/status\/1951566896987316614?ref_src=twsrc%5Etfw\" target=\"_blank\" rel=\"noopener\">August 2, 2025<\/a><\/p><\/blockquote>\n<p>            Ce contenu est bloqu\u00e9 car vous n\u2019avez pas accept\u00e9 les cookies et autres traceurs. Ce contenu est fourni par Twitter.<br \/>Pour pouvoir le visualiser, vous devez accepter l\u2019usage \u00e9tant op\u00e9r\u00e9 par Twitter avec vos donn\u00e9es qui pourront \u00eatre utilis\u00e9es pour les finalit\u00e9s suivantes : vous permettre de visualiser et de partager des contenus avec des m\u00e9dias sociaux, favoriser le d\u00e9veloppement et l\u2019am\u00e9lioration des produits d\u2019Humanoid et de ses partenaires, vous afficher des publicit\u00e9s personnalis\u00e9es par rapport \u00e0 votre profil et activit\u00e9, vous d\u00e9finir un profil publicitaire personnalis\u00e9, mesurer la performance des publicit\u00e9s et du contenu de ce site et mesurer l\u2019audience de ce site <a href=\"#\" class=\"js-privacy\" target=\"_blank\">(en savoir plus)<\/a>        <\/p>\n<p>            En cliquant sur \u00ab J\u2019accepte tout \u00bb, vous consentez aux finalit\u00e9s susmentionn\u00e9es pour l\u2019ensemble des cookies et autres traceurs d\u00e9pos\u00e9s par Humanoid et <a class=\"embed-consent-overlay-vendors-link\" href=\"#preferences-vendeurs\">ses partenaires<\/a>.        <\/p>\n<p>            Vous gardez la possibilit\u00e9 de retirer votre consentement \u00e0 tout moment. Pour plus d\u2019informations, nous vous invitons \u00e0 prendre connaissance de notre <a href=\"https:\/\/www.numerama.com\/politique-cookies\" target=\"_blank\" rel=\"noopener\">Politique cookies<\/a>.        <\/p>\n<p>        J\u2019accepte tout    <\/p>\n<p class=\"embed-consent-overlay-manage-choices\">        <a href=\"#preferences-publicitaires\">G\u00e9rer mes choix<\/a>    <\/p>\n<p>Une nouvelle mission en direction de la Station spatiale internationale (ISS) est imminente. Ce vendredi 1er ao\u00fbt, SpaceX organise au profit de la NASA un vol habit\u00e9 vers la station, afin de permettre \u00e0 4 nouveaux astronautes de s\u00e9journer en orbite pendant six mois. Le vol peut \u00eatre suivi en direct gr\u00e2ce aux cam\u00e9ras de l\u2019agence spatiale am\u00e9ricaine.<\/p>\n<p>Le r\u00e9sum\u00e9 de la mission SpaceX Crew-11<\/p>\n<ul class=\"wp-block-list\">\n<li><strong>Quoi ?<\/strong> Une mission habit\u00e9e de SpaceX pour envoyer des astronautes sur l\u2019ISS ;<\/li>\n<li><strong>Quand ?<\/strong> Le vendredi 1er ao\u00fbt, \u00e0 17h43 (heure de Paris) ;<\/li>\n<li><strong>O\u00f9 ?<\/strong> Au centre spatial Kennedy, en Floride (\u00c9tats-Unis) ;<\/li>\n<li><strong>Que verra-t-on ?<\/strong> Le d\u00e9collage du lanceur Falcon 9, suivi du transit de la capsule dans l\u2019espace jusqu\u2019\u00e0 l\u2019ISS et, enfin, son arrimage.<\/li>\n<\/ul>\n<p>Comment voir le d\u00e9collage de la fus\u00e9e Falcon 9 ?<\/p>\n<p>La Nasa et SpaceX assurent la <a href=\"https:\/\/www.spacex.com\/launches\/crew11\" target=\"_blank\" rel=\"noreferrer noopener\">retransmission en direct du vol<\/a>.<\/p>\n<\/p>\n<p>            Ce contenu est bloqu\u00e9 car vous n\u2019avez pas accept\u00e9 les cookies et autres traceurs. Ce contenu est fourni par YouTube.<br \/>Pour pouvoir le visualiser, vous devez accepter l\u2019usage \u00e9tant op\u00e9r\u00e9 par YouTube avec vos donn\u00e9es qui pourront \u00eatre utilis\u00e9es pour les finalit\u00e9s suivantes : vous permettre de visualiser et de partager des contenus avec des m\u00e9dias sociaux, favoriser le d\u00e9veloppement et l\u2019am\u00e9lioration des produits d\u2019Humanoid et de ses partenaires, vous afficher des publicit\u00e9s personnalis\u00e9es par rapport \u00e0 votre profil et activit\u00e9, vous d\u00e9finir un profil publicitaire personnalis\u00e9, mesurer la performance des publicit\u00e9s et du contenu de ce site et mesurer l\u2019audience de ce site <a href=\"#\" class=\"js-privacy\" target=\"_blank\">(en savoir plus)<\/a>        <\/p>\n<p>            En cliquant sur \u00ab J\u2019accepte tout \u00bb, vous consentez aux finalit\u00e9s susmentionn\u00e9es pour l\u2019ensemble des cookies et autres traceurs d\u00e9pos\u00e9s par Humanoid et <a class=\"embed-consent-overlay-vendors-link\" href=\"#preferences-vendeurs\">ses partenaires<\/a>.        <\/p>\n<p>            Vous gardez la possibilit\u00e9 de retirer votre consentement \u00e0 tout moment. Pour plus d\u2019informations, nous vous invitons \u00e0 prendre connaissance de notre <a href=\"https:\/\/www.numerama.com\/politique-cookies\" target=\"_blank\" rel=\"noopener\">Politique cookies<\/a>.        <\/p>\n<p>        J\u2019accepte tout    <\/p>\n<p class=\"embed-consent-overlay-manage-choices\">        <a href=\"#preferences-publicitaires\">G\u00e9rer mes choix<\/a>    <\/p>\n<p>Qu\u2019est-ce que SpaceX cherche \u00e0 accomplir ?<\/p>\n<p>La t\u00e2che essentielle de SpaceX est de s\u2019assurer que l\u2019envoi de la capsule habit\u00e9e Crew Dragon se d\u00e9roule \u00e0 merveille. L\u2019entreprise am\u00e9ricaine est certes rompue \u00e0 l\u2019exercice, en mobilisant \u00e0 la fois un engin qui a fait depuis ses preuves (la capsule a d\u00e9j\u00e0 servi \u00e0 cinq reprises), et un lanceur tout aussi exp\u00e9riment\u00e9 (fus\u00e9e Falcon 9).<\/p>\n<p>\u00c0 bord, quatre personnes : une Am\u00e9ricaine, Zena Cardman, qui effectue l\u00e0 son premier vol, et son compatriote Mike Fincke, qui en compte d\u00e9j\u00e0 trois). Ils seront accompagn\u00e9s de deux coll\u00e8gues internationaux : le Russe Oleg Platonov, qui fait aussi son bapt\u00eame de l\u2019air, et le Japonais Kimiya Yui, qui a d\u00e9j\u00e0 vol\u00e9 une fois.<\/p>\n<p><a href=\"https:\/\/www.numerama.com\/wp-content\/uploads\/2025\/08\/astronautes-crew-11.jpg\" target=\"_blank\" rel=\"noopener\"><img decoding=\"async\" width=\"1024\" height=\"576\" loading=\"lazy\" alt=\"Source : NASA\" title=\"Source : NASA\" class=\"wp-image-2045529 placeholder-default wp-image\" src=\"https:\/\/www.europesays.com\/fr\/wp-content\/uploads\/2025\/08\/astronautes-crew-11-1024x576.jpg\" \/><\/a>Source : <a target=\"_blank\" href=\"https:\/\/x.com\/NASAKennedy\/status\/1950909254136701428\">NASA<\/a><\/p>\n<p>Pendant leur s\u00e9jour dans le laboratoire orbital, les membres de l\u2019\u00e9quipage m\u00e8neront de nouvelles recherches afin de pr\u00e9parer l\u2019exploration humaine au-del\u00e0 de l\u2019orbite terrestre basse et d\u2019apporter des b\u00e9n\u00e9fices \u00e0 l\u2019humanit\u00e9 sur Terre, <a href=\"https:\/\/www.spacex.com\/launches\/crew11\" target=\"_blank\" rel=\"noreferrer noopener\">a r\u00e9sum\u00e9 SpaceX<\/a> dans la page pr\u00e9sentant le profil de la mission Crew-11. Ils reviendront dix mois plus tard.<\/p>\n<p>Apr\u00e8s son envol, la fus\u00e9e Falcon 9 se d\u00e9tachera de la capsule Crew Dragon ; celle-ci continuera alors sur sa lanc\u00e9e, pour rejoindre l\u2019ISS, avec un contact attendu dans la journ\u00e9e du 2 ao\u00fbt. Avant cela, le propulseur du lanceur aura fait sa traditionnelle man\u0153uvre de rentr\u00e9e automatique sur Terre. Ce booster a d\u00e9j\u00e0 servi, et il resservira encore.<\/p>\n<p>Quand d\u00e9colle la fus\u00e9e Falcon 9 ?<\/p>\n<p>Il \u00e9tait pr\u00e9vu au d\u00e9part de faire partir la mission Crew-11 dans la journ\u00e9e du 31 juillet, mais les conditions m\u00e9t\u00e9orologiques n\u2019ont pas \u00e9t\u00e9 satisfaisantes pour maintenir ce planning. Une nouvelle date a \u00e9t\u00e9 arr\u00eat\u00e9e au 1er ao\u00fbt, avec un tir fix\u00e9 \u00e0 17h43 (heure de Paris). Si besoin, SpaceX peut profiter d\u2019un autre cr\u00e9neau d\u2019envol le 2 ao\u00fbt \u00e0 17h21.<\/p>\n<p>            <img decoding=\"async\" src=\"https:\/\/www.europesays.com\/fr\/wp-content\/uploads\/2025\/04\/iPhone-16-pro.png\" alt=\"Toute l'actu tech en un clien d'oeil\"\/><\/p>\n<p class=\"card-install-pwa__title\">Toute l&rsquo;actu tech en un clin d&rsquo;\u0153il<\/p>\n<p class=\"card-install-pwa__description\">Ajoutez Numerama \u00e0 votre \u00e9cran d&rsquo;accueil et restez connect\u00e9s au futur !<\/p>\n<p>            <img decoding=\"async\" src=\"https:\/\/www.numerama.com\/wp-content\/themes\/numerama-next\/assets\/images\/premium\/logo-card-pwa-coupe.svg\" alt=\"Logo PWA\"\/><\/p>\n<p>       Installer Numerama<\/p>\n<p>        <script async src=\"https:\/\/platform.twitter.com\/widgets.js\" charset=\"utf-8\"><\/script><\/p>\n","protected":false},"excerpt":{"rendered":"SpaceX a lanc\u00e9 le 1er ao\u00fbt une mission habit\u00e9e vers l\u2019ISS, avec quatre astronautes \u00e0 bord. Apr\u00e8s plusieurs&hellip;\n","protected":false},"author":2,"featured_media":291152,"comment_status":"","ping_status":"","sticky":false,"template":"","format":"standard","meta":{"footnotes":""},"categories":[7],"tags":[15447,1011,27,5340,333,43,40,41,39,45,23282,42,44],"class_list":{"0":"post-291151","1":"post","2":"type-post","3":"status-publish","4":"format-standard","5":"has-post-thumbnail","7":"category-sciences-et-technologies","8":"tag-daily-rocket","9":"tag-fr","10":"tag-france","11":"tag-iss","12":"tag-nasa","13":"tag-science","14":"tag-science-and-technology","15":"tag-sciences","16":"tag-sciences-et-technologies","17":"tag-spacex","18":"tag-station-spatiale","19":"tag-technologies","20":"tag-technology"},"share_on_mastodon":{"url":"https:\/\/pubeurope.com\/@fr\/114958750647288922","error":""},"_links":{"self":[{"href":"https:\/\/www.europesays.com\/fr\/wp-json\/wp\/v2\/posts\/291151","targetHints":{"allow":["GET"]}}],"collection":[{"href":"https:\/\/www.europesays.com\/fr\/wp-json\/wp\/v2\/posts"}],"about":[{"href":"https:\/\/www.europesays.com\/fr\/wp-json\/wp\/v2\/types\/post"}],"author":[{"embeddable":true,"href":"https:\/\/www.europesays.com\/fr\/wp-json\/wp\/v2\/users\/2"}],"replies":[{"embeddable":true,"href":"https:\/\/www.europesays.com\/fr\/wp-json\/wp\/v2\/comments?post=291151"}],"version-history":[{"count":0,"href":"https:\/\/www.europesays.com\/fr\/wp-json\/wp\/v2\/posts\/291151\/revisions"}],"wp:featuredmedia":[{"embeddable":true,"href":"https:\/\/www.europesays.com\/fr\/wp-json\/wp\/v2\/media\/291152"}],"wp:attachment":[{"href":"https:\/\/www.europesays.com\/fr\/wp-json\/wp\/v2\/media?parent=291151"}],"wp:term":[{"taxonomy":"category","embeddable":true,"href":"https:\/\/www.europesays.com\/fr\/wp-json\/wp\/v2\/categories?post=291151"},{"taxonomy":"post_tag","embeddable":true,"href":"https:\/\/www.europesays.com\/fr\/wp-json\/wp\/v2\/tags?post=291151"}],"curies":[{"name":"wp","href":"https:\/\/api.w.org\/{rel}","templated":true}]}}