{"id":291155,"date":"2025-08-02T10:42:13","date_gmt":"2025-08-02T10:42:13","guid":{"rendered":"https:\/\/www.europesays.com\/fr\/291155\/"},"modified":"2025-08-02T10:42:13","modified_gmt":"2025-08-02T10:42:13","slug":"les-images-spectaculaires-dun-volcan-qui-entre-en-eruption-en-indonesie","status":"publish","type":"post","link":"https:\/\/www.europesays.com\/fr\/291155\/","title":{"rendered":"Les images spectaculaires d\u2019un volcan qui entre en \u00e9ruption en Indon\u00e9sie"},"content":{"rendered":"<p>Les images sont saisissantes. Vendredi, en Indon\u00e9sie, le mont Lewotobi Laki-Laki (1 584 m\u00e8tres), situ\u00e9 sur l\u2019\u00eele de Flor\u00e8s, est entr\u00e9 en \u00e9ruption \u00e0 20 h 48 heure locale (14 h 48, horaire fran\u00e7ais), comme l\u2019a d\u00e9clar\u00e9 l\u2019agence de volcanologie nationale, dans un communiqu\u00e9. La hauteur du panache \u00ab a \u00e9t\u00e9 mesur\u00e9e \u00e0 environ 10 000 m au-dessus du sommet \u00bb. Aucune victime ni aucun d\u00e9g\u00e2t n\u2019ont \u00e9t\u00e9 signal\u00e9s \u00e0 l\u2019heure actuelle.<\/p>\n<p>Les activit\u00e9s \u00e0 l\u2019arr\u00eat autour du volcan<\/p>\n<p>Les touristes et la population locale ont re\u00e7u pour instructions d\u2019\u00e9viter toute activit\u00e9 dans un rayon de 6 km autour du volcan, a pr\u00e9cis\u00e9 le chef de l\u2019agence Muhammad Wafid. Selon ce dernier, une accumulation de gaz ces derni\u00e8res semaines est \u00e0 l\u2019origine de cet \u00e9v\u00e9nement spectaculaire. Il a toutefois alert\u00e9 qu\u2019en cas de fortes pluies, il est possible que surviennent des lahars (coul\u00e9es torrentielles boueuses d\u2019origine volcanique), des coul\u00e9es de boue ou des d\u00e9bris compos\u00e9es de mati\u00e8res volcaniques, particuli\u00e8rement dangereuses pour les communaut\u00e9s proches des rivi\u00e8res.<\/p>\n<blockquote class=\"twitter-tweet\">\n<p lang=\"en\" dir=\"ltr\">Happening: Mount Lewotobi Laki-Laki Erupts in Indonesia.<\/p>\n<p>Mount Lewotobi Laki-Laki erupted at 8:48 PM WITA in East Nusa Tenggara, sending an ash column up to 10,000 meters above the summit. Volcanic lightning was also visible during the eruption. <a href=\"https:\/\/t.co\/ZZbcAyYli9\" rel=\"nofollow\">pic.twitter.com\/ZZbcAyYli9<\/a><\/p>\n<p>\u2014 Weather Monitor (@WeatherMonitors) <a href=\"https:\/\/twitter.com\/WeatherMonitors\/status\/1951277186482147727?ref_src=twsrc%5Etfw\" rel=\"nofollow noopener\" target=\"_blank\">August 1, 2025<\/a><\/p><\/blockquote>\n<p>Ce m\u00eame volcan <a href=\"https:\/\/www.letelegramme.fr\/faits-divers\/plusieurs-vols-au-depart-de-bali-annules-apres-leruption-dun-volcan-6782740.php\" target=\"_blank\" rel=\"nofollow noopener\">avait provoqu\u00e9 plusieurs annulations de vols d\u2019avion<\/a> lors d\u2019une pr\u00e9c\u00e9dente \u00e9ruption survenue au mois de mars.<\/p>\n<p><img decoding=\"async\" src=\"https:\/\/www.europesays.com\/fr\/wp-content\/uploads\/2025\/08\/688db3befe217f8a7b013cdf.1.jpeg\" width=\"480\" height=\"300\" class=\"web_golden_m\" loading=\"lazy\" alt=\"Le mont Lewotobi Laki-Laki (1\u00a0584 m\u00e8tres) est entr\u00e9 en \u00e9ruption \u00e0 20\u00a0h\u00a048 heure locale (14\u00a0h\u00a048, horaire fran\u00e7ais).\"\/>Le mont Lewotobi Laki-Laki (1\u00a0584 m\u00e8tres) est entr\u00e9 en \u00e9ruption \u00e0 20\u00a0h\u00a048 heure locale (14\u00a0h\u00a048, horaire fran\u00e7ais). (Indonesia\u2019s Geological Agency\/AFP)<script async src=\"https:\/\/platform.twitter.com\/widgets.js\" charset=\"utf-8\"><\/script><\/p>\n","protected":false},"excerpt":{"rendered":"Les images sont saisissantes. Vendredi, en Indon\u00e9sie, le mont Lewotobi Laki-Laki (1 584 m\u00e8tres), situ\u00e9 sur l\u2019\u00eele de&hellip;\n","protected":false},"author":2,"featured_media":291156,"comment_status":"","ping_status":"","sticky":false,"template":"","format":"standard","meta":{"footnotes":""},"categories":[5],"tags":[11,765,436,1011,27,14,74,12,28],"class_list":{"0":"post-291155","1":"post","2":"type-post","3":"status-publish","4":"format-standard","5":"has-post-thumbnail","7":"category-international","8":"tag-actualites","9":"tag-en-continu","10":"tag-environnement","11":"tag-fr","12":"tag-france","13":"tag-international","14":"tag-monde","15":"tag-news","16":"tag-world"},"share_on_mastodon":{"url":"https:\/\/pubeurope.com\/@fr\/114958758389843748","error":""},"_links":{"self":[{"href":"https:\/\/www.europesays.com\/fr\/wp-json\/wp\/v2\/posts\/291155","targetHints":{"allow":["GET"]}}],"collection":[{"href":"https:\/\/www.europesays.com\/fr\/wp-json\/wp\/v2\/posts"}],"about":[{"href":"https:\/\/www.europesays.com\/fr\/wp-json\/wp\/v2\/types\/post"}],"author":[{"embeddable":true,"href":"https:\/\/www.europesays.com\/fr\/wp-json\/wp\/v2\/users\/2"}],"replies":[{"embeddable":true,"href":"https:\/\/www.europesays.com\/fr\/wp-json\/wp\/v2\/comments?post=291155"}],"version-history":[{"count":0,"href":"https:\/\/www.europesays.com\/fr\/wp-json\/wp\/v2\/posts\/291155\/revisions"}],"wp:featuredmedia":[{"embeddable":true,"href":"https:\/\/www.europesays.com\/fr\/wp-json\/wp\/v2\/media\/291156"}],"wp:attachment":[{"href":"https:\/\/www.europesays.com\/fr\/wp-json\/wp\/v2\/media?parent=291155"}],"wp:term":[{"taxonomy":"category","embeddable":true,"href":"https:\/\/www.europesays.com\/fr\/wp-json\/wp\/v2\/categories?post=291155"},{"taxonomy":"post_tag","embeddable":true,"href":"https:\/\/www.europesays.com\/fr\/wp-json\/wp\/v2\/tags?post=291155"}],"curies":[{"name":"wp","href":"https:\/\/api.w.org\/{rel}","templated":true}]}}