{"id":291157,"date":"2025-08-02T10:43:09","date_gmt":"2025-08-02T10:43:09","guid":{"rendered":"https:\/\/www.europesays.com\/fr\/291157\/"},"modified":"2025-08-02T10:43:09","modified_gmt":"2025-08-02T10:43:09","slug":"a-hennebont-une-fillette-de-9-ans-perd-la-vie-dans-un-dramatique-accident-de-la-route","status":"publish","type":"post","link":"https:\/\/www.europesays.com\/fr\/291157\/","title":{"rendered":"\u00c0 Hennebont, une fillette de 9 ans perd la vie dans un dramatique accident de la route"},"content":{"rendered":"<p>Vendredi 1er ao\u00fbt 2025, il \u00e9tait 23 h 40, rue des Haras, \u00e0 Hennebont, lorsqu\u2019un p\u00e8re de famille circulait dans son v\u00e9hicule avec, \u00e0 son bord, ses deux enfants, une fillette \u00e2g\u00e9e de 9 ans et son fr\u00e8re, 5 ans. La rue est \u00e0 sens unique, limit\u00e9e \u00e0 30 km\/h. Pour des raisons qui restent \u00e0 d\u00e9terminer, la voiture s\u2019est retrouv\u00e9e accident\u00e9e. Des riverains ont apport\u00e9 les premiers secours. La fillette n\u2019a pas pu \u00eatre secourue, elle est d\u00e9c\u00e9d\u00e9e sur place. Son fr\u00e8re a \u00e9t\u00e9 transport\u00e9 \u00e0 l\u2019h\u00f4pital de la Cavale Blanche, \u00e0 Brest, dans un \u00e9tat critique.<\/p>\n<p>Enqu\u00eate en cours<\/p>\n<p>D\u2019importants moyens de secours ont \u00e9t\u00e9 d\u00e9ploy\u00e9s, dont l\u2019h\u00e9licopt\u00e8re de la s\u00e9curit\u00e9 civile Dragon 56 ainsi que les pompiers du centre d\u2019Hennebont. La Police nationale \u00e9tait sur place. Une enqu\u00eate a \u00e9t\u00e9 ouverte. Les forces de l\u2019ordre invitent toutes les personnes ayant \u00e9t\u00e9 t\u00e9moin de l\u2019accident \u00e0 se manifester aupr\u00e8s du commissariat de Lorient.<\/p>\n<p>Contact<\/p>\n<p class=\"note\">Commissariat de Lorient : 02 97 78 86 00.<\/p>\n","protected":false},"excerpt":{"rendered":"Vendredi 1er ao\u00fbt 2025, il \u00e9tait 23 h 40, rue des Haras, \u00e0 Hennebont, lorsqu\u2019un p\u00e8re de famille&hellip;\n","protected":false},"author":2,"featured_media":291158,"comment_status":"","ping_status":"","sticky":false,"template":"","format":"standard","meta":{"footnotes":""},"categories":[4],"tags":[3085,11,829,765,118,1011,27,17980,1781,3729,12,25],"class_list":{"0":"post-291157","1":"post","2":"type-post","3":"status-publish","4":"format-standard","5":"has-post-thumbnail","7":"category-france","8":"tag-accidents","9":"tag-actualites","10":"tag-bretagne","11":"tag-en-continu","12":"tag-faits-divers","13":"tag-fr","14":"tag-france","15":"tag-hennebont","16":"tag-lorient","17":"tag-morbihan","18":"tag-news","19":"tag-republique-francaise"},"share_on_mastodon":{"url":"https:\/\/pubeurope.com\/@fr\/114958762442454681","error":""},"_links":{"self":[{"href":"https:\/\/www.europesays.com\/fr\/wp-json\/wp\/v2\/posts\/291157","targetHints":{"allow":["GET"]}}],"collection":[{"href":"https:\/\/www.europesays.com\/fr\/wp-json\/wp\/v2\/posts"}],"about":[{"href":"https:\/\/www.europesays.com\/fr\/wp-json\/wp\/v2\/types\/post"}],"author":[{"embeddable":true,"href":"https:\/\/www.europesays.com\/fr\/wp-json\/wp\/v2\/users\/2"}],"replies":[{"embeddable":true,"href":"https:\/\/www.europesays.com\/fr\/wp-json\/wp\/v2\/comments?post=291157"}],"version-history":[{"count":0,"href":"https:\/\/www.europesays.com\/fr\/wp-json\/wp\/v2\/posts\/291157\/revisions"}],"wp:featuredmedia":[{"embeddable":true,"href":"https:\/\/www.europesays.com\/fr\/wp-json\/wp\/v2\/media\/291158"}],"wp:attachment":[{"href":"https:\/\/www.europesays.com\/fr\/wp-json\/wp\/v2\/media?parent=291157"}],"wp:term":[{"taxonomy":"category","embeddable":true,"href":"https:\/\/www.europesays.com\/fr\/wp-json\/wp\/v2\/categories?post=291157"},{"taxonomy":"post_tag","embeddable":true,"href":"https:\/\/www.europesays.com\/fr\/wp-json\/wp\/v2\/tags?post=291157"}],"curies":[{"name":"wp","href":"https:\/\/api.w.org\/{rel}","templated":true}]}}