{"id":291161,"date":"2025-08-02T10:45:14","date_gmt":"2025-08-02T10:45:14","guid":{"rendered":"https:\/\/www.europesays.com\/fr\/291161\/"},"modified":"2025-08-02T10:45:14","modified_gmt":"2025-08-02T10:45:14","slug":"saint-etienne-en-aout-le-stationnement-sera-gratuit-en-zone-verte","status":"publish","type":"post","link":"https:\/\/www.europesays.com\/fr\/291161\/","title":{"rendered":"Saint-\u00c9tienne. En ao\u00fbt, le stationnement sera gratuit en zone verte"},"content":{"rendered":"<p>Qui dit mois d\u2019ao\u00fbt, dit gratuit\u00e9 \u00e0 Saint-\u00c9tienne. Du 4 au 30\u00a0ao\u00fbt, plus besoin de sortir son porte-monnaie\u00a0: le stationnement sera gratuit en surface sur l\u2019ensemble de la zone verte, soit la moins ch\u00e8re.\u00a0En zone jaune (l\u2019hypercentre et la Grand-Rue), le stationnement est gratuit les 30 premi\u00e8res minutes.<\/p>\n<p>\u00ab\u00a0C\u2019est un dispositif que l\u2019on reconduit chaque ann\u00e9e, car on sait qu\u2019il est tr\u00e8s appr\u00e9ci\u00e9 par les St\u00e9phanois\u00a0\u00bb, commente Marie-Jo P\u00e9rez, adjointe charg\u00e9e du stationnement. L\u2019\u00e9lue ajoute\u00a0: \u00ab\u00a0Le pouvoir d\u2019achat baisse et c\u2019est aussi un geste symbolique.\u00a0\u00bb<\/p>\n<p>Le stationnement \u00e9tait d\u00e9j\u00e0 gratuit du vendredi midi et jusqu\u2019au lundi \u00e0 8\u00a0h\u00a030. Cette d\u00e9cision avait \u00e9t\u00e9 prise par la municipalit\u00e9 <a href=\"https:\/\/www.leprogres.fr\/economie\/2025\/03\/25\/le-stationnement-gratuit-le-week-end-et-l-eclairage-de-retour-la-nuit\" target=\"_blank\" rel=\"nofollow noopener\">le 28\u00a0mars dernier, afin de soutenir les commer\u00e7ants st\u00e9phanois en difficult\u00e9<\/a>. Les passants n\u2019ont plus besoin de mettre de pi\u00e8ces dans l\u2019horodateur le week-end, aussi bien zone verte qu\u2019en zone jaune.<\/p>\n<p>  Pas d\u2019extension des places payantes pr\u00e9vue<\/p>\n<p>Pour rappel, on d\u00e9nombre pas moins de 8\u00a0000 places de stationnement en surface \u00e0 Saint-\u00c9tienne. Et l\u2019ann\u00e9e derni\u00e8re, la gratuit\u00e9 a pris fin dans de nouvelles zones. Depuis novembre\u00a02024, les secteurs du Cr\u00eat-de-Roc, compris entre l\u2019impasse Desjoyaux, la rue Neyron et le boulevard Jules-Janin sont notamment devenus payants, du lundi au samedi, de 8\u00a0h\u00a030 \u00e0 12\u00a0h\u00a030 et de 12\u00a0h\u00a030 \u00e0 19\u00a0h. Une d\u00e9cision justifi\u00e9e par le m\u00e9contentement des r\u00e9sidents, qui rencontraient des difficult\u00e9s pour se stationner. \u00ab\u00a0Pour le moment, il n\u2019y a pas d\u2019extension des places payantes pr\u00e9vue\u00a0\u00bb, rassure Marie-Jo P\u00e9rez.<\/p>\n<p>Le stationnement gratuit durant le mois d\u2019ao\u00fbt devrait, quant \u00e0 lui, rester une tradition st\u00e9phanoise.<\/p>\n","protected":false},"excerpt":{"rendered":"Qui dit mois d\u2019ao\u00fbt, dit gratuit\u00e9 \u00e0 Saint-\u00c9tienne. Du 4 au 30\u00a0ao\u00fbt, plus besoin de sortir son porte-monnaie\u00a0:&hellip;\n","protected":false},"author":2,"featured_media":291162,"comment_status":"","ping_status":"","sticky":false,"template":"","format":"standard","meta":{"footnotes":""},"categories":[9653],"tags":[1111,11,2430,3542,7539,1777,674,1011,27,3367,12,25,4001,7538,2803],"class_list":{"0":"post-291161","1":"post","2":"type-post","3":"status-publish","4":"format-standard","5":"has-post-thumbnail","7":"category-saint-etienne","8":"tag-actu","9":"tag-actualites","10":"tag-auvergne-rhone-alpes","11":"tag-circulation","12":"tag-edition-loire-sud","13":"tag-eu","14":"tag-europe","15":"tag-fr","16":"tag-france","17":"tag-loire","18":"tag-news","19":"tag-republique-francaise","20":"tag-saint-etienne","21":"tag-saint-etienne-ville","22":"tag-transport"},"share_on_mastodon":{"url":"https:\/\/pubeurope.com\/@fr\/114958770146433133","error":""},"_links":{"self":[{"href":"https:\/\/www.europesays.com\/fr\/wp-json\/wp\/v2\/posts\/291161","targetHints":{"allow":["GET"]}}],"collection":[{"href":"https:\/\/www.europesays.com\/fr\/wp-json\/wp\/v2\/posts"}],"about":[{"href":"https:\/\/www.europesays.com\/fr\/wp-json\/wp\/v2\/types\/post"}],"author":[{"embeddable":true,"href":"https:\/\/www.europesays.com\/fr\/wp-json\/wp\/v2\/users\/2"}],"replies":[{"embeddable":true,"href":"https:\/\/www.europesays.com\/fr\/wp-json\/wp\/v2\/comments?post=291161"}],"version-history":[{"count":0,"href":"https:\/\/www.europesays.com\/fr\/wp-json\/wp\/v2\/posts\/291161\/revisions"}],"wp:featuredmedia":[{"embeddable":true,"href":"https:\/\/www.europesays.com\/fr\/wp-json\/wp\/v2\/media\/291162"}],"wp:attachment":[{"href":"https:\/\/www.europesays.com\/fr\/wp-json\/wp\/v2\/media?parent=291161"}],"wp:term":[{"taxonomy":"category","embeddable":true,"href":"https:\/\/www.europesays.com\/fr\/wp-json\/wp\/v2\/categories?post=291161"},{"taxonomy":"post_tag","embeddable":true,"href":"https:\/\/www.europesays.com\/fr\/wp-json\/wp\/v2\/tags?post=291161"}],"curies":[{"name":"wp","href":"https:\/\/api.w.org\/{rel}","templated":true}]}}