{"id":291167,"date":"2025-08-02T10:50:11","date_gmt":"2025-08-02T10:50:11","guid":{"rendered":"https:\/\/www.europesays.com\/fr\/291167\/"},"modified":"2025-08-02T10:50:11","modified_gmt":"2025-08-02T10:50:11","slug":"le-pointu-cest-pour-le-pecheur-ce-que-le-cheval-est-pour-le-paysan-ce-toulonnais-a-ecrit-un-livre-qui-dit-tout-sur-le-bateau-typique-de-nos-cotes","status":"publish","type":"post","link":"https:\/\/www.europesays.com\/fr\/291167\/","title":{"rendered":"\u00ab\u00a0Le pointu, c\u2019est pour le p\u00eacheur ce que le cheval est pour le paysan\u00a0\u00bb: ce Toulonnais a \u00e9crit un livre qui dit tout sur le bateau typique de nos c\u00f4tes"},"content":{"rendered":"<p>Il y a l\u2019accent pointu, par exemple \u00e0 Paris, les chapeaux et les couteaux pointus, les analyses pointues, aussi. Et puis il y a LE pointu. Le seul, l\u2019unique.<\/p>\n<p>Celui qui, d\u00e9j\u00e0, n\u2019est pas un adjectif. Celui qui pars\u00e8me et colore nos petits ports proven\u00e7aux, pour le plus grand bonheur des touristes comme des locaux.<\/p>\n<p>Cela fait d\u2019ailleurs bien longtemps que Gabriel Jauffret se passionne pour cette petite embarcation. Ancien journaliste, chef de service d\u00e9fense et marine pendant plus de 30 ans, le Toulonnais de 89 ans, qui vit aujourd\u2019hui de l\u2019autre c\u00f4t\u00e9 de la rade, \u00e0 Mar Vivo, a d\u2019ailleurs lui-m\u00eame poss\u00e9d\u00e9 un pointu, \u00ab\u00a0et je me suis toujours int\u00e9ress\u00e9 \u00e0 la mer et aux populations de la mer littorale \u00ab\u00a0.<\/p>\n<p>Aquarelles et dessins sign\u00e9s Dubrusk<\/p>\n<p>C\u2019est la m\u00eame passion qui a anim\u00e9 toute sa vie l\u2019amiral Jean Montpellier, dit Dubrusk. Le Seynois, d\u00e9c\u00e9d\u00e9 en 2013, qui s\u2019est notamment illustr\u00e9 \u00e0 Dien Bien Phu, a command\u00e9 le Foch et a termin\u00e9 commandant des forces terrestres et maritimes de l\u2019oc\u00e9an Pacifique, a, \u00ab\u00a0depuis sa plus tendre enfance\u00a0\u00bb, trimball\u00e9 partout avec lui un carnet de dessin, \u00ab\u00a0jusqu\u2019\u00e0 la passerelle des bateaux sur lesquels il embarquait \u00ab\u00a0.<\/p>\n<p>Croquant ou mettant tr\u00e8s joliment en aquarelle toutes sortes de paysages, de vieilles rues toulonnaises, et, naturellement, de pointus, de p\u00eacheurs, de poissons, de ports\u2026 \u00ab\u00a0Pour lui, aime raconter son ami Gabriel Jauffret, le pointu a une \u00e2me. C\u2019est un bateau venu du fond des \u00e2ges. Et il fallait son \u0153il averti de marin et de peintre pour r\u00e9pondre aux sp\u00e9cificit\u00e9s de ce bateau, et non lui donner une image convenue comme l\u2019ont fait de trop nombreux peintres.\u00a0\u00bb<\/p>\n<p>Voil\u00e0 donc comment l\u2019ancien journaliste, membre de l\u2019acad\u00e9mie du Var, et Monique Montpellier, la femme de l\u2019ancien amiral, ont effectu\u00e9 durant des ann\u00e9es un travail de fourmi, pour constituer un ouvrage tr\u00e8s pointu, c\u2019est vraiment le cas de le dire, \u00e0 base de textes fournis et de nombreuses illustrations issues de l\u2019immense collection de dessins et de peintures de Dubrusk, s\u00e9lectionn\u00e9es avec soin par son \u00e9pouse.<\/p>\n<p>P\u00eacheurs, charpentiers de marine et m\u00e9rou<\/p>\n<p>Le titre de l\u2019ouvrage, Des pointus et des hommes, ne laisse gu\u00e8re de myst\u00e8re quant \u00e0 son contenu. Il y est donc question de ce petit bateau typique de nos c\u00f4tes. De la p\u00eache et des p\u00eacheurs, \u00e9videmment.<\/p>\n<p>\u00ab\u00a0Le pointu, c\u2019est pour le p\u00eacheur ce que le cheval est pour le paysan, pose simplement Gabriel Jauffret. Son compagnon, sa raison de vivre.\u00a0\u00bb<\/p>\n<p>Mais \u00e9galement de toute sorte de m\u00e9tiers, anciens voire disparus ou pas loin, \u00e0 l\u2019image des escav\u00e9niers ou des charpentiers de marine, \u00ab\u00a0en g\u00e9n\u00e9ral italiens, qui se sont \u00e9tablis de la fronti\u00e8re italienne \u00e0 Marseille, et travaillent sans plan, sans maquette, avec un outillage tr\u00e8s sp\u00e9cifique.\u00a0\u00bb<\/p>\n<p>On y parle encore de la Prud\u2019homie de Toulon, \u00ab\u00a0une corporation tr\u00e8s particuli\u00e8re \u00ab\u00a0, des poissonni\u00e8res, et du poisson.<\/p>\n<p>Pour compl\u00e9ter le tout, figure, en fin d\u2019ouvrage, un lexique bienvenu et instructif des termes proven\u00e7aux employ\u00e9s et des noms propres, \u00e0 l\u2019image de celui de Jean Mathieu, \u00ab\u00a0un des meilleurs journalistes de l\u2019\u00e9poque, sans doute celui qui a le mieux connu Toulon, et qui parlait aussi le proven\u00e7al \u00ab\u00a0.<\/p>\n<p>Impossible d\u2019\u00eatre exhaustif ici, tant les anecdotes et les aquarelles se succ\u00e8dent dans ce livre d\u2019une petite centaine de pages. Mais il n\u2019est en revanche pas bien compliqu\u00e9 de s\u2019en procurer un exemplaire, dans l\u2019une des librairies Charlemagne du coin.<\/p>\n","protected":false},"excerpt":{"rendered":"Il y a l\u2019accent pointu, par exemple \u00e0 Paris, les chapeaux et les couteaux pointus, les analyses pointues,&hellip;\n","protected":false},"author":2,"featured_media":291168,"comment_status":"","ping_status":"","sticky":false,"template":"","format":"standard","meta":{"footnotes":""},"categories":[9619],"tags":[1111,11,251,1777,674,1011,27,12,882,25,2310],"class_list":{"0":"post-291167","1":"post","2":"type-post","3":"status-publish","4":"format-standard","5":"has-post-thumbnail","7":"category-toulon","8":"tag-actu","9":"tag-actualites","10":"tag-culture","11":"tag-eu","12":"tag-europe","13":"tag-fr","14":"tag-france","15":"tag-news","16":"tag-provence-alpes-cote-dazur","17":"tag-republique-francaise","18":"tag-toulon"},"share_on_mastodon":{"url":"https:\/\/pubeurope.com\/@fr\/114958789694986687","error":""},"_links":{"self":[{"href":"https:\/\/www.europesays.com\/fr\/wp-json\/wp\/v2\/posts\/291167","targetHints":{"allow":["GET"]}}],"collection":[{"href":"https:\/\/www.europesays.com\/fr\/wp-json\/wp\/v2\/posts"}],"about":[{"href":"https:\/\/www.europesays.com\/fr\/wp-json\/wp\/v2\/types\/post"}],"author":[{"embeddable":true,"href":"https:\/\/www.europesays.com\/fr\/wp-json\/wp\/v2\/users\/2"}],"replies":[{"embeddable":true,"href":"https:\/\/www.europesays.com\/fr\/wp-json\/wp\/v2\/comments?post=291167"}],"version-history":[{"count":0,"href":"https:\/\/www.europesays.com\/fr\/wp-json\/wp\/v2\/posts\/291167\/revisions"}],"wp:featuredmedia":[{"embeddable":true,"href":"https:\/\/www.europesays.com\/fr\/wp-json\/wp\/v2\/media\/291168"}],"wp:attachment":[{"href":"https:\/\/www.europesays.com\/fr\/wp-json\/wp\/v2\/media?parent=291167"}],"wp:term":[{"taxonomy":"category","embeddable":true,"href":"https:\/\/www.europesays.com\/fr\/wp-json\/wp\/v2\/categories?post=291167"},{"taxonomy":"post_tag","embeddable":true,"href":"https:\/\/www.europesays.com\/fr\/wp-json\/wp\/v2\/tags?post=291167"}],"curies":[{"name":"wp","href":"https:\/\/api.w.org\/{rel}","templated":true}]}}