{"id":291174,"date":"2025-08-02T10:54:09","date_gmt":"2025-08-02T10:54:09","guid":{"rendered":"https:\/\/www.europesays.com\/fr\/291174\/"},"modified":"2025-08-02T10:54:09","modified_gmt":"2025-08-02T10:54:09","slug":"on-sait-enfin-quand-la-piscine-du-plateau-est-de-rouen-va-ouvrir-et-cest-tres-bientot","status":"publish","type":"post","link":"https:\/\/www.europesays.com\/fr\/291174\/","title":{"rendered":"On sait enfin quand la piscine du plateau Est de Rouen va ouvrir (et c&rsquo;est tr\u00e8s bient\u00f4t)"},"content":{"rendered":"<p>            Par<br \/>\n        <strong><br \/>\n            <a href=\"https:\/\/actu.fr\/auteur\/laredaction\" title=\"Consulter tous les articles de R\u00e9daction Normandie\" target=\"_blank\" rel=\"noopener\">R\u00e9daction Normandie<\/a><br \/>\n        <\/strong><\/p>\n<p>        Publi\u00e9 le<\/p>\n<p>            2 ao\u00fbt 2025 \u00e0 12h00        <\/p>\n<p>L\u2019histoire a d\u00e9but\u00e9 en 2009 <strong>avec la fermeture de la piscine de Bonsecours<\/strong>. Pendant 16 ans et jusqu\u2019au bout, c\u2019est dans l\u2019opacit\u00e9 et la d\u00e9fiance face \u00e0 l\u2019information publique que les dix maires engag\u00e9s dans la construction du centre aqualudique du plateau Est de <a href=\"https:\/\/actu.fr\/normandie\/rouen_76540\" target=\"_blank\" rel=\"noopener\">Rouen<\/a> auront tu l\u2019avancement du projet et la date officielle d\u2019ouverture, jusqu\u2019\u00e0 il y a encore quelques jours. <a href=\"https:\/\/actu.fr\/normandie\/belbeuf_76069\/piscine-du-plateau-est-elle-devrait-finalement-ouvrir-en-juillet-2025_62061899.html\" target=\"_blank\" rel=\"noopener\">L\u2019ouverture annonc\u00e9e pour juillet 2025<\/a>, est pour tr\u00e8s bient\u00f4t.<\/p>\n<p>Le nouveau nom a \u00e9t\u00e9 d\u00e9sign\u00e9<\/p>\n<p class=\" wall-content\">Nous le savons d\u00e9sormais, la structure portera le nom de O\u2019Cape, pour Oc\u00e9ane Centre aquatique du plateau Est. <strong>Un nom propos\u00e9 par le gestionnaire<\/strong>. \u00ab Moi, j\u2019aurais pr\u00e9f\u00e9r\u00e9 un nom f\u00e9minin et en l\u2019occurrence celui de la nageuse en eaux glac\u00e9es Marion Joffle, qui est venue dans la commune, mais ils n\u2019ont pas voulu \u00bb, regrette Jean-Marc Vennin, maire de Mesnil-Esnard. \u00ab Sinon, nous avons retenu la soci\u00e9t\u00e9 R\u00e9cr\u00e9a comme DSP (D\u00e9l\u00e9gataire de service public qui g\u00e8re aussi la piscine olympique de Saint-Denis apr\u00e8s les Jeux Olympiques de Paris 2024) \u00bb, indique l\u2019\u00e9lu.<\/p>\n<p class=\" wall-content\">Rappelons que l\u2019ouverture de la structure <strong>a multipli\u00e9 les reports<\/strong>, \u00e0 cause, notamment, d\u2019une filtration non homologu\u00e9e qui avait entra\u00een\u00e9 un co\u00fbt suppl\u00e9mentaire de plus d\u20191 million d\u2019euros. Mais pour ne pas faire de vagues, restons sur le positif. Celle qui est appel\u00e9e sur les r\u00e9seaux sociaux \u00ab d\u00e9sir\u00e9e \u00bb va donc enfin ouvrir. C\u2019est officiel depuis le mardi 22 juillet, alors que la veille, Bruno Guilbert, maire de Franqueville-Saint-Pierre d\u00e9clarait encore fausses les informations parues dans Paris-Normandie.<\/p>\n<p>Une ouverture partielle<\/p>\n<p class=\" wall-content\">Depuis, \u00e0 force de communication sur quasiment tous les sites municipaux et une vid\u00e9o \u00e0 l\u2019appui, l\u2019ouverture de O\u2019Cape est annonc\u00e9e pour le lundi 4\u00a0ao\u00fbt \u00e0 14h, de fa\u00e7on partielle. \u00ab <strong>Uniquement les bassins<\/strong>. La partie bien-\u00eatre se fera le 13 septembre. L\u2019inauguration est programm\u00e9e le 10 septembre, mais pas encore garantie. Par contre, aucune visite n\u2019est organis\u00e9e pour tous les \u00e9lus alors qu\u2019ils r\u00e9clament de d\u00e9couvrir la piscine \u00bb, exprime, un peu amer, Jean-Marc Vennin. \u00ab Apr\u00e8s, nous verrons comment cela sera annonc\u00e9 et organis\u00e9 pour le forum des associations \u00bb, compl\u00e8te-t-il. \u00ab Pour les \u00e9coles, elles devront attendre octobre, mais avec 960 cr\u00e9neaux dans l\u2019ann\u00e9e, il y a largement la place pour accueillir tous les \u00e9l\u00e8ves \u00bb, assure l\u2019\u00e9dile mesnillais.<\/p>\n<blockquote class=\"ac-article-quote wall-content\">\n<p>Le lundi 4\u00a0ao\u00fbt prochain marquera l\u2019histoire de notre territoire.<\/p>\n<p>Bruno Guilbert, maire de Franqueville-Saint-Pierre<\/p><\/blockquote>\n<p class=\" wall-content\">Son homologue franquevillais \u00e0, quant \u00e0 lui, d\u00e9clar\u00e9 sur le site de la ville que \u00ab le lundi 4 ao\u00fbt prochain marquera l\u2019histoire de notre territoire \u00bb. \u00ab <strong>Attendue depuis plusieurs d\u00e9cennies<\/strong>, la partie piscine du centre aquatique du Plateau Est ouvrira enfin ses portes \u00bb, a-t-il poursuivi. Avant d\u2019annoncer une nouvelle qui a d\u00fb ravir les habitants de la commune. En effet, \u00ab les habitants de Franqueville-Saint-Pierre vont pouvoir en profiter pour un tarif 30 % inf\u00e9rieur au tarif grand public \u00bb, assure-t-il.<\/p>\n<p class=\" wall-content\">Une remise qui sera toujours valable en septembre, lorsque l\u2019activit\u00e9 remise en forme et bien-\u00eatre sera propos\u00e9e au public, toujours selon Bruno Guilbert.<\/p>\n<p>Enfin une piscine pour les \u00e9l\u00e8ves<\/p>\n<p class=\" wall-content\">Concernant la rentr\u00e9e scolaire de Franqueville-Saint-Pierre, \u00ab ce sont toutes les classes de l\u2019\u00e9cole primaire qui pourront b\u00e9n\u00e9ficier de cr\u00e9neaux et apprendre \u00e0 nager \u00bb, selon le maire. Il rappelle par la m\u00eame occasion qu\u2019actuellement \u00ab seulement deux classes peuvent b\u00e9n\u00e9ficier d\u2019une piscine hors territoire. \u00bb<\/p>\n<p class=\" wall-content\">Il exprime cependant un regret, que partagent aussi, selon lui, les \u00e9lus des neuf autres communes ayant port\u00e9 le projet : \u00ab<strong> Ce gaspillage de temps et d\u2019argent<\/strong> dont nous aurions pu nous exon\u00e9rer si les bons choix techniques avaient \u00e9t\u00e9 pris d\u00e8s la conception \u00bb.<\/p>\n<p class=\" wall-content\">Mais il pr\u00e9f\u00e8re dor\u00e9navant se tourner vers l\u2019avenir : \u00ab On ne reconstruit pas le pass\u00e9 et seul l\u2019avenir pr\u00e9sente de l\u2019int\u00e9r\u00eat. \u00c0 partir du 4\u00a0ao\u00fbt, chacun d\u2019entre nous pourra appr\u00e9cier ce nouvel \u00e9quipement dot\u00e9 d\u2019un syst\u00e8me de filtration faisant appel \u00e0 un minimum de chlore, syst\u00e8me r\u00e9aliste et moderne, offrant toutes garanties aux plans environnement, sant\u00e9 des personnels et confort des usagers \u00bb, a-t-il conclu.<\/p>\n<p>1331 route de Franqueville, 76240 Belbeuf. Ouvert au mois d\u2019ao\u00fbt du lundi au vendredi de 10h \u00e0 20h et le week-end de 10h \u00e0 18h. \u00c0 partir du lundi 4\u00a0ao\u00fbt \u00e0 14h. Ouverture compl\u00e8te le 13\u00a0septembre.<\/p>\n<p>Suivez l\u2019actualit\u00e9 de Rouen <a href=\"https:\/\/www.whatsapp.com\/channel\/0029VaKfnf99hXF2ddApFB1D\" target=\"_blank\" rel=\"noopener\">sur notre cha\u00eene WhatsApp<\/a> et <a href=\"https:\/\/www.tiktok.com\/@76actu.fr?lang=fr\" target=\"_blank\" rel=\"noopener\">sur notre compte TikTok<\/a><\/p>\n<p class=\" wall-content\">Suivez toute l\u2019actualit\u00e9 de vos villes et m\u00e9dias favoris en vous inscrivant \u00e0 <a href=\"https:\/\/moncompte.actu.fr\" title=\"D\u00e9couvez Mon Actu\" rel=\"nofollow noopener\" data-trk=\"{&quot;cta&quot;:{&quot;action&quot;:&quot;https:\\\/\\\/moncompte.actu.fr&quot;,&quot;category&quot;:&quot;mon compte&quot;,&quot;from&quot;:&quot;article footer&quot;,&quot;name&quot;:&quot;Mon actu&quot;,&quot;type&quot;:&quot;cta&quot;}}\" target=\"_blank\">Mon Actu<\/a>.<\/p>\n<p>                    <script async src=\"\/\/www.tiktok.com\/embed.js\"><\/script><\/p>\n","protected":false},"excerpt":{"rendered":"Par R\u00e9daction Normandie Publi\u00e9 le 2 ao\u00fbt 2025 \u00e0 12h00 L\u2019histoire a d\u00e9but\u00e9 en 2009 avec la fermeture&hellip;\n","protected":false},"author":2,"featured_media":291175,"comment_status":"","ping_status":"","sticky":false,"template":"","format":"standard","meta":{"footnotes":""},"categories":[9587],"tags":[1111,11,1777,674,1011,27,1652,12,5161,31081,25,9590],"class_list":{"0":"post-291174","1":"post","2":"type-post","3":"status-publish","4":"format-standard","5":"has-post-thumbnail","7":"category-rouen","8":"tag-actu","9":"tag-actualites","10":"tag-eu","11":"tag-europe","12":"tag-fr","13":"tag-france","14":"tag-loisirs-culture","15":"tag-news","16":"tag-normandie","17":"tag-plateau-est-rouen","18":"tag-republique-francaise","19":"tag-rouen"},"share_on_mastodon":{"url":"https:\/\/pubeurope.com\/@fr\/114958806081244597","error":""},"_links":{"self":[{"href":"https:\/\/www.europesays.com\/fr\/wp-json\/wp\/v2\/posts\/291174","targetHints":{"allow":["GET"]}}],"collection":[{"href":"https:\/\/www.europesays.com\/fr\/wp-json\/wp\/v2\/posts"}],"about":[{"href":"https:\/\/www.europesays.com\/fr\/wp-json\/wp\/v2\/types\/post"}],"author":[{"embeddable":true,"href":"https:\/\/www.europesays.com\/fr\/wp-json\/wp\/v2\/users\/2"}],"replies":[{"embeddable":true,"href":"https:\/\/www.europesays.com\/fr\/wp-json\/wp\/v2\/comments?post=291174"}],"version-history":[{"count":0,"href":"https:\/\/www.europesays.com\/fr\/wp-json\/wp\/v2\/posts\/291174\/revisions"}],"wp:featuredmedia":[{"embeddable":true,"href":"https:\/\/www.europesays.com\/fr\/wp-json\/wp\/v2\/media\/291175"}],"wp:attachment":[{"href":"https:\/\/www.europesays.com\/fr\/wp-json\/wp\/v2\/media?parent=291174"}],"wp:term":[{"taxonomy":"category","embeddable":true,"href":"https:\/\/www.europesays.com\/fr\/wp-json\/wp\/v2\/categories?post=291174"},{"taxonomy":"post_tag","embeddable":true,"href":"https:\/\/www.europesays.com\/fr\/wp-json\/wp\/v2\/tags?post=291174"}],"curies":[{"name":"wp","href":"https:\/\/api.w.org\/{rel}","templated":true}]}}