{"id":291176,"date":"2025-08-02T10:55:37","date_gmt":"2025-08-02T10:55:37","guid":{"rendered":"https:\/\/www.europesays.com\/fr\/291176\/"},"modified":"2025-08-02T10:55:37","modified_gmt":"2025-08-02T10:55:37","slug":"concert-lofofora-a-rouen-2025","status":"publish","type":"post","link":"https:\/\/www.europesays.com\/fr\/291176\/","title":{"rendered":"Concert Lofofora \u00e0 Rouen 2025"},"content":{"rendered":"<p class=\"fw-bold font-size-16 my-1\"> Le 09\/10\/2025<\/p>\n<p class=\"fw-bold font-size-16 my-1\"> <a class=\"mr-2\" href=\"https:\/\/www.jds.fr\/rouen\/canteleu\/centres-de-loisirs-et-de-culture\/esp-culturel-francois-mitterrand-16376_L\" rel=\"nofollow noopener\" target=\"_blank\">Esp.culturel Francois Mitterrand<\/a> | <a href=\"https:\/\/www.jds.fr\/rouen\/canteleu-31319_V\" rel=\"nofollow noopener\" target=\"_blank\">Canteleu<\/a><\/p>\n<p class=\"fw-bold font-size-16 my-1\"> <a href=\"https:\/\/www.jds.fr\/artistes\/lofofora-13993_N\" rel=\"nofollow noopener\" target=\"_blank\">Lofofora : dates de la tourn\u00e9e<\/a><\/p>\n<p class=\"fw-bold font-size-16 my-1\"> A partir de 18,55 \u20ac <\/p>\n<p class=\"intro\">Lofofora en concert \u00e0 Rouen (Esp.culturel Francois Mitterrand Canteleu), le 9 octobre 2025. Toutes les informations pratiques (tarifs, billetterie, plan de salle) pour ce concert sont \u00e0 retrouver sur cette page. R\u00e9servez d\u00e8s maintenant vos places pour assister \u00e0 ce <a href=\"https:\/\/www.jds.fr\/rouen\/agenda\/musique-et-concerts-96_B\" rel=\"nofollow noopener\" target=\"_blank\">concert \u00e0 Rouen<\/a>\u00a0!<\/p>\n<p><img decoding=\"async\" loading=\"lazy\" src=\"https:\/\/www.europesays.com\/fr\/wp-content\/uploads\/2025\/08\/lofofora-tickets_258135_2317260_222x222.jpg\" alt=\"Lofofora\" class=\"border\"\/><\/p>\n<p>Le concert de Lofofora \u00e0 Rouen (Canteleu) en 2025<\/p>\n<p>Lofofora en concert \u00e0 Canteleu (Esp.culturel Francois Mitterrand) jeudi 9 Octobre 2025 \u00e0 20h.<\/p>\n<p>Lofofora, groupe embl\u00e9matique de la sc\u00e8ne metal et punk fran\u00e7aise, offre une exp\u00e9rience inoubliable en concert. Leur \u00e9nergie brute et leur pr\u00e9sence sc\u00e9nique captivante font de chaque performance un \u00e9v\u00e9nement unique. Les fans se retrouvent transport\u00e9s par leurs riffs puissants et leurs paroles engag\u00e9es, r\u00e9v\u00e9lant toute l&rsquo;intensit\u00e9 et la r\u00e9volte qui caract\u00e9risent leur musique. La communion entre le groupe et le public est palpable, cr\u00e9ant une atmosph\u00e8re \u00e9lectrisante qui laisse une empreinte durable. Assister \u00e0 un concert de Lofofora, c&rsquo;est vivre une d\u00e9charge d&rsquo;adr\u00e9naline et de passion, o\u00f9 chaque morceau r\u00e9sonne comme un appel \u00e0 la libert\u00e9 et \u00e0 l&rsquo;authenticit\u00e9. Une exp\u00e9rience \u00e0 ne pas manquer pour tout amateur de musique live intense et authentique.<\/p>\n<p class=\"mise_en_avant\">Lofofora est r\u00e9guli\u00e8rement en tourn\u00e9e dans toute la France\u00a0: retrouvez les <a href=\"https:\/\/www.jds.fr\/artistes\/lofofora-13993_N\" class=\"tde-underline\" rel=\"nofollow noopener\" target=\"_blank\">dates des concerts de Lofofora en 2025<\/a> pr\u00e8s de chez vous.<\/p>\n<p>Billetterie pour le concert de Lofofora \u00e0 Canteleu<\/p>\n<p><a class=\"btn btn-lg shadow-lg btn-primary rounded-pill fnac_link\" data-fnac=\"in_article\" href=\"https:\/\/www.awin1.com\/pclick.php?p=41967353323&amp;a=634278&amp;m=12494&amp;clickref=in_article-A-desktop\" target=\"_blank\" rel=\"nofollow noopener\"> Acheter des billets<\/a><\/p>\n<p>Les places pour le <strong>prochain concert de Lofofora \u00e0 Canteleu<\/strong> sont en vente sur la billetterie en ligne.<br \/>R\u00e9servez vos billets d\u00e8s maintenant pour vivre un moment de musique intense avec Lofofora sur sc\u00e8ne\u00a0!<\/p>\n<p>Vous pouvez aussi r\u00e9server vos <a href=\"https:\/\/www.jds.fr\/concerts\/rock\/lofofora-712113_A\" rel=\"nofollow noopener\" target=\"_blank\">places pour le concert de Lofofora \u00e0 Mulhouse<\/a>.<\/p>\n<p>Lofofora<\/p>\n<p>Trente ans que Lofofora essaime, cr\u00e9e, exp\u00e9rimente ce compos\u00e9 de metal-punk aux embruns groove et dot\u00e9 de conscience. Depuis sa naissance, Lofofora parle \u00e0 nos ventres rock et nos \u00e2mes citoyennes. Plus de trente ans qu&rsquo;ils d\u00e9zinguent une \u00e0 une les aberrations de cette \u00e9poque et les absurdit\u00e9s d&rsquo;un monde dans lequel ils tiennent le cap de l&rsquo;alternative. Trois d\u00e9cennies de r\u00e9sistance, qui rel\u00e8vent autant de la vocation musicale que de la certitude id\u00e9ologique. V\u00e9ritable ph\u0153nix de la rage, Lofofora persiste et signe pour ce qu&rsquo;il faut consid\u00e9rer comme un sacerdoce, une mission\u00a0: maintenir l&rsquo;id\u00e9e que l&rsquo;art &#8211; et la musique au premier rang &#8211; est, et doit rester, le miroir d&rsquo;un monde et de ses soci\u00e9t\u00e9s.<\/p>\n<p>Dans la m\u00eame rubrique<\/p>\n<ul class=\"mt-3 list-unstyled list-articles-v2\">\n<li class=\"col-12 pt-4\" data-view-id-type=\"1\" data-view-id=\"1010852\" data-view-bc=\"0\"><a class=\"d-block titre text-black mb-1 mb-md-2\" href=\"https:\/\/www.jds.fr\/rouen\/concerts\/rock\/astonvilla-en-concert-au-trianon-transatlantique-rouen-76-18-09-25-1010852_A\" rel=\"nofollow noopener\" target=\"_blank\">Astonvilla en concert au Trianon Transatlantique (Rouen &#8211; 76) 18\/09\/25<\/a>Le 18\/09\/2025<a href=\"https:\/\/www.jds.fr\/rouen\/sotteville-les-rouen\/salle-de-concert-et-de-spectacle\/trianon-transatlantique-17463_L\" class=\"lieu font-size-14 text-gray-700 d-block lh-sm my-1\" rel=\"nofollow noopener\" target=\"_blank\"> Trianon Transatlantique &#8211; Sotteville-l\u00e8s-Rouen<\/a>ASTONVILLA\u00a0\u00a0\u00bb LOVE CONNECTION TOUR\u00a0\u00ab\u00a0&#13;<br \/>\nCette ann\u00e9e, Astonvilla f\u00eate les 30 ans de son tout premier album. Pour marquer le coup, ils ont imagin\u00e9 des [\u2026]<a class=\"image\" href=\"https:\/\/www.jds.fr\/rouen\/concerts\/rock\/astonvilla-en-concert-au-trianon-transatlantique-rouen-76-18-09-25-1010852_A\" rel=\"nofollow noopener\" target=\"_blank\"><img decoding=\"async\" loading=\"lazy\" src=\"https:\/\/www.europesays.com\/fr\/wp-content\/uploads\/2025\/08\/0-68231300-1748693100-631601-180-180.webp.webp\" width=\"180\" height=\"180\" alt=\"Astonvilla en concert au Trianon Transatlantique (Rouen - 76) 18\/09\/25\" class=\"border\"\/><\/a><\/li>\n<li class=\"col-12 pt-4\" data-view-id-type=\"1\" data-view-id=\"1033728\" data-view-bc=\"0\"><a class=\"d-block titre text-black mb-1 mb-md-2\" href=\"https:\/\/www.jds.fr\/rouen\/concerts\/rock\/ko-ko-mo-striped-tour-tournee-1033728_A\" rel=\"nofollow noopener\" target=\"_blank\">Ko Ko Mo &#8211; Striped Tour Tourn\u00e9e<\/a>Le 19\/09\/2025<a href=\"https:\/\/www.jds.fr\/rouen\/salle-de-concert\/le-106-16700_L\" class=\"lieu font-size-14 text-gray-700 d-block lh-sm my-1\" rel=\"nofollow noopener\" target=\"_blank\"> Le 106 &#8211; Rouen<\/a>Ko Ko Mo &#8211; Striped Tour Tourn\u00e9e en concert \u00e0 Rouen (Le 106 ), le 19 septembre 2025. Toutes les informations pratiques (tarifs, billetterie, plan de salle) pour ce concert sont \u00e0 [\u2026]<a class=\"image\" href=\"https:\/\/www.jds.fr\/rouen\/concerts\/rock\/ko-ko-mo-striped-tour-tournee-1033728_A\" rel=\"nofollow noopener\" target=\"_blank\"><img decoding=\"async\" loading=\"lazy\" src=\"https:\/\/www.europesays.com\/fr\/wp-content\/uploads\/2025\/08\/1754132130_107_\" width=\"180\" height=\"180\" alt=\"Ko Ko Mo - Striped Tour Tourn\u00e9e\"\/><\/a><\/li>\n<li class=\"li_gp_div\">\n<\/li>\n<li class=\"col-12 pt-4\" data-view-id-type=\"1\" data-view-id=\"1082774\" data-view-bc=\"0\"><a class=\"d-block titre text-black mb-1 mb-md-2\" href=\"https:\/\/www.jds.fr\/rouen\/concerts\/rock\/sonny-gullage-1ere-partie-stef-paglia-1082774_A\" rel=\"nofollow noopener\" target=\"_blank\">Sonny Gullage &#8211; 1\u00e8re Partie Stef Paglia<\/a>Le 18\/10\/2025<a href=\"https:\/\/www.jds.fr\/rouen\/cleon\/salle-de-concert\/la-traverse-16662_L\" class=\"lieu font-size-14 text-gray-700 d-block lh-sm my-1\" rel=\"nofollow noopener\" target=\"_blank\"> La Traverse &#8211; Cl\u00e9on<\/a>Sonny Gullage &#8211; 1\u00e8re Partie Stef Paglia en concert \u00e0 Rouen (La Traverse Cl\u00e9on), le 18 octobre 2025. Toutes les informations pratiques (tarifs, billetterie, plan de salle) pour [\u2026]<a class=\"image\" href=\"https:\/\/www.jds.fr\/rouen\/concerts\/rock\/sonny-gullage-1ere-partie-stef-paglia-1082774_A\" rel=\"nofollow noopener\" target=\"_blank\"><img decoding=\"async\" loading=\"lazy\" src=\"https:\/\/www.europesays.com\/fr\/wp-content\/uploads\/2025\/08\/1754132131_794_\" width=\"180\" height=\"180\" alt=\"Sonny Gullage - 1\u00e8re Partie Stef Paglia\"\/><\/a><\/li>\n<li class=\"col-12 pt-4\" data-view-id-type=\"1\" data-view-id=\"1113804\" data-view-bc=\"0\"><a class=\"d-block titre text-black mb-1 mb-md-2\" href=\"https:\/\/www.jds.fr\/rouen\/concerts\/reggae\/zentone-1113804_A\" rel=\"nofollow noopener\" target=\"_blank\">Zentone<\/a>Le 06\/11\/2025<a href=\"https:\/\/www.jds.fr\/rouen\/canteleu\/centres-de-loisirs-et-de-culture\/esp-culturel-francois-mitterrand-16376_L\" class=\"lieu font-size-14 text-gray-700 d-block lh-sm my-1\" rel=\"nofollow noopener\" target=\"_blank\"> Esp.culturel Francois Mitterrand &#8211; Canteleu<\/a>Zentone en concert \u00e0 Rouen (Esp.culturel Francois Mitterrand Canteleu), le 6 novembre 2025. Toutes les informations pratiques (tarifs, billetterie, plan de salle) pour ce concert [\u2026]<a class=\"image\" href=\"https:\/\/www.jds.fr\/rouen\/concerts\/reggae\/zentone-1113804_A\" rel=\"nofollow noopener\" target=\"_blank\"><img decoding=\"async\" loading=\"lazy\" src=\"https:\/\/www.europesays.com\/fr\/wp-content\/uploads\/2025\/08\/1754132131_698_\" width=\"180\" height=\"180\" alt=\"Zentone\"\/><\/a><\/li>\n<li class=\"col-12 pt-4\" data-view-id-type=\"1\" data-view-id=\"1082722\" data-view-bc=\"0\"><a class=\"d-block titre text-black mb-1 mb-md-2\" href=\"https:\/\/www.jds.fr\/rouen\/concerts\/rock\/kaz-hawkins-1ere-partie-audrey-tesson-1082722_A\" rel=\"nofollow noopener\" target=\"_blank\">Kaz Hawkins + 1\u00e8re Partie\u00a0: Audrey Tesson<\/a>Le 07\/11\/2025<a href=\"https:\/\/www.jds.fr\/rouen\/cleon\/salle-de-concert\/la-traverse-16662_L\" class=\"lieu font-size-14 text-gray-700 d-block lh-sm my-1\" rel=\"nofollow noopener\" target=\"_blank\"> La Traverse &#8211; Cl\u00e9on<\/a>Kaz Hawkins + 1\u00e8re Partie\u00a0: Audrey Tesson en concert \u00e0 Rouen (La Traverse Cl\u00e9on), le 7 novembre 2025. Toutes les informations pratiques (tarifs, billetterie, plan de salle) [\u2026]<a class=\"image\" href=\"https:\/\/www.jds.fr\/rouen\/concerts\/rock\/kaz-hawkins-1ere-partie-audrey-tesson-1082722_A\" rel=\"nofollow noopener\" target=\"_blank\"><img decoding=\"async\" loading=\"lazy\" src=\"https:\/\/www.europesays.com\/fr\/wp-content\/uploads\/2025\/08\/1754132131_0_\" width=\"180\" height=\"180\" alt=\"Kaz Hawkins + 1\u00e8re Partie : Audrey Tesson\"\/><\/a><\/li>\n<li class=\"li_gp_div li_gp_div_infeed\"\/>\n<li class=\"col-12 pt-4\" data-view-id-type=\"1\" data-view-id=\"1082757\" data-view-bc=\"0\"><a class=\"d-block titre text-black mb-1 mb-md-2\" href=\"https:\/\/www.jds.fr\/rouen\/concerts\/rock\/55eme-chicago-blues-festival-new-blues-generation-1082757_A\" rel=\"nofollow noopener\" target=\"_blank\">55\u00e8me Chicago Blues Festival + New Blues Generation<\/a>Le 09\/11\/2025<a href=\"https:\/\/www.jds.fr\/rouen\/cleon\/salle-de-concert\/la-traverse-16662_L\" class=\"lieu font-size-14 text-gray-700 d-block lh-sm my-1\" rel=\"nofollow noopener\" target=\"_blank\"> La Traverse &#8211; Cl\u00e9on<\/a>55\u00e8me Chicago Blues Festival + New Blues Generation en concert \u00e0 Rouen (La Traverse Cl\u00e9on), le 9 novembre 2025. Toutes les informations pratiques (tarifs, billetterie, plan de [\u2026]<a class=\"image\" href=\"https:\/\/www.jds.fr\/rouen\/concerts\/rock\/55eme-chicago-blues-festival-new-blues-generation-1082757_A\" rel=\"nofollow noopener\" target=\"_blank\"><img decoding=\"async\" loading=\"lazy\" src=\"https:\/\/www.europesays.com\/fr\/wp-content\/uploads\/2025\/08\/1754132132_869_\" width=\"180\" height=\"180\" alt=\"55\u00e8me Chicago Blues Festival + New Blues Generation\"\/><\/a><\/li>\n<li class=\"col-12 pt-4\" data-view-id-type=\"1\" data-view-id=\"1082758\" data-view-bc=\"0\"><a class=\"d-block titre text-black mb-1 mb-md-2\" href=\"https:\/\/www.jds.fr\/rouen\/concerts\/rock\/d-k-harrell-blues-band-1082758_A\" rel=\"nofollow noopener\" target=\"_blank\">D.k Harrell Blues Band<\/a>Le 13\/11\/2025<a href=\"https:\/\/www.jds.fr\/rouen\/cleon\/salle-de-concert\/la-traverse-16662_L\" class=\"lieu font-size-14 text-gray-700 d-block lh-sm my-1\" rel=\"nofollow noopener\" target=\"_blank\"> La Traverse &#8211; Cl\u00e9on<\/a>D.k Harrell Blues Band en concert \u00e0 Rouen (La Traverse Cl\u00e9on), le 13 novembre 2025. Toutes les informations pratiques (tarifs, billetterie, plan de salle) pour ce concert sont \u00e0 [\u2026]<a class=\"image\" href=\"https:\/\/www.jds.fr\/rouen\/concerts\/rock\/d-k-harrell-blues-band-1082758_A\" rel=\"nofollow noopener\" target=\"_blank\"><img decoding=\"async\" loading=\"lazy\" src=\"https:\/\/www.europesays.com\/fr\/wp-content\/uploads\/2025\/08\/1754132132_247_\" width=\"180\" height=\"180\" alt=\"D.k Harrell Blues Band\"\/><\/a><\/li>\n<li class=\"col-12 pt-4\" data-view-id-type=\"1\" data-view-id=\"1082767\" data-view-bc=\"0\"><a class=\"d-block titre text-black mb-1 mb-md-2\" href=\"https:\/\/www.jds.fr\/rouen\/concerts\/rock\/nine-below-zero-1082767_A\" rel=\"nofollow noopener\" target=\"_blank\">Nine Below Zero<\/a>Le 15\/11\/2025<a href=\"https:\/\/www.jds.fr\/rouen\/cleon\/salle-de-concert\/la-traverse-16662_L\" class=\"lieu font-size-14 text-gray-700 d-block lh-sm my-1\" rel=\"nofollow noopener\" target=\"_blank\"> La Traverse &#8211; Cl\u00e9on<\/a>Nine Below Zero en concert \u00e0 Rouen (La Traverse Cl\u00e9on), le 15 novembre 2025. Toutes les informations pratiques (tarifs, billetterie, plan de salle) pour ce concert sont \u00e0 [\u2026]<a class=\"image\" href=\"https:\/\/www.jds.fr\/rouen\/concerts\/rock\/nine-below-zero-1082767_A\" rel=\"nofollow noopener\" target=\"_blank\"><img decoding=\"async\" loading=\"lazy\" src=\"https:\/\/www.europesays.com\/fr\/wp-content\/uploads\/2025\/08\/1754132133_489_\" width=\"180\" height=\"180\" alt=\"Nine Below Zero\"\/><\/a><\/li>\n<li class=\"col-12 pt-4\" data-view-id-type=\"1\" data-view-id=\"1113887\" data-view-bc=\"0\"><a class=\"d-block titre text-black mb-1 mb-md-2\" href=\"https:\/\/www.jds.fr\/rouen\/concerts\/pop-folk\/troy-von-balthazar-shannon-wright-1113887_A\" rel=\"nofollow noopener\" target=\"_blank\">Troy Von Balthazar + Shannon Wright<\/a>Le 20\/11\/2025<a href=\"https:\/\/www.jds.fr\/rouen\/canteleu\/centres-de-loisirs-et-de-culture\/esp-culturel-francois-mitterrand-16376_L\" class=\"lieu font-size-14 text-gray-700 d-block lh-sm my-1\" rel=\"nofollow noopener\" target=\"_blank\"> Esp.culturel Francois Mitterrand &#8211; Canteleu<\/a>Troy Von Balthazar + Shannon Wright en concert \u00e0 Rouen (Esp.culturel Francois Mitterrand Canteleu), le 20 novembre 2025. Toutes les informations pratiques (tarifs, billetterie, [\u2026]<a class=\"image\" href=\"https:\/\/www.jds.fr\/rouen\/concerts\/pop-folk\/troy-von-balthazar-shannon-wright-1113887_A\" rel=\"nofollow noopener\" target=\"_blank\"><img decoding=\"async\" loading=\"lazy\" src=\"https:\/\/www.europesays.com\/fr\/wp-content\/uploads\/2025\/08\/1754132134_947_\" width=\"180\" height=\"180\" alt=\"Troy Von Balthazar + Shannon Wright\"\/><\/a><\/li>\n<li class=\"li_gp_div li_gp_div_infeed\"\/>\n<li class=\"col-12 pt-4\" data-view-id-type=\"1\" data-view-id=\"667195\" data-view-bc=\"0\"><a class=\"d-block titre text-black mb-1 mb-md-2\" href=\"https:\/\/www.jds.fr\/rouen\/concerts\/rock\/gojira-tournee-667195_A\" rel=\"nofollow noopener\" target=\"_blank\">Gojira &#8211; Tourn\u00e9e<\/a>Le 01\/12\/2025<a href=\"https:\/\/www.jds.fr\/rouen\/le-grand-quevilly\/salle-de-concert\/zenith-de-rouen-15867_L\" class=\"lieu font-size-14 text-gray-700 d-block lh-sm my-1\" rel=\"nofollow noopener\" target=\"_blank\"> Z\u00e9nith de Rouen &#8211; Le Grand-Quevilly<\/a>Gojira &#8211; Tourn\u00e9e en concert \u00e0 Rouen (Z\u00e9nith de Rouen Le Grand-Quevilly), le 1 d\u00e9cembre 2025. Toutes les informations pratiques (tarifs, billetterie, plan de salle) pour ce [\u2026]<a class=\"image\" href=\"https:\/\/www.jds.fr\/rouen\/concerts\/rock\/gojira-tournee-667195_A\" rel=\"nofollow noopener\" target=\"_blank\"><img decoding=\"async\" loading=\"lazy\" src=\"https:\/\/www.europesays.com\/fr\/wp-content\/uploads\/2025\/08\/1754132134_767_\" width=\"180\" height=\"180\" alt=\"Gojira - Tourn\u00e9e\"\/><\/a><\/li>\n<li class=\"col-12 pt-4\" data-view-id-type=\"1\" data-view-id=\"1113805\" data-view-bc=\"0\"><a class=\"d-block titre text-black mb-1 mb-md-2\" href=\"https:\/\/www.jds.fr\/rouen\/concerts\/rock\/come-as-you-are-beatrice-dalle-et-youv-dee-1113805_A\" rel=\"nofollow noopener\" target=\"_blank\">Come As You Are &#8211; B\u00e9atrice Dalle et Youv Dee<\/a>Le 04\/12\/2025<a href=\"https:\/\/www.jds.fr\/rouen\/canteleu\/centres-de-loisirs-et-de-culture\/esp-culturel-francois-mitterrand-16376_L\" class=\"lieu font-size-14 text-gray-700 d-block lh-sm my-1\" rel=\"nofollow noopener\" target=\"_blank\"> Esp.culturel Francois Mitterrand &#8211; Canteleu<\/a>Come As You Are &#8211; B\u00e9atrice Dalle et Youv Dee en concert \u00e0 Rouen (Esp.culturel Francois Mitterrand Canteleu), le 4 d\u00e9cembre 2025. Toutes les informations pratiques (tarifs, [\u2026]<a class=\"image\" href=\"https:\/\/www.jds.fr\/rouen\/concerts\/rock\/come-as-you-are-beatrice-dalle-et-youv-dee-1113805_A\" rel=\"nofollow noopener\" target=\"_blank\"><img decoding=\"async\" loading=\"lazy\" src=\"https:\/\/www.europesays.com\/fr\/wp-content\/uploads\/2025\/08\/1754132134_40_\" width=\"180\" height=\"180\" alt=\"Come As You Are - B\u00e9atrice Dalle et Youv Dee\"\/><\/a><\/li>\n<li class=\"col-12 pt-4\" data-view-id-type=\"1\" data-view-id=\"1081767\" data-view-bc=\"0\"><a class=\"d-block titre text-black mb-1 mb-md-2\" href=\"https:\/\/www.jds.fr\/rouen\/concerts\/rock\/connor-selby-1081767_A\" rel=\"nofollow noopener\" target=\"_blank\">Connor Selby<\/a>Le 14\/12\/2025<a href=\"https:\/\/www.jds.fr\/rouen\/cleon\/salle-de-concert\/la-traverse-16662_L\" class=\"lieu font-size-14 text-gray-700 d-block lh-sm my-1\" rel=\"nofollow noopener\" target=\"_blank\"> La Traverse &#8211; Cl\u00e9on<\/a>Connor Selby en concert \u00e0 Rouen (La Traverse Cl\u00e9on), le 14 d\u00e9cembre 2025. Toutes les informations pratiques (tarifs, billetterie, plan de salle) pour ce concert sont \u00e0 [\u2026]<a class=\"image\" href=\"https:\/\/www.jds.fr\/rouen\/concerts\/rock\/connor-selby-1081767_A\" rel=\"nofollow noopener\" target=\"_blank\"><img decoding=\"async\" loading=\"lazy\" src=\"https:\/\/www.europesays.com\/fr\/wp-content\/uploads\/2025\/08\/1754132135_41_\" width=\"180\" height=\"180\" alt=\"Connor Selby\"\/><\/a><\/li>\n<li class=\"col-12 pt-4\" data-view-id-type=\"1\" data-view-id=\"948053\" data-view-bc=\"0\"><a class=\"d-block titre text-black mb-1 mb-md-2\" href=\"https:\/\/www.jds.fr\/rouen\/concerts\/rock\/one-night-of-queen-wembley-show-948053_A\" rel=\"nofollow noopener\" target=\"_blank\">One Night Of Queen &#8211; Wembley Show<\/a>Le 27\/01\/2026<a href=\"https:\/\/www.jds.fr\/rouen\/le-grand-quevilly\/salle-de-concert\/zenith-de-rouen-15867_L\" class=\"lieu font-size-14 text-gray-700 d-block lh-sm my-1\" rel=\"nofollow noopener\" target=\"_blank\"> Z\u00e9nith de Rouen &#8211; Le Grand-Quevilly<\/a>One Night Of Queen &#8211; Wembley Show en concert \u00e0 Rouen (Z\u00e9nith de Rouen Le Grand-Quevilly), le 27 janvier 2026. Toutes les informations pratiques (tarifs, billetterie, plan de [\u2026]<a class=\"image\" href=\"https:\/\/www.jds.fr\/rouen\/concerts\/rock\/one-night-of-queen-wembley-show-948053_A\" rel=\"nofollow noopener\" target=\"_blank\"><img decoding=\"async\" loading=\"lazy\" src=\"https:\/\/www.europesays.com\/fr\/wp-content\/uploads\/2025\/08\/1754132135_360_\" width=\"180\" height=\"180\" alt=\"One Night Of Queen - Wembley Show\"\/><\/a><\/li>\n<li class=\"li_gp_div li_gp_div_infeed\"\/>\n<li class=\"col-12 pt-4\" data-view-id-type=\"1\" data-view-id=\"1113888\" data-view-bc=\"0\"><a class=\"d-block titre text-black mb-1 mb-md-2\" href=\"https:\/\/www.jds.fr\/rouen\/concerts\/pop-folk\/animal-triste-hollywood-porn-stars-1113888_A\" rel=\"nofollow noopener\" target=\"_blank\">Animal Triste + Hollywood Porn Stars<\/a>Le 06\/02\/2026<a href=\"https:\/\/www.jds.fr\/rouen\/canteleu\/centres-de-loisirs-et-de-culture\/esp-culturel-francois-mitterrand-16376_L\" class=\"lieu font-size-14 text-gray-700 d-block lh-sm my-1\" rel=\"nofollow noopener\" target=\"_blank\"> Esp.culturel Francois Mitterrand &#8211; Canteleu<\/a>Animal Triste + Hollywood Porn Stars en concert \u00e0 Rouen (Esp.culturel Francois Mitterrand Canteleu), le 6 f\u00e9vrier 2026. Toutes les informations pratiques (tarifs, billetterie, [\u2026]<a class=\"image\" href=\"https:\/\/www.jds.fr\/rouen\/concerts\/pop-folk\/animal-triste-hollywood-porn-stars-1113888_A\" rel=\"nofollow noopener\" target=\"_blank\"><img decoding=\"async\" loading=\"lazy\" src=\"https:\/\/www.europesays.com\/fr\/wp-content\/uploads\/2025\/08\/1754132136_677_\" width=\"180\" height=\"180\" alt=\"Animal Triste + Hollywood Porn Stars\"\/><\/a><\/li>\n<li class=\"col-12 pt-4\" data-view-id-type=\"1\" data-view-id=\"1040931\" data-view-bc=\"0\"><a class=\"d-block titre text-black mb-1 mb-md-2\" href=\"https:\/\/www.jds.fr\/rouen\/concerts\/rock\/igorrr-1040931_A\" rel=\"nofollow noopener\" target=\"_blank\">Igorrr<\/a>Le 28\/02\/2026<a href=\"https:\/\/www.jds.fr\/rouen\/salle-de-concert\/le-106-16700_L\" class=\"lieu font-size-14 text-gray-700 d-block lh-sm my-1\" rel=\"nofollow noopener\" target=\"_blank\"> Le 106 &#8211; Rouen<\/a>Igorrr en concert \u00e0 Rouen (Le 106 ), le 28 f\u00e9vrier 2026. Toutes les informations pratiques (tarifs, billetterie, plan de salle) pour ce concert sont \u00e0 retrouver sur cette page. [\u2026]<a class=\"image\" href=\"https:\/\/www.jds.fr\/rouen\/concerts\/rock\/igorrr-1040931_A\" rel=\"nofollow noopener\" target=\"_blank\"><img decoding=\"async\" loading=\"lazy\" src=\"https:\/\/www.europesays.com\/fr\/wp-content\/uploads\/2025\/08\/1754132136_751_\" width=\"180\" height=\"180\" alt=\"Igorrr\"\/><\/a><\/li>\n<li class=\"col-12 pt-4\" data-view-id-type=\"1\" data-view-id=\"777052\" data-view-bc=\"0\"><a class=\"d-block titre text-black mb-1 mb-md-2\" href=\"https:\/\/www.jds.fr\/rouen\/concerts\/rock\/15-000-voix-pour-les-legendes-du-rock-tournee-777052_A\" rel=\"nofollow noopener\" target=\"_blank\">15 000 Voix Pour les L\u00e9gendes du Rock &#8211; Tourn\u00e9e<\/a>Le 08\/03\/2026<a href=\"https:\/\/www.jds.fr\/rouen\/le-grand-quevilly\/salle-de-concert\/zenith-de-rouen-15867_L\" class=\"lieu font-size-14 text-gray-700 d-block lh-sm my-1\" rel=\"nofollow noopener\" target=\"_blank\"> Z\u00e9nith de Rouen &#8211; Le Grand-Quevilly<\/a>15 000 Voix Pour les L\u00e9gendes du Rock &#8211; Tourn\u00e9e en concert \u00e0 Rouen (Z\u00e9nith de Rouen Le Grand-Quevilly), le 8 mars 2026. Toutes les informations pratiques (tarifs, billetterie, [\u2026]<a class=\"image\" href=\"https:\/\/www.jds.fr\/rouen\/concerts\/rock\/15-000-voix-pour-les-legendes-du-rock-tournee-777052_A\" rel=\"nofollow noopener\" target=\"_blank\"><img decoding=\"async\" loading=\"lazy\" src=\"https:\/\/www.europesays.com\/fr\/wp-content\/uploads\/2025\/08\/1754132137_561_\" width=\"180\" height=\"180\" alt=\"15 000 Voix Pour les L\u00e9gendes du Rock - Tourn\u00e9e\"\/><\/a><\/li>\n<li class=\"col-12 pt-4\" data-view-id-type=\"1\" data-view-id=\"1003508\" data-view-bc=\"0\"><a class=\"d-block titre text-black mb-1 mb-md-2\" href=\"https:\/\/www.jds.fr\/rouen\/concerts\/rock\/the-dead-south-tour-2026-1003508_A\" rel=\"nofollow noopener\" target=\"_blank\">The Dead South Tour 2026<\/a>Le 11\/03\/2026<a href=\"https:\/\/www.jds.fr\/rouen\/salle-de-concert\/le-106-16700_L\" class=\"lieu font-size-14 text-gray-700 d-block lh-sm my-1\" rel=\"nofollow noopener\" target=\"_blank\"> Le 106 &#8211; Rouen<\/a>The Dead South Tour 2026 en concert \u00e0 Rouen (Le 106 ), le 11 mars 2026. Toutes les informations pratiques (tarifs, billetterie, plan de salle) pour ce concert sont \u00e0 retrouver [\u2026]<a class=\"image\" href=\"https:\/\/www.jds.fr\/rouen\/concerts\/rock\/the-dead-south-tour-2026-1003508_A\" rel=\"nofollow noopener\" target=\"_blank\"><img decoding=\"async\" loading=\"lazy\" src=\"https:\/\/www.europesays.com\/fr\/wp-content\/uploads\/2025\/08\/1754132137_732_\" width=\"180\" height=\"180\" alt=\"The Dead South Tour 2026\"\/><\/a><\/li>\n<li class=\"li_gp_div li_gp_div_infeed\"\/>\n<li class=\"col-12 pt-4\" data-view-id-type=\"1\" data-view-id=\"1067298\" data-view-bc=\"0\"><a class=\"d-block titre text-black mb-1 mb-md-2\" href=\"https:\/\/www.jds.fr\/rouen\/concerts\/rock\/rufus-wainwright-1067298_A\" rel=\"nofollow noopener\" target=\"_blank\">Rufus Wainwright<\/a>Le 25\/03\/2026<a href=\"https:\/\/www.jds.fr\/rouen\/salle-de-concert\/le-106-16700_L\" class=\"lieu font-size-14 text-gray-700 d-block lh-sm my-1\" rel=\"nofollow noopener\" target=\"_blank\"> Le 106 &#8211; Rouen<\/a>Rufus Wainwright en concert \u00e0 Rouen (Le 106 ), le 25 mars 2026. Toutes les informations pratiques (tarifs, billetterie, plan de salle) pour ce concert sont \u00e0 retrouver sur cette [\u2026]<a class=\"image\" href=\"https:\/\/www.jds.fr\/rouen\/concerts\/rock\/rufus-wainwright-1067298_A\" rel=\"nofollow noopener\" target=\"_blank\"><img decoding=\"async\" loading=\"lazy\" src=\"https:\/\/www.europesays.com\/fr\/wp-content\/uploads\/2025\/08\/1754132137_480_\" width=\"180\" height=\"180\" alt=\"Rufus Wainwright\"\/><\/a><\/li>\n<\/ul>\n<p class=\"font-size-30 fw-bold lh-1 mt-0 mb-4\">Je trouve les meilleures sorties dans ma ville<\/p>\n<p class=\"mt-0 mb-3 h2\">Newsletter JDS Rouen<\/p>\n<p class=\"font-size-18 fw-normal lh-sm\">Pr\u00eat pour un week-end de folie\u00a0? Chaque jeudi tous les bons plans sorties<\/p>\n","protected":false},"excerpt":{"rendered":"Le 09\/10\/2025 Esp.culturel Francois Mitterrand | Canteleu Lofofora : dates de la tourn\u00e9e A partir de 18,55 \u20ac&hellip;\n","protected":false},"author":2,"featured_media":291177,"comment_status":"","ping_status":"","sticky":false,"template":"","format":"standard","meta":{"footnotes":""},"categories":[9587],"tags":[1111,11,1777,674,1011,27,12,5161,25,9590],"class_list":{"0":"post-291176","1":"post","2":"type-post","3":"status-publish","4":"format-standard","5":"has-post-thumbnail","7":"category-rouen","8":"tag-actu","9":"tag-actualites","10":"tag-eu","11":"tag-europe","12":"tag-fr","13":"tag-france","14":"tag-news","15":"tag-normandie","16":"tag-republique-francaise","17":"tag-rouen"},"share_on_mastodon":{"url":"https:\/\/pubeurope.com\/@fr\/114958809791619532","error":""},"_links":{"self":[{"href":"https:\/\/www.europesays.com\/fr\/wp-json\/wp\/v2\/posts\/291176","targetHints":{"allow":["GET"]}}],"collection":[{"href":"https:\/\/www.europesays.com\/fr\/wp-json\/wp\/v2\/posts"}],"about":[{"href":"https:\/\/www.europesays.com\/fr\/wp-json\/wp\/v2\/types\/post"}],"author":[{"embeddable":true,"href":"https:\/\/www.europesays.com\/fr\/wp-json\/wp\/v2\/users\/2"}],"replies":[{"embeddable":true,"href":"https:\/\/www.europesays.com\/fr\/wp-json\/wp\/v2\/comments?post=291176"}],"version-history":[{"count":0,"href":"https:\/\/www.europesays.com\/fr\/wp-json\/wp\/v2\/posts\/291176\/revisions"}],"wp:featuredmedia":[{"embeddable":true,"href":"https:\/\/www.europesays.com\/fr\/wp-json\/wp\/v2\/media\/291177"}],"wp:attachment":[{"href":"https:\/\/www.europesays.com\/fr\/wp-json\/wp\/v2\/media?parent=291176"}],"wp:term":[{"taxonomy":"category","embeddable":true,"href":"https:\/\/www.europesays.com\/fr\/wp-json\/wp\/v2\/categories?post=291176"},{"taxonomy":"post_tag","embeddable":true,"href":"https:\/\/www.europesays.com\/fr\/wp-json\/wp\/v2\/tags?post=291176"}],"curies":[{"name":"wp","href":"https:\/\/api.w.org\/{rel}","templated":true}]}}