{"id":291178,"date":"2025-08-02T10:59:09","date_gmt":"2025-08-02T10:59:09","guid":{"rendered":"https:\/\/www.europesays.com\/fr\/291178\/"},"modified":"2025-08-02T10:59:09","modified_gmt":"2025-08-02T10:59:09","slug":"un-detenu-patient-de-la-prison-de-rennes-en-semaine-de-surf-therapeutique-ce-syndicat-en-colere","status":"publish","type":"post","link":"https:\/\/www.europesays.com\/fr\/291178\/","title":{"rendered":"Un \u00ab\u00a0d\u00e9tenu patient\u00a0\u00bb de la prison de Rennes en \u00ab\u00a0semaine de surf th\u00e9rapeutique\u00a0\u00bb : ce syndicat en col\u00e8re"},"content":{"rendered":"<p>            Par<br \/>\n        <strong><br \/>\n            <a href=\"https:\/\/actu.fr\/auteur\/brian-legoff\" title=\"Consulter tous les articles de Brian Le Goff\" target=\"_blank\" rel=\"noopener\">Brian Le Goff<\/a><br \/>\n        <\/strong><\/p>\n<p>        Publi\u00e9 le<\/p>\n<p>            2 ao\u00fbt 2025 \u00e0 12h49        <\/p>\n<p>Alors que <a href=\"https:\/\/actu.fr\/bretagne\/rennes_35238\/nouvelle-agression-a-la-prison-de-rennes-vezin-la-troisieme-en-deux-semaines-un-surveillant-a-l-hopital_62975237.html\" target=\"_blank\" rel=\"noopener\">trois agressions d\u2019agents p\u00e9nitentiaires ont eu lieu en deux semaines au centre p\u00e9nitentiaire de Rennes-Vezin<\/a>, le <strong>syndicat UFAP s\u2019est dit \u00ab\u2009plus qu\u2019offusqu\u00e9\u2009\u00bb<\/strong> d\u2019apprendre qu\u2019un d\u00e9tenu suivi par une \u00e9quipe m\u00e9dicale sp\u00e9cialis\u00e9e pour des probl\u00e8mes \u00ab\u2009psy\u2009\u00bb allait effectuer<strong> une \u00ab\u2009semaine de surf th\u00e9rapeutique\u2009\u00bb<\/strong> \u00e0 Saint-Malo mi-septembre\u00a02025\u2009: \u00ab\u2009Pour les remercier des services rendus\u2009? (sic).\u2009\u00bb<\/p>\n<blockquote class=\"ac-article-quote wall-content\">\n<p>L&rsquo;accord a \u00e9t\u00e9 donn\u00e9 mardi dernier lors d&rsquo;un r\u00e9union de la commission de l&rsquo;application des peines (CAP). Cette derni\u00e8re regroupe les parties prenantes intervenant \u00e0 la prison, dont entre autres le juge d&rsquo;application des peines, le parquet et le chef d&rsquo;\u00e9tablissement.  La CAP sert \u00e0 \u00e9voquer les permissions, les remises de peines, les libert\u00e9s conditionnelles ou les sorties.<\/p>\n<p>    <strong>Eric Toxe<\/strong><br \/>\n        Secr\u00e9taire local     <\/p><\/blockquote>\n<p class=\" wall-content\">C\u2019est le <strong>SMPR<\/strong> (service m\u00e9dico-psychologique r\u00e9gional rattach\u00e9 au centre hospitalier Guillaume R\u00e9gnier), au sein m\u00eame de la prison, <strong>charg\u00e9 de prendre en charge les d\u00e9tenus<\/strong> <strong>avec des probl\u00e8mes de sant\u00e9<\/strong> physique ou mentale, qui est <strong>derri\u00e8re cette initiative<\/strong>, selon le syndicaliste.<\/p>\n<p>\u00ab\u2009Les coll\u00e8gues sont d\u00e9go\u00fbt\u00e9s\u2009\u00bb<\/p>\n<p class=\" wall-content\">Mais ce d\u00e9tenu n\u2019est pas dans les cellules directement g\u00e9r\u00e9es par ce service. <strong>\u00ab\u2009Sur une vingtaine de cellules, une quinzaine est vide.<\/strong> L\u2019int\u00e9gration se fait sur la base du volontariat. Mais, \u00e0 l\u2019ext\u00e9rieur, face aux profils\u2009\u00a0\u00bbpsy&rsquo;\u00a0\u00bb on ne leur demanderait pas leur avis\u2009\u00bb, affirme \u00c9ric Toxe.<\/p>\n<p class=\" wall-content\">Face \u00e0 cette situation, le secr\u00e9taire local du \u00ab\u2009syndicat majoritaire\u2009\u00bb au sein de la prison de Rennes pousse un coup de gueule\u2009: <strong>\u00ab\u2009Les coll\u00e8gues sont d\u00e9go\u00fbt\u00e9s.<\/strong> On nous dit de faire des \u00e9conomies. Et m\u00eame si ce n\u2019est pas dans le budget de la prison que de l\u2019argent est utilis\u00e9 pour cette semaine th\u00e9rapeutique, <strong>dans un contexte dans lequel on demande \u00e0 tout le monde de se serrer la ceinture, on a du mal \u00e0 comprendre<\/strong>.\u2009\u00bb<\/p>\n<p>\u00ab\u2009Nous ne savons pas ce qu\u2019il y a derri\u00e8re\u2009\u00bb<\/p>\n<p class=\" wall-content\">Contact\u00e9 par<a href=\"https:\/\/actu.fr\/rennes\/\" target=\"_blank\" rel=\"noopener\"> actu Rennes<\/a>, le service communication de la direction interr\u00e9gionale de l\u2019administration p\u00e9nitentiaire explique d\u00e9couvrir cette initiative, mais <strong>confirme que c\u2019est une activit\u00e9 th\u00e9rapeutique g\u00e9r\u00e9e par le SMPR<\/strong> et que la direction interr\u00e9gionale n\u2019avait pas encore \u00e9t\u00e9 inform\u00e9e de cette \u00ab\u2009semaine de surf th\u00e9rapeutique\u2009\u00bb. \u00ab\u2009Nous ne savons pas ce qu\u2019il y a exactement derri\u00e8re.\u2009\u00bb<\/p>\n<p class=\" wall-content\">\u00c9galement sollicit\u00e9e vendredi 1er\u00a0ao\u00fbt en fin d\u2019apr\u00e8s-midi, la <strong>direction du centre hospitalier Guillaume R\u00e9gnier<\/strong> a indiqu\u00e9 qu\u2019elle apporterait une r\u00e9ponse \u00e0 notre demande dans les plus brefs d\u00e9lais. Ce samedi 2\u00a0ao\u00fbt,<strong> aucun retour<\/strong> ne nous a \u00e9t\u00e9 adress\u00e9.<\/p>\n<p class=\" wall-content\">Le <strong>repr\u00e9sentant du syndicat UFAP s\u2019est \u00e9mu<\/strong> aupr\u00e8s de notre r\u00e9daction que le <strong>tract<\/strong> diffus\u00e9 par ses soins, <strong>qui cherchait avant tout \u00e0 interroger<\/strong> sur la coh\u00e9rence des messages pass\u00e9s aupr\u00e8s du grand public, <strong>ait \u00e9t\u00e9 aussi rapidement repris par des politiques<\/strong>.<\/p>\n<p class=\" wall-content\">Suivez toute l\u2019actualit\u00e9 de vos villes et m\u00e9dias favoris en vous inscrivant \u00e0 <a href=\"https:\/\/moncompte.actu.fr\" title=\"D\u00e9couvez Mon Actu\" rel=\"nofollow noopener\" data-trk=\"{&quot;cta&quot;:{&quot;action&quot;:&quot;https:\\\/\\\/moncompte.actu.fr&quot;,&quot;category&quot;:&quot;mon compte&quot;,&quot;from&quot;:&quot;article footer&quot;,&quot;name&quot;:&quot;Mon actu&quot;,&quot;type&quot;:&quot;cta&quot;}}\" target=\"_blank\">Mon Actu<\/a>.<\/p>\n","protected":false},"excerpt":{"rendered":"Par Brian Le Goff Publi\u00e9 le 2 ao\u00fbt 2025 \u00e0 12h49 Alors que trois agressions d\u2019agents p\u00e9nitentiaires ont&hellip;\n","protected":false},"author":2,"featured_media":291179,"comment_status":"","ping_status":"","sticky":false,"template":"","format":"standard","meta":{"footnotes":""},"categories":[2821],"tags":[1111,11,829,1777,674,118,1011,27,12,899,584,25],"class_list":{"0":"post-291178","1":"post","2":"type-post","3":"status-publish","4":"format-standard","5":"has-post-thumbnail","7":"category-rennes","8":"tag-actu","9":"tag-actualites","10":"tag-bretagne","11":"tag-eu","12":"tag-europe","13":"tag-faits-divers","14":"tag-fr","15":"tag-france","16":"tag-news","17":"tag-prisons","18":"tag-rennes","19":"tag-republique-francaise"},"share_on_mastodon":{"url":"https:\/\/pubeurope.com\/@fr\/114958825343163714","error":""},"_links":{"self":[{"href":"https:\/\/www.europesays.com\/fr\/wp-json\/wp\/v2\/posts\/291178","targetHints":{"allow":["GET"]}}],"collection":[{"href":"https:\/\/www.europesays.com\/fr\/wp-json\/wp\/v2\/posts"}],"about":[{"href":"https:\/\/www.europesays.com\/fr\/wp-json\/wp\/v2\/types\/post"}],"author":[{"embeddable":true,"href":"https:\/\/www.europesays.com\/fr\/wp-json\/wp\/v2\/users\/2"}],"replies":[{"embeddable":true,"href":"https:\/\/www.europesays.com\/fr\/wp-json\/wp\/v2\/comments?post=291178"}],"version-history":[{"count":0,"href":"https:\/\/www.europesays.com\/fr\/wp-json\/wp\/v2\/posts\/291178\/revisions"}],"wp:featuredmedia":[{"embeddable":true,"href":"https:\/\/www.europesays.com\/fr\/wp-json\/wp\/v2\/media\/291179"}],"wp:attachment":[{"href":"https:\/\/www.europesays.com\/fr\/wp-json\/wp\/v2\/media?parent=291178"}],"wp:term":[{"taxonomy":"category","embeddable":true,"href":"https:\/\/www.europesays.com\/fr\/wp-json\/wp\/v2\/categories?post=291178"},{"taxonomy":"post_tag","embeddable":true,"href":"https:\/\/www.europesays.com\/fr\/wp-json\/wp\/v2\/tags?post=291178"}],"curies":[{"name":"wp","href":"https:\/\/api.w.org\/{rel}","templated":true}]}}