{"id":291188,"date":"2025-08-02T11:04:11","date_gmt":"2025-08-02T11:04:11","guid":{"rendered":"https:\/\/www.europesays.com\/fr\/291188\/"},"modified":"2025-08-02T11:04:11","modified_gmt":"2025-08-02T11:04:11","slug":"un-pass-bus-mis-en-place-pour-pallier-les-travaux-nocturnes-de-la-sncf-a-la-rentree-entre-nice-et-vintimille","status":"publish","type":"post","link":"https:\/\/www.europesays.com\/fr\/291188\/","title":{"rendered":"Un \u00ab\u00a0Pass bus\u00a0\u00bb mis en place pour pallier les travaux nocturnes de la SNCF \u00e0 la rentr\u00e9e entre Nice et Vintimille"},"content":{"rendered":"<p>Une mesure compensatoire. La R\u00e9gion Sud met en place un \u00ab\u00a0Pass Travaux\u00a0\u00bb qui permet d\u2019emprunter la ligne 601 de noctambus Zou pendant la dur\u00e9e des travaux sur la ligne Nice-Vintimille.<\/p>\n<p>Ainsi, en direction de Menton ou de Nice, il est possible d\u2019emprunter cette ligne \u00e0 partir de 22h du lundi au jeudi.<\/p>\n<p>Pour en profiter, il suffit de t\u00e9l\u00e9charger, imprimer et remplir un document consultable sur le site de SNCF Voyageurs ainsi que de le pr\u00e9senter au chauffeur de bus.<\/p>\n<p>                                Valable d\u00e8s le 1er septembre<\/p>\n<p>Ce formulaire doit \u00eatre accompagn\u00e9 de votre abonnement Zou (papier ou digital) ou, si vous poss\u00e9dez une carte \u00e0 puce Zou, de son justificatif d\u2019abonnement papier.<\/p>\n<p>\u00c0 noter que ce pass est valable d\u00e8s le 1er septembre jusqu\u2019au 12 d\u00e9cembre 2025.<\/p>\n","protected":false},"excerpt":{"rendered":"Une mesure compensatoire. La R\u00e9gion Sud met en place un \u00ab\u00a0Pass Travaux\u00a0\u00bb qui permet d\u2019emprunter la ligne 601&hellip;\n","protected":false},"author":2,"featured_media":291189,"comment_status":"","ping_status":"","sticky":false,"template":"","format":"standard","meta":{"footnotes":""},"categories":[2819],"tags":[1111,11,1777,674,1011,27,12,2401,882,25,800],"class_list":{"0":"post-291188","1":"post","2":"type-post","3":"status-publish","4":"format-standard","5":"has-post-thumbnail","7":"category-nice","8":"tag-actu","9":"tag-actualites","10":"tag-eu","11":"tag-europe","12":"tag-fr","13":"tag-france","14":"tag-news","15":"tag-nice","16":"tag-provence-alpes-cote-dazur","17":"tag-republique-francaise","18":"tag-transports"},"share_on_mastodon":{"url":"https:\/\/pubeurope.com\/@fr\/114958844868687595","error":""},"_links":{"self":[{"href":"https:\/\/www.europesays.com\/fr\/wp-json\/wp\/v2\/posts\/291188","targetHints":{"allow":["GET"]}}],"collection":[{"href":"https:\/\/www.europesays.com\/fr\/wp-json\/wp\/v2\/posts"}],"about":[{"href":"https:\/\/www.europesays.com\/fr\/wp-json\/wp\/v2\/types\/post"}],"author":[{"embeddable":true,"href":"https:\/\/www.europesays.com\/fr\/wp-json\/wp\/v2\/users\/2"}],"replies":[{"embeddable":true,"href":"https:\/\/www.europesays.com\/fr\/wp-json\/wp\/v2\/comments?post=291188"}],"version-history":[{"count":0,"href":"https:\/\/www.europesays.com\/fr\/wp-json\/wp\/v2\/posts\/291188\/revisions"}],"wp:featuredmedia":[{"embeddable":true,"href":"https:\/\/www.europesays.com\/fr\/wp-json\/wp\/v2\/media\/291189"}],"wp:attachment":[{"href":"https:\/\/www.europesays.com\/fr\/wp-json\/wp\/v2\/media?parent=291188"}],"wp:term":[{"taxonomy":"category","embeddable":true,"href":"https:\/\/www.europesays.com\/fr\/wp-json\/wp\/v2\/categories?post=291188"},{"taxonomy":"post_tag","embeddable":true,"href":"https:\/\/www.europesays.com\/fr\/wp-json\/wp\/v2\/tags?post=291188"}],"curies":[{"name":"wp","href":"https:\/\/api.w.org\/{rel}","templated":true}]}}