{"id":291190,"date":"2025-08-02T11:05:15","date_gmt":"2025-08-02T11:05:15","guid":{"rendered":"https:\/\/www.europesays.com\/fr\/291190\/"},"modified":"2025-08-02T11:05:15","modified_gmt":"2025-08-02T11:05:15","slug":"voici-les-balades-a-faire-le-week-end-ou-pendant-les-vacances","status":"publish","type":"post","link":"https:\/\/www.europesays.com\/fr\/291190\/","title":{"rendered":"voici les balades \u00e0 faire le week-end ou pendant les vacances"},"content":{"rendered":"<p>            Par<br \/>\n        <strong><br \/>\n            <a href=\"https:\/\/actu.fr\/auteur\/laure-gentil\" title=\"Consulter tous les articles de Laure Gentil\" target=\"_blank\" rel=\"noopener\">Laure Gentil<\/a><br \/>\n        <\/strong><\/p>\n<p>        Publi\u00e9 le<\/p>\n<p>            2 ao\u00fbt 2025 \u00e0 12h30        <\/p>\n<p>Nantes et sa m\u00e9tropole regorgent de lieux et de monuments \u00e0 visiter. Mais la m\u00e9tropole nantaise est aussi remplie de balades \u00e0 faire. Des <strong>bords de l\u2019Erdre,<\/strong> au parc de la Gournerie, en passant par la<strong> Vall\u00e9e du Cens<\/strong> et la Station Nuage, les possibilit\u00e9s ne manquent pas pour fl\u00e2ner en toute tranquillit\u00e9.<\/p>\n<p class=\" wall-content\">La r\u00e9daction vous propose une liste non exhaustive des<strong> balades \u00e0 d\u00e9couvrir \u00e0 Nantes et dans les communes de la m\u00e9tropole,<\/strong> que l\u2019on soit en vacances ou simplement en week-end.<\/p>\n<p>Nantes<\/p>\n<p class=\" wall-content\">S\u2019il y a une balade que l\u2019on vous conseille \u00e0 Nantes, notamment si vous aimez l\u2019eau et la nature ce sont les bords de l\u2019Erdre. Le<strong> parc de la Chantrerie<\/strong> est particuli\u00e8rement agr\u00e9able et offre de magnifiques points de vue sur la rivi\u00e8re.<\/p>\n<p>    <img   decoding=\"async\" loading=\"lazy\" src=\"https:\/\/www.europesays.com\/fr\/wp-content\/uploads\/2025\/08\/nantes-parc-chantrerie-960x640.jpg\" alt=\"Le parc de la Chantrerie offre de tr\u00e8s bons points de vue.\" width=\"960\" height=\"640\"\/><br \/>\n    Le parc de la Chantrerie offre de tr\u00e8s bons points de vue au bord de l\u2019Erdre. (\u00a9Emma Derome \/ actu Nantes)<\/p>\n<p class=\" wall-content\">Autrefois appel\u00e9e la prairie de Mauves, la Petite Amazonie est la premi\u00e8re zone naturelle urbaine inscrite dans le <strong>p\u00e9rim\u00e8tre Natura 2000.<\/strong> Il s\u2019agit aussi de la<strong> derni\u00e8re prairie humide<\/strong> des bords de Loire.<\/p>\n<p class=\" wall-content\">Cette ancienne carri\u00e8re d\u00e9saffect\u00e9e est un parc tr\u00e8s atypique \u00e0 Nantes. Il est possible de monter en haut d\u2019une falaise, en grimpant 177 marches, ce qui offre une vue incroyable sur la Loire.<strong> Quatre belv\u00e9d\u00e8res<\/strong> permettent de faire des haltes dans la mont\u00e9e (ou la descente si\u00a0vous arrivez du square Maurice-Schwob).<\/p>\n<p class=\" wall-content\">N\u2019oubliez pas d\u2019admirer durant votre parcours la <strong>cascade<\/strong>. Attention, celle-ci est coup\u00e9e la nuit quand le jardin est ferm\u00e9.<\/p>\n<p>Orvault<\/p>\n<p class=\" wall-content\">Le parcours qui m\u00e8ne \u00e0 la<strong> Vall\u00e9e du Cens d\u2019Orvault<\/strong> est parfait pour faire un footing ou se balader tranquillement.<\/p>\n<p>    <img   decoding=\"async\" loading=\"lazy\" src=\"https:\/\/www.europesays.com\/fr\/wp-content\/uploads\/2025\/08\/vallee-cens-nantes-orvault-960x640.jpg\" alt=\"Et si vous partiez en balade \u00e0 Nantes ou dans une des communes de la m\u00e9tropole ? La vall\u00e9e du Cens \u00e0 Orvault est l'endroit parfait.\" width=\"960\" height=\"640\"\/><br \/>\n    Et si vous partiez en balade \u00e0 Nantes ou dans une des communes de la m\u00e9tropole\u2009? La vall\u00e9e du Cens \u00e0 Orvault est l\u2019endroit parfait. (\u00a9Emma Derome \/ actu Nantes)<\/p>\n<p class=\" wall-content\">Les marcheurs peuvent ainsi traverser le<strong> bourg d\u2019Orvault<\/strong> en passant par le lavoir, le Calvaire, la place Jeanne d\u2019Arc, le pont aux pr\u00eatres,<strong> la St\u00e8le de Xavier Dick<\/strong>, jusqu\u2019aux jolis chemins de terre de la Vall\u00e9e du Cens\u2026 Une<strong> agr\u00e9able balade d\u20191h30<\/strong> sur 6 \u00e0 7km, selon la ville d\u2019Orvault.<\/p>\n<p class=\" wall-content\">La Vall\u00e9e du Cens, comme la Petite Amazonie, est class\u00e9e en partie Zone Naturelle d\u2019Int\u00e9r\u00eat \u00c9cologique Faunistique et Floristique.<\/p>\n<p>    <a href=\"https:\/\/www.facebook.com\/plugins\/post.php?href=https%3A%2F%2Fwww.facebook.com%2Fvilleorvault%2Fposts%2Fpfbid0HoKekoHhBpFKGke5bmULHVNux6hx86bRPCgz3a7qnp9VHw5Q45Qqst3TpC1YaSRZl&amp;show_text=true&amp;width=350\" title=\"Ouvrie le lien\" target=\"_blank\" rel=\"noopener\">Cliquez ici pour visualiser le contenu<\/a><\/p>\n<p>Rez\u00e9<\/p>\n<p class=\" wall-content\">\u00c0 Rez\u00e9, le parc de la Balini\u00e8re et ses<strong> jardins \u00e0 la fran\u00e7aise<\/strong> sont ouverts du lundi au dimanche, de 9h \u00e0 20h.<\/p>\n<p class=\" wall-content\">Les visiteurs peuvent y admirer le <strong>ch\u00e2teau<\/strong> du m\u00eame nom et une <strong>chapelle<\/strong> d\u00e9di\u00e9e \u00e0 Sainte-Anne.<\/p>\n<p>La Chapelle-sur-Erdre<\/p>\n<p class=\" wall-content\">La ville de La Chapelle-sur-Erdre propose plusieurs \u00ab\u2009circuits\u2009\u00bb p\u00e9destres\u2009:<\/p>\n<ul class=\" wall-content\">\n<li><strong>Le sentier de l\u2019eau\u2009: Erdre et Gesvres<\/strong><\/li>\n<\/ul>\n<p class=\" wall-content\">Un circuit de 18 kilom\u00e8tres qui \u00ab\u2009permet de parcourir toute la vari\u00e9t\u00e9 des paysages chapelains\u2009\u00bb.<\/p>\n<ul class=\" wall-content\">\n<li><strong>Le circuit Gandonni\u00e8re-Grimaudi\u00e8re<\/strong><\/li>\n<\/ul>\n<p class=\" wall-content\">Cette balade est d\u00e9crite par La Chapelle-sur-Erdre comme \u00e9tant une \u00ab\u2009des plus belles balades de la r\u00e9gion avec 2,5 kilom\u00e8tres de sentier am\u00e9nag\u00e9 le long de l\u2019Erdre pour les poussettes et les personnes \u00e0 mobilit\u00e9 r\u00e9duite (sentier PMR)\u2009\u00bb.<\/p>\n<p class=\" wall-content\">Il s\u2019agit d\u2019un \u00ab\u2009parcours lin\u00e9aire\u2009\u00bb qui vous fait partir du port de La Grimaudi\u00e8re, jusqu\u2019au Ch\u00e2teau de La Gascherie et le Manoir de la Gandonni\u00e8re, avant d\u2019arriver au port de La Gandonni\u00e8re, \u00ab\u2009espace naturel prot\u00e9g\u00e9 dot\u00e9 d\u2019une aire de pique-nique\u2009\u00bb.<\/p>\n<ul class=\" wall-content\">\n<li><strong>Le sentier de d\u00e9couverte \u00ab\u2009Patrimoine et nature\u2009\u00bb<\/strong><\/li>\n<\/ul>\n<p class=\" wall-content\">C\u2019est la balade parfaite pour d\u00e9couvrir<strong> la Vall\u00e9e du Gesvres.<\/strong> Elle d\u00e9bute au pied du ch\u00e2teau de l\u2019Hopitau. Les curieux pourront y d\u00e9couvrir ensuite le Moulin de la Verri\u00e8re (il est possible de s\u2019y arr\u00eater pour pique-niquer) avant de continuer jusqu\u2019au village de la Hauti\u00e8re et son \u00ab\u2009vieux ch\u00e2taignier de vieux de 800 ans\u2009\u00bb.<\/p>\n<p>Saint-Herblain<\/p>\n<p class=\" wall-content\">Selon la ville de Saint-Herblain, le <strong>Cours Hermeland<\/strong> est inspir\u00e9 du Tiergarten \u00e0 Berlin. Cr\u00e9\u00e9 dans les ann\u00e9es 90, il est d\u2019une superficie de 300 hectares et est compos\u00e9 de<strong> neuf parcs<\/strong>\u2009: le parc de la Gournerie, le parc de la Sav\u00e8ze, le parc de Bagatelle, le parc du val de Ch\u00e9zine, le parc de la B\u00e9graisi\u00e8re, le parc du Z\u00e9nith, le parc des Haradi\u00e8res, le parc de la Carri\u00e8re et le marais de la Pelousi\u00e8re.<\/p>\n<p class=\" wall-content\">Le<strong> parc de la Gournerie<\/strong> est un excellent lieu de balade avec un ch\u00e2teau, des espaces de d\u00e9tente et un <strong>\u00e9tang<\/strong>.<\/p>\n<p>Sautron<\/p>\n<p class=\" wall-content\">Les abords de<strong> l\u2019\u00e9tang de la Bretonni\u00e8re<\/strong> sont parfaits pour profiter d\u2019un peu d\u2019ombre et de fra\u00eecheur. La balade est faisable en un peu moins d\u2019une heure et les lieux sont tr\u00e8s fr\u00e9quent\u00e9s par les randonneurs ou ceux qui pratiquent la course \u00e0 pied. Si vous aimez la <strong>p\u00eache<\/strong> c\u2019est aussi l\u2019endroit id\u00e9al, des concours sont m\u00eame organis\u00e9s.<\/p>\n<p>Cou\u00ebron<\/p>\n<p class=\" wall-content\">Le<strong> lac Beaulieu<\/strong> a \u00e9t\u00e9 cr\u00e9\u00e9 artificiellement en 1992. Il a une tr\u00e8s belle superficie de <strong>17 hectares<\/strong>. Il s\u2019agit du plus grand lac de l\u2019agglom\u00e9ration nantaise. S\u2019il est interdit de se baigner, les chemins autour permettent de s\u2019y promener et de faire le tour complet du lac. Des tables de pique-nique ont \u00e9t\u00e9 mises \u00e0 la disposition des visiteurs ainsi que des jeux pour enfants et des observatoires de la faune. Il n\u2019est pas rare d\u2019y croiser un <strong>cormoran<\/strong> ou un h\u00e9ron sur les lieux.<\/p>\n<p>    <img   decoding=\"async\" loading=\"lazy\" src=\"https:\/\/www.europesays.com\/fr\/wp-content\/uploads\/2025\/08\/coueron-beaulieu-chabossiere-nantes-lac-960x640.jpg\" alt=\"Le lac de Beaulieu \u00e0 Cou\u00ebron est le plus grand lac de l'agglom\u00e9ration nantaise.\" width=\"960\" height=\"640\"\/><br \/>\n    Le lac de Beaulieu \u00e0 Cou\u00ebron est le plus grand lac de l\u2019agglom\u00e9ration nantaise. (\u00a9Emma Derome \/ actu Nantes)De plus amples informations <a href=\"https:\/\/www.ville-coueron.fr\/culture\/decouvrir-le-patrimoine\/balades-et-randonnees\/\" target=\"_blank\" rel=\"noopener\">sont disponibles sur le site de la ville de Cou\u00ebron.<\/a>Saint-S\u00e9bastien-sur-Loire<\/p>\n<p class=\" wall-content\">Il n\u2019y a pas que les bords de l\u2019Erdre qui m\u00e9rite le d\u00e9tour, il y aussi les bords de Loire \u00e0 Saint-S\u00e9bastien avec la <strong>\u00ab\u00a0balade des six p\u00e8lerins<\/strong>\u00a0\u00bb qui, comme le rappelle le d\u00e9partement de la Loire-Atlantique, est cit\u00e9e par Fran\u00e7ois Rabelais, qui en fait mention au chapitre 38 de Gargantua.<\/p>\n<p class=\" wall-content\">Le circuit dure<strong> environ trois heures<\/strong> et permet de d\u00e9couvrir <strong>l\u2019\u00eele Forget<\/strong>,<strong> l\u2019\u00eele Pinette<\/strong>, la folie de la Gibraye, le<strong> manoir de la Baugerie,<\/strong> la demeure de la Savari\u00e8re et vous pourrez aussi apercevoir <strong>l\u2019\u00eele H\u00e9ron,<\/strong> une r\u00e9serve d\u2019oiseaux.<\/p>\n<p>    <img   decoding=\"async\" loading=\"lazy\" src=\"https:\/\/www.europesays.com\/fr\/wp-content\/uploads\/2025\/08\/station-nuage-vue-960x640.jpg\" alt=\"La Station Nuage est l'une des derni\u00e8res \u0153uvres du Voyage \u00e0 Nantes.\" width=\"960\" height=\"640\"\/><br \/>\n    La Station Nuage est l\u2019une des derni\u00e8res \u0153uvres du Voyage \u00e0 Nantes. (\u00a9Thomas Bernard \/ Actu Nantes)<\/p>\n<p class=\" wall-content\">Si vous avez besoin d\u2019une pause, faites un arr\u00eat \u00e0 la<strong> Station Nuage<\/strong>, une des \u0153uvres du\u00a0<a href=\"https:\/\/actu.fr\/pays-de-la-loire\/nantes_44109\/en-images-le-voyage-a-nantes-devoile-ses-oeuvres-d-art-pour-cet-ete_62575700.html\" target=\"_blank\" rel=\"noopener\">Voyage \u00e0 Nantes<\/a>. Elle a \u00e9t\u00e9 inaugur\u00e9e le 17 juin 2020, sur l\u2019\u00eele Forget. Elle a \u00e9t\u00e9 b\u00e2tie sur d\u2019anciennes \u00e9tables. Des concerts y sont r\u00e9guli\u00e8rement organis\u00e9s.<\/p>\n<p class=\" wall-content\">Suivez toute l\u2019actualit\u00e9 de vos villes et m\u00e9dias favoris en vous inscrivant \u00e0 <a href=\"https:\/\/moncompte.actu.fr\" title=\"D\u00e9couvez Mon Actu\" rel=\"nofollow noopener\" data-trk=\"{&quot;cta&quot;:{&quot;action&quot;:&quot;https:\\\/\\\/moncompte.actu.fr&quot;,&quot;category&quot;:&quot;mon compte&quot;,&quot;from&quot;:&quot;article footer&quot;,&quot;name&quot;:&quot;Mon actu&quot;,&quot;type&quot;:&quot;cta&quot;}}\" target=\"_blank\">Mon Actu<\/a>.<\/p>\n","protected":false},"excerpt":{"rendered":"Par Laure Gentil Publi\u00e9 le 2 ao\u00fbt 2025 \u00e0 12h30 Nantes et sa m\u00e9tropole regorgent de lieux et&hellip;\n","protected":false},"author":2,"featured_media":291191,"comment_status":"","ping_status":"","sticky":false,"template":"","format":"standard","meta":{"footnotes":""},"categories":[2818],"tags":[1111,11,7552,1777,674,3727,1011,27,1652,766,12,2636,25],"class_list":{"0":"post-291190","1":"post","2":"type-post","3":"status-publish","4":"format-standard","5":"has-post-thumbnail","7":"category-nantes","8":"tag-actu","9":"tag-actualites","10":"tag-balade","11":"tag-eu","12":"tag-europe","13":"tag-evasion","14":"tag-fr","15":"tag-france","16":"tag-loisirs-culture","17":"tag-nantes","18":"tag-news","19":"tag-pays-de-la-loire","20":"tag-republique-francaise"},"share_on_mastodon":{"url":"https:\/\/pubeurope.com\/@fr\/114958848834919480","error":""},"_links":{"self":[{"href":"https:\/\/www.europesays.com\/fr\/wp-json\/wp\/v2\/posts\/291190","targetHints":{"allow":["GET"]}}],"collection":[{"href":"https:\/\/www.europesays.com\/fr\/wp-json\/wp\/v2\/posts"}],"about":[{"href":"https:\/\/www.europesays.com\/fr\/wp-json\/wp\/v2\/types\/post"}],"author":[{"embeddable":true,"href":"https:\/\/www.europesays.com\/fr\/wp-json\/wp\/v2\/users\/2"}],"replies":[{"embeddable":true,"href":"https:\/\/www.europesays.com\/fr\/wp-json\/wp\/v2\/comments?post=291190"}],"version-history":[{"count":0,"href":"https:\/\/www.europesays.com\/fr\/wp-json\/wp\/v2\/posts\/291190\/revisions"}],"wp:featuredmedia":[{"embeddable":true,"href":"https:\/\/www.europesays.com\/fr\/wp-json\/wp\/v2\/media\/291191"}],"wp:attachment":[{"href":"https:\/\/www.europesays.com\/fr\/wp-json\/wp\/v2\/media?parent=291190"}],"wp:term":[{"taxonomy":"category","embeddable":true,"href":"https:\/\/www.europesays.com\/fr\/wp-json\/wp\/v2\/categories?post=291190"},{"taxonomy":"post_tag","embeddable":true,"href":"https:\/\/www.europesays.com\/fr\/wp-json\/wp\/v2\/tags?post=291190"}],"curies":[{"name":"wp","href":"https:\/\/api.w.org\/{rel}","templated":true}]}}