{"id":291193,"date":"2025-08-02T11:07:09","date_gmt":"2025-08-02T11:07:09","guid":{"rendered":"https:\/\/www.europesays.com\/fr\/291193\/"},"modified":"2025-08-02T11:07:09","modified_gmt":"2025-08-02T11:07:09","slug":"sur-les-quais-de-bordeaux-la-circulation-interrompue-pendant-plusieurs-nuits","status":"publish","type":"post","link":"https:\/\/www.europesays.com\/fr\/291193\/","title":{"rendered":"Sur les quais de Bordeaux, la circulation interrompue pendant plusieurs nuits"},"content":{"rendered":"<p>            Par<br \/>\n        <strong><br \/>\n            <a href=\"https:\/\/actu.fr\/auteur\/redaction-bordeaux\" title=\"Consulter tous les articles de R\u00e9daction Bordeaux\" target=\"_blank\" rel=\"noopener\">R\u00e9daction Bordeaux<\/a><br \/>\n        <\/strong><\/p>\n<p>        Publi\u00e9 le<\/p>\n<p>            2 ao\u00fbt 2025 \u00e0 12h32        <\/p>\n<p>Du lundi 4 ao\u00fbt au mercredi 6 ao\u00fbt 2025 inclus, les automobilistes devront s\u2019adapter \u00e0 de nouveaux travaux sur les quais de<a href=\"https:\/\/actu.fr\/bordeaux\/\" target=\"_blank\" rel=\"noopener\"> Bordeaux.<\/a> Les travaux d\u2019am\u00e9nagement <a href=\"https:\/\/actu.fr\/nouvelle-aquitaine\/bordeaux_33063\/deux-millions-d-euros-pour-les-travaux-d-une-nouvelle-piste-cyclable-sur-les-quais-de-bordeaux_62113337.html\" target=\"_blank\" rel=\"noopener\">de la piste cyclable de la rive gauche<\/a> entrent dans une nouvelle phase. La r\u00e9alisation des rev\u00eatements d\u00e9finitifs sur les quais des Chartrons et de Bacalan entra\u00eenera des<strong> fermetures de voies chaque nuit,<\/strong> de 20h \u00e0 6h du matin.<\/p>\n<p>Quels voies ferm\u00e9es ?<\/p>\n<p class=\" wall-content\">Pendant ces trois nuits cons\u00e9cutives, la circulation sera interdite sur les quais dans le sens <strong>Bordeaux centre vers la rue Lucien Faure.<\/strong> En revanche, le trafic sera maintenu dans l\u2019autre sens, depuis Lucien Faure vers le centre-ville.<\/p>\n<p class=\" wall-content\">Le quai des Chartrons sera ferm\u00e9 d\u00e8s le carrefour avec le cours de la Martinique.\u00a0Une <strong>d\u00e9viation<\/strong> sera mise en place via\u00a0le cours de la Martinique, le cours Portal et le cours Balguerie Stuttenberg pour rejoindre la rue Lucien Faure.<\/p>\n<p class=\" wall-content\">Les usagers venant du cours du M\u00e9doc ou du cours \u00c9douard Vaillant <strong>ne pourront pas acc\u00e9der aux quais<\/strong> en direction de Lucien Faure.<\/p>\n<p class=\" wall-content\">L\u2019acc\u00e8s au <strong>parking des hangars des quais<\/strong> sera ferm\u00e9 entre 22h et 3h du matin durant les nuits de travaux. La sortie du parking restera cependant accessible \u00e0 tout moment.<\/p>\n<p class=\" wall-content\">Par ailleurs, le stationnement sera <strong>interdit sur le quai des Chartrons,<\/strong> c\u00f4t\u00e9 Garonne.<\/p>\n<p class=\" wall-content\">Les r\u00e9sidents ne seront pas totalement bloqu\u00e9s : la voie de desserte longeant les fa\u00e7ades des immeubles sur les quais des Chartrons et de Bacalan restera <strong>ouverte \u00e0 la circulation.<\/strong><\/p>\n<p class=\" wall-content\">En cas de conditions m\u00e9t\u00e9orologiques d\u00e9favorables, les travaux pourraient \u00eatre <strong>prolong\u00e9s aux nuits suivantes.<\/strong><\/p>\n<p class=\" wall-content\">Suivez toute l\u2019actualit\u00e9 de vos villes et m\u00e9dias favoris en vous inscrivant \u00e0 <a href=\"https:\/\/moncompte.actu.fr\" title=\"D\u00e9couvez Mon Actu\" rel=\"nofollow noopener\" data-trk=\"{&quot;cta&quot;:{&quot;action&quot;:&quot;https:\\\/\\\/moncompte.actu.fr&quot;,&quot;category&quot;:&quot;mon compte&quot;,&quot;from&quot;:&quot;article footer&quot;,&quot;name&quot;:&quot;Mon actu&quot;,&quot;type&quot;:&quot;cta&quot;}}\" target=\"_blank\">Mon Actu<\/a>.<\/p>\n","protected":false},"excerpt":{"rendered":"Par R\u00e9daction Bordeaux Publi\u00e9 le 2 ao\u00fbt 2025 \u00e0 12h32 Du lundi 4 ao\u00fbt au mercredi 6 ao\u00fbt&hellip;\n","protected":false},"author":2,"featured_media":291194,"comment_status":"","ping_status":"","sticky":false,"template":"","format":"standard","meta":{"footnotes":""},"categories":[2817],"tags":[1111,11,1997,1777,674,1011,27,12,2219,4798,12780,25,104,2086],"class_list":{"0":"post-291193","1":"post","2":"type-post","3":"status-publish","4":"format-standard","5":"has-post-thumbnail","7":"category-bordeaux","8":"tag-actu","9":"tag-actualites","10":"tag-bordeaux","11":"tag-eu","12":"tag-europe","13":"tag-fr","14":"tag-france","15":"tag-news","16":"tag-nouvelle-aquitaine","17":"tag-pistes-cyclables","18":"tag-quais-de-bordeaux","19":"tag-republique-francaise","20":"tag-societe","21":"tag-travaux"},"share_on_mastodon":{"url":"https:\/\/pubeurope.com\/@fr\/114958856577375405","error":""},"_links":{"self":[{"href":"https:\/\/www.europesays.com\/fr\/wp-json\/wp\/v2\/posts\/291193","targetHints":{"allow":["GET"]}}],"collection":[{"href":"https:\/\/www.europesays.com\/fr\/wp-json\/wp\/v2\/posts"}],"about":[{"href":"https:\/\/www.europesays.com\/fr\/wp-json\/wp\/v2\/types\/post"}],"author":[{"embeddable":true,"href":"https:\/\/www.europesays.com\/fr\/wp-json\/wp\/v2\/users\/2"}],"replies":[{"embeddable":true,"href":"https:\/\/www.europesays.com\/fr\/wp-json\/wp\/v2\/comments?post=291193"}],"version-history":[{"count":0,"href":"https:\/\/www.europesays.com\/fr\/wp-json\/wp\/v2\/posts\/291193\/revisions"}],"wp:featuredmedia":[{"embeddable":true,"href":"https:\/\/www.europesays.com\/fr\/wp-json\/wp\/v2\/media\/291194"}],"wp:attachment":[{"href":"https:\/\/www.europesays.com\/fr\/wp-json\/wp\/v2\/media?parent=291193"}],"wp:term":[{"taxonomy":"category","embeddable":true,"href":"https:\/\/www.europesays.com\/fr\/wp-json\/wp\/v2\/categories?post=291193"},{"taxonomy":"post_tag","embeddable":true,"href":"https:\/\/www.europesays.com\/fr\/wp-json\/wp\/v2\/tags?post=291193"}],"curies":[{"name":"wp","href":"https:\/\/api.w.org\/{rel}","templated":true}]}}