{"id":291199,"date":"2025-08-02T11:10:10","date_gmt":"2025-08-02T11:10:10","guid":{"rendered":"https:\/\/www.europesays.com\/fr\/291199\/"},"modified":"2025-08-02T11:10:10","modified_gmt":"2025-08-02T11:10:10","slug":"elle-restera-fermee-toute-la-journee","status":"publish","type":"post","link":"https:\/\/www.europesays.com\/fr\/291199\/","title":{"rendered":"elle restera ferm\u00e9e toute la journ\u00e9e"},"content":{"rendered":"<p>            Par<br \/>\n        <strong><br \/>\n            <a href=\"https:\/\/actu.fr\/auteur\/mareva-laville-actu-fr\" title=\"Consulter tous les articles de Mar\u00e9va Laville\" rel=\"nofollow noopener\" target=\"_blank\">Mar\u00e9va Laville<\/a><br \/>\n        <\/strong><\/p>\n<p>        Publi\u00e9 le<\/p>\n<p>            2 ao\u00fbt 2025 \u00e0 12h41        <\/p>\n<p>S\u2019agit-il d\u2019une noyade ? D\u2019un malaise ? Autre chose ? Vendredi 1er ao\u00fbt, vers 17h30, les pompiers sont intervenus pour un homme de 30 ans, aper\u00e7u en train de se noyer dans le bassin de la\u00a0<a href=\"https:\/\/actu.fr\/occitanie\/colomiers_31149\/c-est-un-endroit-unique-dans-l-agglo-de-toulouse-en-plein-pic-de-chaleur-un-espace-nautique-lance-sa-saison_62708907.html\" rel=\"nofollow noopener\" target=\"_blank\"><strong>piscine municipale Jean-Vauch\u00e8re de Colomiers,<\/strong><\/a> pr\u00e8s de <a href=\"http:\/\/www.actu.fr\/toulouse\" rel=\"nofollow noopener\" target=\"_blank\">Toulouse<\/a>.<\/p>\n<p>    <a href=\"https:\/\/www.google.com\/maps\/embed?pb=!1m18!1m12!1m3!1d2888.895087943314!2d1.330264111979564!3d43.608725970983706!2m3!1f0!2f0!3f0!3m2!1i1024!2i768!4f13.1!3m3!1m2!1s0x12aeb0479bd4645f%3A0x207fe8cf00348d2e!2sEspace%20Nautique%20Jean-Vauch%C3%A8re!5e0!3m2!1sfr!2sfr!4v1754129824263!5m2!1sfr!2sfr\" title=\"Ouvrie le lien\" rel=\"nofollow noopener\" target=\"_blank\">Cliquez ici pour visualiser le contenu<\/a><\/p>\n<p>Un homme de 30 ans perd la vie \u00e0 la piscine<\/p>\n<p class=\" wall-content\">\u00ab\u00a0Cela faisait tr\u00e8s peu de temps qu\u2019il \u00e9tait \u00e0 l\u2019eau\u00a0\u00bb lorsque l\u2019accident s\u2019est produit, indique la Ville de Colomiers. \u00ab\u00a0Les ma\u00eetres nageurs sont \u00e9videmment intervenus\u00a0\u00bb, pr\u00e9cise l\u2019\u00e9tablissement \u00e0 Actu Toulouse, <a href=\"https:\/\/www.ladepeche.fr\/2025\/08\/02\/malaise-dun-nageur-dans-une-piscine-municipale-les-secours-nont-pas-pu-le-sauver-12857207.php\" rel=\"nofollow noopener\" target=\"_blank\">confirmant une information de La D\u00e9p\u00eache du Midi.<\/a><\/p>\n<p class=\" wall-content\">Le jeune nageur n\u2019a malheureusement pas pu \u00eatre r\u00e9anim\u00e9 par les secours. Il a \u00e9t\u00e9 d\u00e9clar\u00e9 <strong>d\u00e9c\u00e9d\u00e9 sur place<\/strong>, confirment \u00e9galement les pompiers de Haute-Garonne.\u00a0<\/p>\n<p>Une enqu\u00eate ouverte\u00a0<\/p>\n<p class=\" wall-content\"><strong>Une enqu\u00eate a \u00e9t\u00e9 ouverte<\/strong> par le parquet de Toulouse pour d\u00e9terminer les causes et circonstances de l\u2019accident. Une autopsie aura prochainement lieu.<\/p>\n<p class=\" wall-content\">\u00ab\u00a0Nous ne savons pas s\u2019il s\u2019agit d\u2019une noyade\u00a0\u00bb, assure la Ville de Colomiers. La piste du malaise serait privil\u00e9gi\u00e9e, d\u2019apr\u00e8s les pompiers.<\/p>\n<p>Vid\u00e9os : en ce moment sur ActuLa piscine ferm\u00e9e ce samedi<\/p>\n<p class=\" wall-content\">Le tragique \u00e9v\u00e9nement a chamboul\u00e9 le fonctionnement normal de la piscine municipale.\u00a0 Ce samedi 2 ao\u00fbt 2025, elle reste<a href=\"https:\/\/www.espacenautique-colomiers.com\/a-la-une\/une\/fermeture-exceptionnelle-le-samedi-2-aout-2025\" rel=\"nofollow noopener\" target=\"_blank\"><strong> ferm\u00e9e<\/strong> toute la journ\u00e9e.<\/a> \u00ab\u00a0Il s\u2019agit de nos proc\u00e9dures int\u00e9gr\u00e9es \u00e0 notre plan d\u2019organisation des secours\u00a0\u00bb, pr\u00e9cise le directeur de<a href=\"https:\/\/actu.fr\/occitanie\/colomiers_31149\/pres-de-toulouse-a-la-piscine-il-mouillait-le-maillot-a-l-abri-des-cameras_61605602.html\" rel=\"nofollow noopener\" target=\"_blank\"> l\u2019Espace nautique Jean-Vauch\u00e8re. <\/a><\/p>\n<p class=\" wall-content\">La r\u00e9ouverture, aux horaires habituels, est pr\u00e9vue dimanche 3 ao\u00fbt.<\/p>\n<p class=\" wall-content\">La Ville de Colomiers tient \u00ab\u00a0\u00e0 adresser pens\u00e9es et soutien \u00e0 la famille ainsi qu\u2019aux proches du jeune homme d\u00e9c\u00e9d\u00e9. Elle souhaite \u00e9galement manifester son soutien aux agents de l\u2019espace nautique pour le professionnalisme dont ils ont fait preuve dans de telles circonstances\u00a0\u00bb.<\/p>\n<p class=\" wall-content\">Suivez toute l\u2019actualit\u00e9 de vos villes et m\u00e9dias favoris en vous inscrivant \u00e0 <a href=\"https:\/\/moncompte.actu.fr\" title=\"D\u00e9couvez Mon Actu\" rel=\"nofollow noopener\" data-trk=\"{&quot;cta&quot;:{&quot;action&quot;:&quot;https:\\\/\\\/moncompte.actu.fr&quot;,&quot;category&quot;:&quot;mon compte&quot;,&quot;from&quot;:&quot;article footer&quot;,&quot;name&quot;:&quot;Mon actu&quot;,&quot;type&quot;:&quot;cta&quot;}}\" target=\"_blank\">Mon Actu<\/a>.<\/p>\n","protected":false},"excerpt":{"rendered":"Par Mar\u00e9va Laville Publi\u00e9 le 2 ao\u00fbt 2025 \u00e0 12h41 S\u2019agit-il d\u2019une noyade ? D\u2019un malaise ? Autre&hellip;\n","protected":false},"author":2,"featured_media":291200,"comment_status":"","ping_status":"","sticky":false,"template":"","format":"standard","meta":{"footnotes":""},"categories":[2816],"tags":[1111,11,1777,674,118,1011,27,12,2680,1072,1311,25,2312],"class_list":{"0":"post-291199","1":"post","2":"type-post","3":"status-publish","4":"format-standard","5":"has-post-thumbnail","7":"category-toulouse","8":"tag-actu","9":"tag-actualites","10":"tag-eu","11":"tag-europe","12":"tag-faits-divers","13":"tag-fr","14":"tag-france","15":"tag-news","16":"tag-occitanie","17":"tag-police","18":"tag-pompiers","19":"tag-republique-francaise","20":"tag-toulouse"},"share_on_mastodon":{"url":"https:\/\/pubeurope.com\/@fr\/114958868342088833","error":""},"_links":{"self":[{"href":"https:\/\/www.europesays.com\/fr\/wp-json\/wp\/v2\/posts\/291199","targetHints":{"allow":["GET"]}}],"collection":[{"href":"https:\/\/www.europesays.com\/fr\/wp-json\/wp\/v2\/posts"}],"about":[{"href":"https:\/\/www.europesays.com\/fr\/wp-json\/wp\/v2\/types\/post"}],"author":[{"embeddable":true,"href":"https:\/\/www.europesays.com\/fr\/wp-json\/wp\/v2\/users\/2"}],"replies":[{"embeddable":true,"href":"https:\/\/www.europesays.com\/fr\/wp-json\/wp\/v2\/comments?post=291199"}],"version-history":[{"count":0,"href":"https:\/\/www.europesays.com\/fr\/wp-json\/wp\/v2\/posts\/291199\/revisions"}],"wp:featuredmedia":[{"embeddable":true,"href":"https:\/\/www.europesays.com\/fr\/wp-json\/wp\/v2\/media\/291200"}],"wp:attachment":[{"href":"https:\/\/www.europesays.com\/fr\/wp-json\/wp\/v2\/media?parent=291199"}],"wp:term":[{"taxonomy":"category","embeddable":true,"href":"https:\/\/www.europesays.com\/fr\/wp-json\/wp\/v2\/categories?post=291199"},{"taxonomy":"post_tag","embeddable":true,"href":"https:\/\/www.europesays.com\/fr\/wp-json\/wp\/v2\/tags?post=291199"}],"curies":[{"name":"wp","href":"https:\/\/api.w.org\/{rel}","templated":true}]}}