{"id":291205,"date":"2025-08-02T11:15:11","date_gmt":"2025-08-02T11:15:11","guid":{"rendered":"https:\/\/www.europesays.com\/fr\/291205\/"},"modified":"2025-08-02T11:15:11","modified_gmt":"2025-08-02T11:15:11","slug":"droite-et-ecologistes-secharpent-encore","status":"publish","type":"post","link":"https:\/\/www.europesays.com\/fr\/291205\/","title":{"rendered":"droite et \u00e9cologistes s&rsquo;\u00e9charpent encore"},"content":{"rendered":"<p itemprop=\"description\"><strong>Pas de tr\u00eave estivale entre la droite et les \u00e9cologistes \u00e0 Lyon.<\/strong><\/p>\n<p>Quand ce n&rsquo;est pas <a href=\"https:\/\/www.lyonmag.com\/profil-personnalite-lyonnaise\/8\/jean-michel-aulas\" target=\"_blank\" rel=\"noopener nofollow\">Jean-Michel Aulas<\/a> qui agace vivement les majorit\u00e9s de <a href=\"https:\/\/www.lyonmag.com\/profil-personnalite-lyonnaise\/504\/gregory-doucet\" target=\"_blank\" rel=\"noopener nofollow\">Gr\u00e9gory Doucet<\/a> et <a href=\"https:\/\/www.lyonmag.com\/profil-personnalite-lyonnaise\/518\/bruno-bernard\" target=\"_blank\" rel=\"noopener nofollow\">Bruno Bernard<\/a>, c&rsquo;est <a href=\"https:\/\/www.lyonmag.com\/profil-personnalite-lyonnaise\/512\/pierre-oliver\" target=\"_blank\" rel=\"noopener nofollow\">Pierre Oliver<\/a> qui distribue les coups virtuels pour en r\u00e9colter en retour.<\/p>\n<p>Cette fois, c&rsquo;est autour de <a href=\"https:\/\/www.lyonmag.com\/article\/144026\/la-fin-du-stationnement-gratuit-le-mois-d-aout-a-lyon-actee-ce-jeudi-en-conseil-municipal\" target=\"_blank\" rel=\"noopener nofollow\">la fin du stationnement gratuit en ao\u00fbt<\/a> que les deux camps s&rsquo;affrontent. Pour rappel, la Ville de Lyon avait d\u00e9cid\u00e9 d&rsquo;abandonner cette mesure historique pour r\u00e9cup\u00e9rer la somme esp\u00e9r\u00e9e de 850 000 euros gr\u00e2ce au maintien du stationnement payant toute l&rsquo;ann\u00e9e. Depuis ce vendredi, il faut donc continuer \u00e0 prendre un ticket sous peine d&rsquo;amende sal\u00e9e.<\/p>\n<p>Une d\u00e9cision d\u00e9nonc\u00e9e sur les r\u00e9seaux sociaux par le maire LR du 2e arrondissement. Pierre Oliver estime ainsi que ce sont les familles poss\u00e9dant 2 v\u00e9hicules qui sont le plus impact\u00e9es. Avant de d\u00e9gainer un calcul maison, annon\u00e7ant qu&rsquo;une famille, poss\u00e9dant un second v\u00e9hicule lourd qu&rsquo;elle laisserait gar\u00e9 dans la rue pendant qu&rsquo;elle partirait en vacances, devrait d\u00e9bourser plus de 1000 euros suppl\u00e9mentaires \u00e0 cause de la fin du stationnement gratuit.<\/p>\n<blockquote class=\"twitter-tweet\"><p>&#13;<\/p>\n<p dir=\"ltr\" lang=\"fr\">Pas de baisse de d\u00e9penses, mais toujours plus de taxes.<br \/>\u00c0 Lyon, le stationnement devient une variable d\u2019ajustement budg\u00e9taire. <a href=\"https:\/\/t.co\/0yjJfsD2P2\" rel=\"nofollow\">pic.twitter.com\/0yjJfsD2P2<\/a><\/p>\n<p>&#13;<br \/>\n\u2014 Pierre OLIVER (@poliver69) <a href=\"https:\/\/twitter.com\/poliver69\/status\/1951295774983127262?ref_src=twsrc%5Etfw\" rel=\"nofollow noopener\" target=\"_blank\">August 1, 2025<\/a><\/p><\/blockquote>\n<p>\u00ab\u00a0Comme d\u00e9j\u00e0 \u00e9voqu\u00e9 en conseil d&rsquo;arrondissement, le cas que vous d\u00e9crivez n&rsquo;existe pas. Personne ne paye tous les jours plusieurs heures pour stationner un v\u00e9hicule sans abonnement. C&rsquo;est donc encore une fake news\u00a0\u00bb, a r\u00e9torqu\u00e9 l&rsquo;adjoint au maire de Lyon charg\u00e9 de la Voirie <a href=\"https:\/\/www.lyonmag.com\/profil-personnalite-lyonnaise\/560\/valentin-lungenstrass\" target=\"_blank\" rel=\"noopener nofollow\">Valentin Lungenstrass<\/a>.<\/p>\n<p>\t\t  <script async src=\"https:\/\/platform.twitter.com\/widgets.js\" charset=\"utf-8\"><\/script><\/p>\n","protected":false},"excerpt":{"rendered":"Pas de tr\u00eave estivale entre la droite et les \u00e9cologistes \u00e0 Lyon. Quand ce n&rsquo;est pas Jean-Michel Aulas&hellip;\n","protected":false},"author":2,"featured_media":291206,"comment_status":"","ping_status":"","sticky":false,"template":"","format":"standard","meta":{"footnotes":""},"categories":[1889],"tags":[1111,11,2813,2190,2430,1109,251,1112,2811,1777,674,118,1011,27,1922,1110,1114,2428,2810,12,241,316,25,2812,517,800],"class_list":{"0":"post-291205","1":"post","2":"type-post","3":"status-publish","4":"format-standard","5":"has-post-thumbnail","7":"category-lyon","8":"tag-actu","9":"tag-actualites","10":"tag-article","11":"tag-asvel","12":"tag-auvergne-rhone-alpes","13":"tag-breves","14":"tag-culture","15":"tag-depeches","16":"tag-economique","17":"tag-eu","18":"tag-europe","19":"tag-faits-divers","20":"tag-fr","21":"tag-france","22":"tag-info","23":"tag-informations","24":"tag-infos","25":"tag-lyon","26":"tag-lyonmag","27":"tag-news","28":"tag-ol","29":"tag-politique","30":"tag-republique-francaise","31":"tag-sociale","32":"tag-sport","33":"tag-transports"},"share_on_mastodon":{"url":"https:\/\/pubeurope.com\/@fr\/114958888098317983","error":""},"_links":{"self":[{"href":"https:\/\/www.europesays.com\/fr\/wp-json\/wp\/v2\/posts\/291205","targetHints":{"allow":["GET"]}}],"collection":[{"href":"https:\/\/www.europesays.com\/fr\/wp-json\/wp\/v2\/posts"}],"about":[{"href":"https:\/\/www.europesays.com\/fr\/wp-json\/wp\/v2\/types\/post"}],"author":[{"embeddable":true,"href":"https:\/\/www.europesays.com\/fr\/wp-json\/wp\/v2\/users\/2"}],"replies":[{"embeddable":true,"href":"https:\/\/www.europesays.com\/fr\/wp-json\/wp\/v2\/comments?post=291205"}],"version-history":[{"count":0,"href":"https:\/\/www.europesays.com\/fr\/wp-json\/wp\/v2\/posts\/291205\/revisions"}],"wp:featuredmedia":[{"embeddable":true,"href":"https:\/\/www.europesays.com\/fr\/wp-json\/wp\/v2\/media\/291206"}],"wp:attachment":[{"href":"https:\/\/www.europesays.com\/fr\/wp-json\/wp\/v2\/media?parent=291205"}],"wp:term":[{"taxonomy":"category","embeddable":true,"href":"https:\/\/www.europesays.com\/fr\/wp-json\/wp\/v2\/categories?post=291205"},{"taxonomy":"post_tag","embeddable":true,"href":"https:\/\/www.europesays.com\/fr\/wp-json\/wp\/v2\/tags?post=291205"}],"curies":[{"name":"wp","href":"https:\/\/api.w.org\/{rel}","templated":true}]}}