{"id":291211,"date":"2025-08-02T11:19:13","date_gmt":"2025-08-02T11:19:13","guid":{"rendered":"https:\/\/www.europesays.com\/fr\/291211\/"},"modified":"2025-08-02T11:19:13","modified_gmt":"2025-08-02T11:19:13","slug":"le-paris-fc-tend-la-main-au-barca","status":"publish","type":"post","link":"https:\/\/www.europesays.com\/fr\/291211\/","title":{"rendered":"Le Paris FC tend la main au Bar\u00e7a"},"content":{"rendered":"<p class=\"pf0\"><strong>Ambitieux dans son recrutement, le Paris FC n\u2019a pas peur de piocher dans l\u2019effectif du FC Barcelone. Le promu s\u2019int\u00e9resse au jeune Hector Fort dont le d\u00e9part ferait les affaires du club catalan.<\/strong><\/p>\n<p class=\"pf0\">Le <a href=\"https:\/\/www.foot01.com\/equipe\/parisfc\/\" target=\"_blank\" rel=\"noopener nofollow\">Paris FC<\/a> sera l\u2019une des attractions de la prochaine saison de Ligue 1. Avec sa puissance financi\u00e8re, le club de la famille Arnault n\u2019est pas un promu comme les autres. Ce que confirme son recrutement. Le voisin du Paris Saint-Germain ne fera pas de folies sur le march\u00e9 des transferts. Mais les pistes \u00e9tudi\u00e9es montrent bien son ambition. Le nouveau pensionnaire du Stade Jean-Bouin a par exemple attir\u00e9 l\u2019ailier nig\u00e9rian Moses Simon en provenance du FC Nantes. Audacieux, le Paris FC a m\u00eame tent\u00e9 d\u2019arracher le capitaine du LOSC Benjamin Andr\u00e9. <\/p>\n<blockquote class=\"twitter-tweet\"><p>&#13;<\/p>\n<p lang=\"fr\" dir=\"ltr\">Le Paris FC paie 3,5ME pour avoir son capitaine <a href=\"https:\/\/t.co\/fX1sRIooFu\" rel=\"nofollow\">https:\/\/t.co\/fX1sRIooFu<\/a><\/p>\n<p>&#13;<br \/>\n\u2014 Foot01.com (@Foot01_com) <a href=\"https:\/\/twitter.com\/Foot01_com\/status\/1950451863528046969?ref_src=twsrc%5Etfw\" rel=\"nofollow noopener\" target=\"_blank\">July 30, 2025<\/a><\/p><\/blockquote>\n<p class=\"pf0\">Et maintenant, le voil\u00e0 pr\u00eat \u00e0 piocher dans l\u2019effectif du FC Barcelone. Sur les conseils de son actionnaire Red Bull, le promu s\u2019est effectivement renseign\u00e9 sur la situation d\u2019Hector Fort (19 ans). Le profil du jeune lat\u00e9ral droit correspond aux attentes du club francilien qui consid\u00e8re n\u00e9anmoins l\u2019Espagnol comme une alternative. Pour le moment, le Paris FC tente toujours d\u2019obtenir la signature du Malien Hamari Traor\u00e9. Un accord aurait \u00e9t\u00e9 trouv\u00e9 avec la Real Sociedad pour un transfert \u00e0 3,5 millions d\u2019euros. Mais l\u2019ancien joueur du Stade Rennais serait encore en r\u00e9flexion.<\/p>\n<p>Le Bar\u00e7a n&rsquo;attend que \u00e7a<\/p>\n<p class=\"pf0\">En cas de refus, les Parisiens pourraient bien creuser la piste Hector Fort. Le FC Barcelone ne s\u2019en plaindrait pas. Bien au contraire ! Barr\u00e9 par Jules Kound\u00e9 et par Eric Garcia, l\u2019international U19 espagnol a peu de chances d\u2019obtenir un temps de jeu correcte. C\u2019est d\u2019ailleurs la raison pour laquelle le Bar\u00e7a, qui a besoin de vendre pour inscrire ses recrues, aimerait se s\u00e9parer de son lat\u00e9ral form\u00e9 \u00e0 la Masia. Une belle opportunit\u00e9 pour le Paris FC.<\/p>\n<p>          <script async src=\"https:\/\/platform.twitter.com\/widgets.js\" charset=\"utf-8\"><\/script><\/p>\n","protected":false},"excerpt":{"rendered":"Ambitieux dans son recrutement, le Paris FC n\u2019a pas peur de piocher dans l\u2019effectif du FC Barcelone. Le&hellip;\n","protected":false},"author":2,"featured_media":291212,"comment_status":"","ping_status":"","sticky":false,"template":"","format":"standard","meta":{"footnotes":""},"categories":[1888],"tags":[1111,1928,11,1927,1777,674,1011,27,12,1926,626,1925,25],"class_list":{"0":"post-291211","1":"post","2":"type-post","3":"status-publish","4":"format-standard","5":"has-post-thumbnail","7":"category-paris","8":"tag-actu","9":"tag-actu-paris","10":"tag-actualites","11":"tag-actualites-paris","12":"tag-eu","13":"tag-europe","14":"tag-fr","15":"tag-france","16":"tag-news","17":"tag-news-paris","18":"tag-paris","19":"tag-paris-news","20":"tag-republique-francaise"},"share_on_mastodon":{"url":"https:\/\/pubeurope.com\/@fr\/114958903917140187","error":""},"_links":{"self":[{"href":"https:\/\/www.europesays.com\/fr\/wp-json\/wp\/v2\/posts\/291211","targetHints":{"allow":["GET"]}}],"collection":[{"href":"https:\/\/www.europesays.com\/fr\/wp-json\/wp\/v2\/posts"}],"about":[{"href":"https:\/\/www.europesays.com\/fr\/wp-json\/wp\/v2\/types\/post"}],"author":[{"embeddable":true,"href":"https:\/\/www.europesays.com\/fr\/wp-json\/wp\/v2\/users\/2"}],"replies":[{"embeddable":true,"href":"https:\/\/www.europesays.com\/fr\/wp-json\/wp\/v2\/comments?post=291211"}],"version-history":[{"count":0,"href":"https:\/\/www.europesays.com\/fr\/wp-json\/wp\/v2\/posts\/291211\/revisions"}],"wp:featuredmedia":[{"embeddable":true,"href":"https:\/\/www.europesays.com\/fr\/wp-json\/wp\/v2\/media\/291212"}],"wp:attachment":[{"href":"https:\/\/www.europesays.com\/fr\/wp-json\/wp\/v2\/media?parent=291211"}],"wp:term":[{"taxonomy":"category","embeddable":true,"href":"https:\/\/www.europesays.com\/fr\/wp-json\/wp\/v2\/categories?post=291211"},{"taxonomy":"post_tag","embeddable":true,"href":"https:\/\/www.europesays.com\/fr\/wp-json\/wp\/v2\/tags?post=291211"}],"curies":[{"name":"wp","href":"https:\/\/api.w.org\/{rel}","templated":true}]}}