{"id":291213,"date":"2025-08-02T11:20:19","date_gmt":"2025-08-02T11:20:19","guid":{"rendered":"https:\/\/www.europesays.com\/fr\/291213\/"},"modified":"2025-08-02T11:20:19","modified_gmt":"2025-08-02T11:20:19","slug":"mercato-toujours-plus-ambitieux-le-paris-fc-se-renseigne-sur-le-prometteur-hector-fort-du-barca","status":"publish","type":"post","link":"https:\/\/www.europesays.com\/fr\/291213\/","title":{"rendered":"Mercato. Toujours plus ambitieux, le Paris FC se renseigne sur le prometteur Hector Fort du Bar\u00e7a ."},"content":{"rendered":"<p>C\u2019est un promu qui n\u2019en a pas l\u2019air. Alors qu\u2019il s\u2019appr\u00eate \u00e0 disputer la premi\u00e8re saison de son histoire en Ligue 1 (le club avait connu la D1\u00a0dans les ann\u00e9es 70), le Paris FC veut se donner les moyens de ses ambitions. <a href=\"https:\/\/rennes.maville.com\/sport\/detail_-ligue-2.-le-paris-fc-officiellement-rachete-par-la-famille-arnault-avec-le-soutien-de-red-bull-_54135-6575668_actu.Htm\" target=\"_self\" rel=\"noopener\">Rachet\u00e9 par la famille Arnault et le groupe Red Bull<\/a>, le club de la capitale souhaite b\u00e2tir un effectif largement comp\u00e9titif et n\u2019a semble-t-il pas tellement de limites. Pour preuve, il a d\u00e9j\u00e0 d\u00e9pens\u00e9 35\u00a0millions d\u2019euros cet \u00e9t\u00e9 pour recruter des joueurs comme Ot\u00e1vio (17\u00a0M\u20ac), Nhoa Sangui (9,5 M\u20ac), <a href=\"https:\/\/nantes.maville.com\/sport\/detail_-fc-nantes.-un-dernier-match-amical-face-au-paris-fc-a-la-beaujoire-pour-des-retrouvailles-avec-simon-_52716-6909709_actu.Htm\" target=\"_self\" rel=\"noopener\">Moses Simon (7\u00a0M\u20ac)<\/a> ou encore Thibault De Smet (1,5 M\u20ac).<\/p>\n<p>Fort au cas o\u00f9 Traor\u00e9 ne venait pas\u00a0?<\/p>\n<p>Actuellement, c\u2019est le poste de lat\u00e9ral droit qui occupe l\u2019esprit du staff et des dirigeants parisiens. <a href=\"https:\/\/rennes.maville.com\/sport\/detail_-mercato-paris-fc.-l-ancien-rennais-hamari-traore-en-passe-de-revenir-en-ligue-1-_54135-6918661_actu.Htm\" target=\"_self\" rel=\"noopener\">D\u2019accord avec la Real Sociedad pour Hamari Traor\u00e9<\/a>, le PFC est en n\u00e9gociations avec le joueur pour le faire signer. Mais \u00e0 deux semaines de la reprise du championnat, il n\u2019est pas question de n\u00e9gliger la moindre piste. <a href=\"https:\/\/www.lequipe.fr\/Football\/Actualites\/Mercato-le-paris-fc-se-renseigne-sur-hector-fort-lateral-du-barca-de-18-ans\/1582449\" target=\"_self\" rel=\"noopener\">Selon <\/a>  <a href=\"https:\/\/www.lequipe.fr\/Football\/Actualites\/Mercato-le-paris-fc-se-renseigne-sur-hector-fort-lateral-du-barca-de-18-ans\/1582449\" target=\"_self\" rel=\"noopener\">L\u2019\u00c9quipe<\/a> , le club s\u2019est renseign\u00e9 sur Hector Fort, jeune lat\u00e9ral droit de 18\u00a0ans et qui a d\u00e9j\u00e0 acquis du temps de jeu avec le grand FC Barcelone.<\/p>\n<p>L\u2019international espagnol U19 a particip\u00e9 avec les Catalans \u00e0 24\u00a0rencontres de Liga, dont neuf en tant que titulaire, et trois de Ligue des champions (une titularisation contre Antwerp en d\u00e9cembre\u00a02023). <a href=\"https:\/\/rennes.maville.com\/sport\/detail_-amical.-porte-par-un-grand-lamine-yamal-le-fc-barcelone-corrige-le-fc-seoul-sur-sa-pelouse-_54135-6920214_actu.Htm\" target=\"_self\" rel=\"noopener\">Rempla\u00e7ant lors du match amical face \u00e0 S\u00e9oul (7-3)<\/a>, il est entr\u00e9 en jeu pour la deuxi\u00e8me p\u00e9riode \u00e0 la place de Jules Kound\u00e9. Hector Fort est consid\u00e9r\u00e9 comme l\u2019un des plus grands prospects du Bar\u00e7a.<\/p>\n<p>\u00a0<\/p>\n","protected":false},"excerpt":{"rendered":"C\u2019est un promu qui n\u2019en a pas l\u2019air. Alors qu\u2019il s\u2019appr\u00eate \u00e0 disputer la premi\u00e8re saison de son&hellip;\n","protected":false},"author":2,"featured_media":291214,"comment_status":"","ping_status":"","sticky":false,"template":"","format":"standard","meta":{"footnotes":""},"categories":[1888],"tags":[1111,1928,11,1927,3809,1465,1777,674,63,1011,27,4044,1792,1922,12,1926,626,1925,25,479,517,1470],"class_list":{"0":"post-291213","1":"post","2":"type-post","3":"status-publish","4":"format-standard","5":"has-post-thumbnail","7":"category-paris","8":"tag-actu","9":"tag-actu-paris","10":"tag-actualites","11":"tag-actualites-paris","12":"tag-ball","13":"tag-basket","14":"tag-eu","15":"tag-europe","16":"tag-football","17":"tag-fr","18":"tag-france","19":"tag-guingamp","20":"tag-handball","21":"tag-info","22":"tag-news","23":"tag-news-paris","24":"tag-paris","25":"tag-paris-news","26":"tag-republique-francaise","27":"tag-rugby","28":"tag-sport","29":"tag-volley"},"share_on_mastodon":{"url":"https:\/\/pubeurope.com\/@fr\/114958907745628545","error":""},"_links":{"self":[{"href":"https:\/\/www.europesays.com\/fr\/wp-json\/wp\/v2\/posts\/291213","targetHints":{"allow":["GET"]}}],"collection":[{"href":"https:\/\/www.europesays.com\/fr\/wp-json\/wp\/v2\/posts"}],"about":[{"href":"https:\/\/www.europesays.com\/fr\/wp-json\/wp\/v2\/types\/post"}],"author":[{"embeddable":true,"href":"https:\/\/www.europesays.com\/fr\/wp-json\/wp\/v2\/users\/2"}],"replies":[{"embeddable":true,"href":"https:\/\/www.europesays.com\/fr\/wp-json\/wp\/v2\/comments?post=291213"}],"version-history":[{"count":0,"href":"https:\/\/www.europesays.com\/fr\/wp-json\/wp\/v2\/posts\/291213\/revisions"}],"wp:featuredmedia":[{"embeddable":true,"href":"https:\/\/www.europesays.com\/fr\/wp-json\/wp\/v2\/media\/291214"}],"wp:attachment":[{"href":"https:\/\/www.europesays.com\/fr\/wp-json\/wp\/v2\/media?parent=291213"}],"wp:term":[{"taxonomy":"category","embeddable":true,"href":"https:\/\/www.europesays.com\/fr\/wp-json\/wp\/v2\/categories?post=291213"},{"taxonomy":"post_tag","embeddable":true,"href":"https:\/\/www.europesays.com\/fr\/wp-json\/wp\/v2\/tags?post=291213"}],"curies":[{"name":"wp","href":"https:\/\/api.w.org\/{rel}","templated":true}]}}