{"id":291215,"date":"2025-08-02T11:21:09","date_gmt":"2025-08-02T11:21:09","guid":{"rendered":"https:\/\/www.europesays.com\/fr\/291215\/"},"modified":"2025-08-02T11:21:09","modified_gmt":"2025-08-02T11:21:09","slug":"en-1916-saint-denis-se-reveillait-en-ruines-apres-lexplosion-dun-depot-de-munitions","status":"publish","type":"post","link":"https:\/\/www.europesays.com\/fr\/291215\/","title":{"rendered":"En 1916, Saint-Denis se r\u00e9veillait en ruines apr\u00e8s l&rsquo;explosion d&rsquo;un d\u00e9p\u00f4t de munitions"},"content":{"rendered":"<p>            Par<br \/>\n        <strong><br \/>\n            <a href=\"https:\/\/actu.fr\/auteur\/antoine-blanchet\" title=\"Consulter tous les articles de Antoine Blanchet\" rel=\"nofollow noopener\" target=\"_blank\">Antoine Blanchet<\/a><br \/>\n        <\/strong><\/p>\n<p>        Publi\u00e9 le<\/p>\n<p>            2 ao\u00fbt 2025 \u00e0 9h04        <\/p>\n<p>Ce 4 mars 1916, les explosions ne sont pas rares sur le territoire fran\u00e7ais. La <a href=\"https:\/\/actu.fr\/bretagne\/loudeac_22136\/14-18-y-un-siecle-bataille-verdun_3899982.html\" rel=\"nofollow noopener\" target=\"_blank\">bataille de Verdun<\/a> fait rage et chaque jour des milliers de soldats p\u00e9rissent souffl\u00e9s par les obus et d\u00e9chiquet\u00e9s par les shrapnels. Pourtant, ce jour-l\u00e0, une de ces nombreuses d\u00e9tonations va avoir un important retentissement. Loin du front, elle s\u2019est produite au c\u0153ur de la r\u00e9gion parisienne. \u00c0 <a href=\"https:\/\/actu.fr\/ile-de-france\/saint-denis_93066\" rel=\"nofollow noopener\" target=\"_blank\">Saint-Denis<\/a>. Sur les civi\u00e8res, des soldats, mais aussi des femmes et des enfants. Retour sur ce drame qui fit <strong>27 victimes<\/strong>.\u00a0<\/p>\n<p>Le nord de la ville d\u00e9vast\u00e9<\/p>\n<p class=\" wall-content\">Il est 9h30 lorsque des petites d\u00e9tonations, puis terrible d\u00e9flagration se produisent au nord de Saint-Denis. Le lieu de provenance de l\u2019explosion : une courtine du<strong> fort des Deux-Couronnes<\/strong>. Construit en 1840 en m\u00eame temps que <a href=\"https:\/\/actu.fr\/ile-de-france\/paris_75056\/le-peripherique-de-paris-a-50-ans-son-histoire-en-cinq-anecdotes_59175952.html\" rel=\"nofollow noopener\" target=\"_blank\">l\u2019enceinte de Thiers<\/a> pour prot\u00e9ger <a href=\"https:\/\/actu.fr\/paris\/\" rel=\"nofollow noopener\" target=\"_blank\">Paris<\/a>, le lieu stockait un nombre important de munitions. Ce dernier se trouve tout au nord de la commune de <a href=\"https:\/\/actu.fr\/ile-de-france\/seine-saint-denis_93\" rel=\"nofollow noopener\" target=\"_blank\">Seine-Saint-Denis<\/a>, pr\u00e8s du chemin menant \u00e0 <a href=\"https:\/\/actu.fr\/ile-de-france\/pierrefitte-sur-seine_93059\" rel=\"nofollow noopener\" target=\"_blank\">Pierrefitte<\/a>.\u00a0<\/p>\n<p class=\" wall-content\">La d\u00e9tonation ravage une partie du fort, mais pas que. \u00ab\u00a0Des pierres de toutes dimensions, des pav\u00e9s, des \u00e9clats de grenades et d\u2019obus furent projet\u00e9s sur les maisons environnantes\u00a0\u00bb, rapporte Le Journal dans son \u00e9dition du 5 mars 2016. Les b\u00e2timents sont \u00e9ventr\u00e9s, les arbres d\u00e9racin\u00e9s, les vitres bris\u00e9es. \u00ab\u00a0Deux voitures de tramway \u00e9lectrique faisant le service ont eu leurs vitres r\u00e9duites en poussi\u00e8res\u00a0\u00bb, relate Le Petit Parisien. Jusqu\u2019\u00e0 500 m\u00e8tres autour du fort, les secousses ont \u00e9t\u00e9 importantes. D\u2019Argenteuil \u00e0 l\u2019h\u00f4pital des Quinze-Vingts (Paris 12), l\u2019explosion est ressentie.\u00a0<\/p>\n<p class=\" wall-content\">Un peu partout, des cadavres. Ici une vendeuse de journaux tu\u00e9e dans l\u2019effondrement de son kiosque. L\u00e0 un m\u00e9canicien retrouv\u00e9 sur le si\u00e8ge d\u2019une automobile r\u00e9duite en miettes. Les cercueils des civils et militaires sont regroup\u00e9s dans une salle de la caserne des zouaves.\u00a0 Sous l\u2019autorit\u00e9 d\u2019un officier d\u2019artillerie, les soldats d\u00e9blaient les nombreux gravats \u00e0 la recherche de corps. Non-loin, la police met en place des barrages pour contenir les habitants \u00e0 la recherche de proches disparus. Le<strong> pr\u00e9sident de la R\u00e9publique de l\u2019\u00e9poque Raymond Poincar\u00e9<\/strong> se rend aussi sur place.\u00a0<\/p>\n<p>La chute d\u2019une caisse de grenade ?\u00a0<\/p>\n<p class=\" wall-content\">Tr\u00e8s vite, une enqu\u00eate est diligent\u00e9e. En ces temps de guerre totale, on craint une man\u0153uvre de l\u2019ennemi allemand. Pas de conspiration des poudres cependant. L\u2019origine du drame serait accidentelle. Des soldats qui transportaient une caisse de grenades l\u2019auraient faite tomber au sol. La suite est une succession d\u2019explosions\u00a0\u00a0<\/p>\n<p class=\" wall-content\">Le 8 mars, les fun\u00e9railles des victimes sont c\u00e9l\u00e9br\u00e9es en grande pompe dans la commune dinoysienne. La foule est nombreuse et les couronnes de fleurs envoy\u00e9es par les institutions s\u2019amoncellent sur les convois fun\u00e9raires. \u00ab\u00a0Plusieurs usines locales, sur l\u2019invitation de la municipalit\u00e9, ont ch\u00f4m\u00e9 partiellement pour permettre \u00e0 leur personnel de grossir les rangs\u00a0\u00bb, raconte Le Petit Parisien.\u00a0<\/p>\n<p>Une avanc\u00e9e dans l\u2019indemnisation des victimes\u00a0<\/p>\n<p class=\" wall-content\">Apr\u00e8s le temps de la douleur du deuil vient celui de l\u2019attente des indemnisations. Plusieurs entreprises victimes demandent des d\u00e9dommagements \u00e0 l\u2019\u00c9tat. Ces demandes ont \u00e9t\u00e9 rejet\u00e9e par le minist\u00e8re de la Guerre en 1872. Le <a href=\"https:\/\/actu.fr\/tag\/conseil-d-etat\" rel=\"nofollow noopener\" target=\"_blank\">Conseil d\u2019\u00c9tat<\/a> est alors saisi pour trancher cette \u00e9pineuse question.\u00a0<\/p>\n<p class=\" wall-content\">L\u2019institution va finalement se ranger du c\u00f4t\u00e9 des victimes dans une d\u00e9cision du 28 mars 1919. La raison : <strong>la mauvaise gestion des stocks d\u2019explosifs<\/strong> ayant conduit au drame.<\/p>\n<p class=\" wall-content\">\u00ab\u00a0Consid\u00e9rant qu\u2019il r\u00e9sulte de l\u2019instruction que, d\u00e8s l\u2019ann\u00e9e 1915, l\u2019autorit\u00e9 militaire avait accumul\u00e9 une grande quantit\u00e9 de grenades dans les casemates du Fort, situ\u00e9 \u00e0 proximit\u00e9 des habitations d\u2019une agglom\u00e9ration importante ; qu\u2019elle proc\u00e9dait, en outre, constamment \u00e0 la manutention de ces engins dangereux, en vue d\u2019alimenter rapidement les arm\u00e9es en campagne ; que ces op\u00e9rations, effectu\u00e9es dans des conditions d\u2019organisation sommaires, sous l\u2019empire des n\u00e9cessit\u00e9s militaires, comportaient des risques exc\u00e9dant les limites de ceux qui r\u00e9sultent normalement du voisinage ; et que de tels risques \u00e9taient de nature, en cas d\u2019accident survenu en dehors de tout fait de guerre, \u00e0 engager, ind\u00e9pendamment de toute faute, la responsabilit\u00e9 de l\u2019Etat\u00a0\u00bb.\u00a0<\/p>\n<p class=\" wall-content\">L\u2019\u00c9tat fran\u00e7ais est donc consid\u00e9r\u00e9 comme responsable sans avoir commis de fautes. Cette d\u00e9cision va faire jurisprudence pour la post\u00e9rit\u00e9.\u00a0<\/p>\n<p class=\" wall-content\">Aujourd\u2019hui, le fort de la Double Couronne n\u2019existe plus. \u00c0 la place, des ensembles de logements ont \u00e9t\u00e9 b\u00e2tis. Des \u00e9quipements sportifs ainsi <a href=\"https:\/\/actu.fr\/tag\/ratp\" rel=\"nofollow noopener\" target=\"_blank\">qu\u2019un centre de bus de la RATP<\/a>.\u00a0<\/p>\n<p class=\" wall-content\">Suivez toute l\u2019actualit\u00e9 de vos villes et m\u00e9dias favoris en vous inscrivant \u00e0 <a href=\"https:\/\/moncompte.actu.fr\" title=\"D\u00e9couvez Mon Actu\" rel=\"nofollow noopener\" data-trk=\"{&quot;cta&quot;:{&quot;action&quot;:&quot;https:\\\/\\\/moncompte.actu.fr&quot;,&quot;category&quot;:&quot;mon compte&quot;,&quot;from&quot;:&quot;article footer&quot;,&quot;name&quot;:&quot;Mon actu&quot;,&quot;type&quot;:&quot;cta&quot;}}\" target=\"_blank\">Mon Actu<\/a>.<\/p>\n","protected":false},"excerpt":{"rendered":"Par Antoine Blanchet Publi\u00e9 le 2 ao\u00fbt 2025 \u00e0 9h04 Ce 4 mars 1916, les explosions ne sont&hellip;\n","protected":false},"author":2,"featured_media":291216,"comment_status":"","ping_status":"","sticky":false,"template":"","format":"standard","meta":{"footnotes":""},"categories":[1888],"tags":[119,11,1777,674,118,1011,27,937,12,626,25],"class_list":{"0":"post-291215","1":"post","2":"type-post","3":"status-publish","4":"format-standard","5":"has-post-thumbnail","7":"category-paris","8":"tag-accident","9":"tag-actualites","10":"tag-eu","11":"tag-europe","12":"tag-faits-divers","13":"tag-fr","14":"tag-france","15":"tag-histoire","16":"tag-news","17":"tag-paris","18":"tag-republique-francaise"},"share_on_mastodon":{"url":"https:\/\/pubeurope.com\/@fr\/114958913654053571","error":""},"_links":{"self":[{"href":"https:\/\/www.europesays.com\/fr\/wp-json\/wp\/v2\/posts\/291215","targetHints":{"allow":["GET"]}}],"collection":[{"href":"https:\/\/www.europesays.com\/fr\/wp-json\/wp\/v2\/posts"}],"about":[{"href":"https:\/\/www.europesays.com\/fr\/wp-json\/wp\/v2\/types\/post"}],"author":[{"embeddable":true,"href":"https:\/\/www.europesays.com\/fr\/wp-json\/wp\/v2\/users\/2"}],"replies":[{"embeddable":true,"href":"https:\/\/www.europesays.com\/fr\/wp-json\/wp\/v2\/comments?post=291215"}],"version-history":[{"count":0,"href":"https:\/\/www.europesays.com\/fr\/wp-json\/wp\/v2\/posts\/291215\/revisions"}],"wp:featuredmedia":[{"embeddable":true,"href":"https:\/\/www.europesays.com\/fr\/wp-json\/wp\/v2\/media\/291216"}],"wp:attachment":[{"href":"https:\/\/www.europesays.com\/fr\/wp-json\/wp\/v2\/media?parent=291215"}],"wp:term":[{"taxonomy":"category","embeddable":true,"href":"https:\/\/www.europesays.com\/fr\/wp-json\/wp\/v2\/categories?post=291215"},{"taxonomy":"post_tag","embeddable":true,"href":"https:\/\/www.europesays.com\/fr\/wp-json\/wp\/v2\/tags?post=291215"}],"curies":[{"name":"wp","href":"https:\/\/api.w.org\/{rel}","templated":true}]}}