{"id":291219,"date":"2025-08-02T11:23:10","date_gmt":"2025-08-02T11:23:10","guid":{"rendered":"https:\/\/www.europesays.com\/fr\/291219\/"},"modified":"2025-08-02T11:23:10","modified_gmt":"2025-08-02T11:23:10","slug":"direct-guerre-en-ukraine-des-attaques-de-drones-ukrainiens-ont-fait-3-morts-et-detruit-des-cibles-industrielles-dans-3-regions-de-russie","status":"publish","type":"post","link":"https:\/\/www.europesays.com\/fr\/291219\/","title":{"rendered":"DIRECT. Guerre en Ukraine\u00a0: des attaques de drones ukrainiens ont fait 3 morts et d\u00e9truit des cibles industrielles dans 3 r\u00e9gions de Russie"},"content":{"rendered":"<p>12h09.L\u2019Ukraine revendique des frappes contre plusieurs sites industriels russes<\/p>\n<p class=\"live-post__amorce\">Le service de s\u00e9curit\u00e9 ukrainien (SBU) et l\u2019arm\u00e9e ont affirm\u00e9 samedi avoir men\u00e9, \u00ab\u00a0avec succ\u00e8s\u00a0\u00bb, des frappes sur des \u00ab\u00a0cibles russes v\u00e9rifi\u00e9es impliqu\u00e9es dans l\u2019agression arm\u00e9e\u00a0\u00bb contre l\u2019Ukraine. Selon l\u2019\u00e9tat-major, deux raffineries, \u00e0 Riazan et Novokou\u00efbychevsk (Samara), ainsi qu\u2019une usine de carburants \u00e0 Voronej et une entreprise militaro-industrielle \u00e0 Penza ont \u00e9t\u00e9 touch\u00e9es. \u00ab\u00a0De nombreuses explosions et incendies ont \u00e9t\u00e9 enregistr\u00e9s sur les territoires de ces usines\u00a0\u00bb, pr\u00e9cise l\u2019arm\u00e9e sur Telegram. Le SBU a confirm\u00e9 que des drones avaient frapp\u00e9 l\u2019usine de Penza, o\u00f9 \u00ab\u00a0de la fum\u00e9e est visible dans la zone des explosions\u00a0\u00bb, et mentionne aussi le terrain militaire de Primorsko-Akhtarsk, \u00e0 Krasnodar.<\/p>\n<p>07h17.Trois morts en Russie dans des frappes ukrainiennes<\/p>\n<p class=\"live-post__amorce\">Trois personnes ont \u00e9t\u00e9 tu\u00e9es en Russie lors de frappes de drones ukrainiennes dans la nuit de vendredi \u00e0 samedi, dans les r\u00e9gions de Rostov, Penza et Samara, ont annonc\u00e9 les autorit\u00e9s locales. Dans la r\u00e9gion de Samara, \u00ab\u00a0un homme \u00e2g\u00e9\u00a0\u00bb est mort alors qu\u2019\u00a0\u00bbil se trouvait \u00e0 l&rsquo;int\u00e9rieur d&rsquo;une maison de campagne qui a pris feu en raison de la chute de d\u00e9bris de drones\u00a0\u00bb, a indiqu\u00e9 le gouverneur Viatcheslav Fedorichtchev. Dans la r\u00e9gion de Penza, \u00ab\u00a0une femme est morte\u00a0\u00bb et deux autres personnes ont \u00e9t\u00e9 bless\u00e9es lors d\u2019une attaque de drones, selon le gouverneur Oleg Melnitchenko. \u00c0 Rostov, \u00ab\u00a0l&rsquo;arm\u00e9e a repouss\u00e9 une attaque massive\u00a0\u00bb, a affirm\u00e9 le gouverneur Iouri Slioussar, pr\u00e9cisant qu\u2019\u00a0\u00bbun employ\u00e9 gardant le site \u00e9tait mort\u00a0\u00bb.<\/p>\n<p>07h09.Un nombre record de drones lanc\u00e9s par l&rsquo;arm\u00e9e russe en juillet<\/p>\n<p class=\"live-post__amorce\">La Russie a lanc\u00e9 davantage de drones contre l&rsquo;Ukraine en juillet que lors de n&rsquo;importe quel autre mois depuis le d\u00e9but de l&rsquo;invasion en 2022, selon une analyse par l&rsquo;AFP vendredi, montrant une intensification des bombardements en d\u00e9pit des ultimatums de Donald Trump. L&rsquo;arm\u00e9e russe a tir\u00e9 6297 drones \u00e0 longue port\u00e9e contre l&rsquo;Ukraine en juillet, un chiffre en augmentation pour le troisi\u00e8me mois cons\u00e9cutif et qui constitue une hausse de 16% par rapport \u00e0 juin. Ce chiffre comprend une importante part de drones leurres, surtout destin\u00e9s \u00e0 saturer des syst\u00e8mes de d\u00e9fense antia\u00e9rienne ukrainiens d\u00e9j\u00e0 mis \u00e0 mal par l&rsquo;intensit\u00e9 des attaques. Entre janvier et juin la Russie a tripl\u00e9 le nombre de missiles envoy\u00e9s sur l&rsquo;Ukraine (77 contre 239, puis 198 en juillet), selon les donn\u00e9es analys\u00e9es par l&rsquo;AFP. <\/p>\n<p>06h59.Pourquoi Donald Trump a ordonn\u00e9 l\u2019envoi de deux sous-marins nucl\u00e9aires \u00e0 proximit\u00e9 de la Russie ?<\/p>\n<p class=\"live-post__amorce\">Donald Trump a annonc\u00e9 vendredi 1er\u00a0ao\u00fbt sur son r\u00e9seau Truth Social avoir ordonn\u00e9 que \u00ab\u00a0deux sous-marins nucl\u00e9aires soient positionn\u00e9s dans les zones appropri\u00e9es\u00a0\u00bb apr\u00e8s des commentaires jug\u00e9s \u00ab\u00a0provocateurs\u00a0\u00bb de l\u2019ancien pr\u00e9sident russe Dmitri Medvedev. \u00ab\u00a0J\u2019ai ordonn\u00e9 que deux sous-marins nucl\u00e9aires soient positionn\u00e9s dans les zones appropri\u00e9es, au cas o\u00f9 ces d\u00e9clarations idiotes et incendiaires soient plus s\u00e9rieuses que cela. Les mots comptent et peuvent souvent avoir des cons\u00e9quences impr\u00e9vues, j\u2019esp\u00e8re que cela ne sera pas le cas cette fois\u00a0\u00bb, a \u00e9crit le pr\u00e9sident am\u00e9ricain. Lire notre article  <a href=\"https:\/\/www.ladepeche.fr\/2025\/08\/01\/pourquoi-donald-trump-a-ordonne-lenvoi-de-deux-sous-marins-nucleaires-a-proximite-de-la-russie-12856480.php\" target=\"_blank\" rel=\"noopener noreferrer nofollow\" class=\"\">ici<\/a> .<\/p>\n<p class=\"std-elt__inline\">\n        <strong>\u00c0 lire aussi :<\/strong><br \/>\n        <a href=\"https:\/\/www.ladepeche.fr\/2025\/08\/01\/pourquoi-donald-trump-a-ordonne-lenvoi-de-deux-sous-marins-nucleaires-a-proximite-de-la-russie-12856480.php\" rel=\"nofollow noopener\" target=\"_blank\">Guerre en Ukraine\u00a0: pourquoi Donald Trump a ordonn\u00e9 l\u2019envoi de deux sous-marins nucl\u00e9aires \u00e0 proximit\u00e9 de la Russie\u00a0?<\/a>\n    <\/p>\n","protected":false},"excerpt":{"rendered":"12h09.L\u2019Ukraine revendique des frappes contre plusieurs sites industriels russes Le service de s\u00e9curit\u00e9 ukrainien (SBU) et l\u2019arm\u00e9e ont&hellip;\n","protected":false},"author":2,"featured_media":291220,"comment_status":"","ping_status":"","sticky":false,"template":"","format":"standard","meta":{"footnotes":""},"categories":[1591],"tags":[11,1887,12,1885,1886,132],"class_list":{"0":"post-291219","1":"post","2":"type-post","3":"status-publish","4":"format-standard","5":"has-post-thumbnail","7":"category-russie","8":"tag-actualites","9":"tag-federation-de-russie","10":"tag-news","11":"tag-russia","12":"tag-russian-federation","13":"tag-russie"},"share_on_mastodon":{"url":"","error":""},"_links":{"self":[{"href":"https:\/\/www.europesays.com\/fr\/wp-json\/wp\/v2\/posts\/291219","targetHints":{"allow":["GET"]}}],"collection":[{"href":"https:\/\/www.europesays.com\/fr\/wp-json\/wp\/v2\/posts"}],"about":[{"href":"https:\/\/www.europesays.com\/fr\/wp-json\/wp\/v2\/types\/post"}],"author":[{"embeddable":true,"href":"https:\/\/www.europesays.com\/fr\/wp-json\/wp\/v2\/users\/2"}],"replies":[{"embeddable":true,"href":"https:\/\/www.europesays.com\/fr\/wp-json\/wp\/v2\/comments?post=291219"}],"version-history":[{"count":0,"href":"https:\/\/www.europesays.com\/fr\/wp-json\/wp\/v2\/posts\/291219\/revisions"}],"wp:featuredmedia":[{"embeddable":true,"href":"https:\/\/www.europesays.com\/fr\/wp-json\/wp\/v2\/media\/291220"}],"wp:attachment":[{"href":"https:\/\/www.europesays.com\/fr\/wp-json\/wp\/v2\/media?parent=291219"}],"wp:term":[{"taxonomy":"category","embeddable":true,"href":"https:\/\/www.europesays.com\/fr\/wp-json\/wp\/v2\/categories?post=291219"},{"taxonomy":"post_tag","embeddable":true,"href":"https:\/\/www.europesays.com\/fr\/wp-json\/wp\/v2\/tags?post=291219"}],"curies":[{"name":"wp","href":"https:\/\/api.w.org\/{rel}","templated":true}]}}