{"id":291223,"date":"2025-08-02T11:25:11","date_gmt":"2025-08-02T11:25:11","guid":{"rendered":"https:\/\/www.europesays.com\/fr\/291223\/"},"modified":"2025-08-02T11:25:11","modified_gmt":"2025-08-02T11:25:11","slug":"usa-la-justice-maintient-linterdiction-darrestations-liees-a-limmigration-a-los-angeles-02-08-2025-a-1014","status":"publish","type":"post","link":"https:\/\/www.europesays.com\/fr\/291223\/","title":{"rendered":"USA-La justice maintient l&rsquo;interdiction d&rsquo;arrestations li\u00e9es \u00e0 l&rsquo;immigration \u00e0 Los Angeles &#8211; 02\/08\/2025 \u00e0 10:14"},"content":{"rendered":"<p>\n Une cour d&rsquo;appel f\u00e9d\u00e9rale a confirm\u00e9<br \/>\nvendredi en fin de journ\u00e9e la d\u00e9cision d&rsquo;un juge californien<br \/>\ninterdisant temporairement aux agents du gouvernement am\u00e9ricain<br \/>\nde proc\u00e9der \u00e0 des arrestations li\u00e9es \u00e0 l&rsquo;immigration \u00e0 Los<br \/>\nAngeles sans motif probable.\n<\/p>\n<p>\n Rejetant une demande de l&rsquo;administration du pr\u00e9sident Donald<br \/>\nTrump de suspendre la d\u00e9cision datant de juillet, la cour<br \/>\nd&rsquo;appel a estim\u00e9 que les plaignants seraient probablement en<br \/>\nmesure de prouver que les agents f\u00e9d\u00e9raux avaient proc\u00e9d\u00e9 \u00e0 des<br \/>\narrestations sur la base de l&rsquo;apparence des personnes, de leur<br \/>\nlangue et de l&rsquo;endroit o\u00f9 elles vivent ou travaillent.\n<\/p>\n<p>\n En juin, Donald Trump avait envoy\u00e9 la Garde nationale et des<br \/>\nMarines \u00e0 Los Angeles alors que la ville californienne \u00e9tait<br \/>\nsecou\u00e9e par des manifestations hostiles \u00e0 la politique du<br \/>\npr\u00e9sident en mati\u00e8re d&rsquo;immigration, une d\u00e9cision qui a aliment\u00e9<br \/>\nun d\u00e9bat national sur le recours \u00e0 l&rsquo;arm\u00e9e pour des op\u00e9rations<br \/>\nde maintien de l&rsquo;ordre sur le sol am\u00e9ricain.\n<\/p>\n<p>\n La ville de Los Angeles et d&rsquo;autres municipalit\u00e9s du sud de<br \/>\nla Californie se sont jointes \u00e0 une action en justice intent\u00e9e<br \/>\npar l&rsquo;Union am\u00e9ricaine pour les libert\u00e9s civiles, qui accuse les<br \/>\nagents f\u00e9d\u00e9raux d&rsquo;utiliser des tactiques polici\u00e8res ill\u00e9gales<br \/>\ntelles que le profilage racial pour atteindre des quotas<br \/>\nd&rsquo;arrestations d&rsquo;immigrants fix\u00e9s par l&rsquo;administration.\n<\/p>\n<p>\n Le mois dernier, un juge californien a emp\u00each\u00e9<br \/>\nl&rsquo;administration Trump de proc\u00e9der au profilage racial des<br \/>\nimmigr\u00e9s lorsqu&rsquo;elle cherche des cibles \u00e0 expulser et de leur<br \/>\nrefuser le droit d&rsquo;acc\u00e8s \u00e0 des avocats pendant leur d\u00e9tention.\n<\/p>\n<p>\n La Cour d&rsquo;appel a largement rejet\u00e9 vendredi le recours de<br \/>\nl&rsquo;administration et confirm\u00e9 la d\u00e9cision du juge californien<br \/>\nemp\u00eachant les fonctionnaires f\u00e9d\u00e9raux de d\u00e9tenir des personnes<br \/>\nuniquement sur la base de leur \u00ab\u00a0race ou ethnicit\u00e9 apparente\u00a0\u00bb ou<br \/>\ndu fait qu&rsquo;elles se trouvent dans des lieux tels qu&rsquo;un \u00ab\u00a0arr\u00eat de<br \/>\nbus, une station de lavage de voitures\u00a0\u00bb, ou encore \u00ab\u00a0un site de<br \/>\nramassage de travailleurs journaliers\u00a0\u00bb et \u00ab\u00a0un site agricole\u00a0\u00bb.\n<\/p>\n<p>\n Le d\u00e9partement de la S\u00e9curit\u00e9 int\u00e9rieure et l&rsquo;agence de<br \/>\npolice douani\u00e8re et de contr\u00f4le des fronti\u00e8res n&rsquo;ont pas r\u00e9pondu<br \/>\ndans l&rsquo;imm\u00e9diat \u00e0 des demandes de commentaires.\n<\/p>\n<p>\n (R\u00e9dig\u00e9 par Chandni Shah \u00e0 Bangalore, version fran\u00e7aise<br \/>\nBenjamin Mallet)<\/p>\n","protected":false},"excerpt":{"rendered":"Une cour d&rsquo;appel f\u00e9d\u00e9rale a confirm\u00e9 vendredi en fin de journ\u00e9e la d\u00e9cision d&rsquo;un juge californien interdisant temporairement&hellip;\n","protected":false},"author":2,"featured_media":2486,"comment_status":"","ping_status":"","sticky":false,"template":"","format":"standard","meta":{"footnotes":""},"categories":[1589],"tags":[400,11,398,408,405,73,1866,403,402,399,404,12,401,406,1864,1865,1863,308,407],"class_list":{"0":"post-291223","1":"post","2":"type-post","3":"status-publish","4":"format-standard","5":"has-post-thumbnail","7":"category-etats-unis","8":"tag-action-cac-40","9":"tag-actualites","10":"tag-bourse-de-paris","11":"tag-boursorama","12":"tag-cotations","13":"tag-etats-unis","14":"tag-etats-unis-damerique","15":"tag-indices-devises","16":"tag-investir","17":"tag-investissement","18":"tag-marche-boursier","19":"tag-news","20":"tag-sicav","21":"tag-trackers","22":"tag-united-states","23":"tag-united-states-of-america","24":"tag-us","25":"tag-usa","26":"tag-warrants"},"share_on_mastodon":{"url":"https:\/\/pubeurope.com\/@fr\/114958927501590561","error":""},"_links":{"self":[{"href":"https:\/\/www.europesays.com\/fr\/wp-json\/wp\/v2\/posts\/291223","targetHints":{"allow":["GET"]}}],"collection":[{"href":"https:\/\/www.europesays.com\/fr\/wp-json\/wp\/v2\/posts"}],"about":[{"href":"https:\/\/www.europesays.com\/fr\/wp-json\/wp\/v2\/types\/post"}],"author":[{"embeddable":true,"href":"https:\/\/www.europesays.com\/fr\/wp-json\/wp\/v2\/users\/2"}],"replies":[{"embeddable":true,"href":"https:\/\/www.europesays.com\/fr\/wp-json\/wp\/v2\/comments?post=291223"}],"version-history":[{"count":0,"href":"https:\/\/www.europesays.com\/fr\/wp-json\/wp\/v2\/posts\/291223\/revisions"}],"wp:featuredmedia":[{"embeddable":true,"href":"https:\/\/www.europesays.com\/fr\/wp-json\/wp\/v2\/media\/2486"}],"wp:attachment":[{"href":"https:\/\/www.europesays.com\/fr\/wp-json\/wp\/v2\/media?parent=291223"}],"wp:term":[{"taxonomy":"category","embeddable":true,"href":"https:\/\/www.europesays.com\/fr\/wp-json\/wp\/v2\/categories?post=291223"},{"taxonomy":"post_tag","embeddable":true,"href":"https:\/\/www.europesays.com\/fr\/wp-json\/wp\/v2\/tags?post=291223"}],"curies":[{"name":"wp","href":"https:\/\/api.w.org\/{rel}","templated":true}]}}